{"id":11826,"date":"2020-07-31T15:41:46","date_gmt":"2020-07-31T20:41:46","guid":{"rendered":"http:\/\/localhost\/wordpress\/?p=11826"},"modified":"2020-07-31T15:41:46","modified_gmt":"2020-07-31T20:41:46","slug":"prorrogan-estado-de-emergencia-nacional","status":"publish","type":"post","link":"https:\/\/gsalegal.pe\/en\/prorrogan-estado-de-emergencia-nacional\/","title":{"rendered":"Prorrogan Estado de Emergencia Nacional"},"content":{"rendered":"\t\t<div data-elementor-type=\"wp-post\" data-elementor-id=\"11826\" class=\"elementor elementor-11826\">\n\t\t\t\t\t\t<section class=\"elementor-section elementor-top-section elementor-element elementor-element-0d21c48 elementor-section-boxed elementor-section-height-default elementor-section-height-default\" data-id=\"0d21c48\" data-element_type=\"section\" data-e-type=\"section\">\n\t\t\t\t\t\t<div class=\"elementor-container elementor-column-gap-default\">\n\t\t\t\t\t<div class=\"elementor-column elementor-col-100 elementor-top-column elementor-element elementor-element-d3173fa\" data-id=\"d3173fa\" data-element_type=\"column\" data-e-type=\"column\">\n\t\t\t<div class=\"elementor-widget-wrap elementor-element-populated\">\n\t\t\t\t\t\t<div class=\"elementor-element elementor-element-2a387de elementor-widget elementor-widget-text-editor\" data-id=\"2a387de\" data-element_type=\"widget\" data-e-type=\"widget\" data-widget_type=\"text-editor.default\">\n\t\t\t\t<div class=\"elementor-widget-container\">\n\t\t\t\t\t\t\t\t\t<p>A trav\u00e9s del Decreto Supremo N\u00b0135-2020-PCM (en adelante, el Decreto Supremo) publicado el d\u00eda de hoy en la edici\u00f3n extraordinaria de \u201cEl Peruano\u201d, el Gobierno prorrog\u00f3 el Estado de Emergencia Nacional<a href=\"#_ftn1\" name=\"_ftnref1\">[1]<\/a> en todo el pa\u00eds desde el 1 de agosto de 2020 hasta el 31 de agosto de 2020, por las graves circunstancias que afectan la vida de la Naci\u00f3n a consecuencia del COVID-19. Durante el Estado de Emergencia permanecen restringidos el ejercicio de los derechos constitucionales relativos a la libertad y seguridad personales, la inviolabilidad de domicilio y la libertad de reuni\u00f3n y tr\u00e1nsito.<\/p>\n<p>Asimismo, se modificaron los art\u00edculos 2 y 3 del Decreto Supremo N\u00b0116-2020 \u2013 Decreto Supremo que establece las medidas que debe observar la ciudadan\u00eda en la Nueva Convivencia Social, disponi\u00e9ndose el aislamiento social obligatorio (cuarentena) en los departamentos de Arequipa, Ica, Jun\u00edn, Hu\u00e1nuco, San Mart\u00edn y las provincias de Tambopata del departamento de Madre de Dios, las provincias del Santa, Casma y Huaraz del departamento de Ancash, las provincias de Mariscal Nieto e Ilo del departamento de Moquegua, la provincia de Tacna del departamento de Tacna, las provincias de Cusco y La Convenci\u00f3n del departamento de Cusco, las provincias de San Rom\u00e1n y Puno del departamento de Puno, la provincia de Huancavelica del departamento de Huancavelica, en las provincias de Cajamarca, Ja\u00e9n y San Ignacio del departamento de Cajamarca, las provincias de Bagua, Condorcanqui y Utcubamba del departamento de Amazonas, y las provincias de Abancay y Andahuaylas del departamento de Apur\u00edmac.<\/p>\n<p>Adicionalmente, en estos departamentos y provincias, se dispuso el aislamiento social obligatorio de las personas en el domicilio desde las 20:00 horas hasta las 04:00 horas del d\u00eda siguiente y todo el d\u00eda domingo. En los dem\u00e1s departamentos y provincias del pa\u00eds se mantiene la inmovilizaci\u00f3n social obligatoria de todas las personas en sus domicilios de lunes a domingo desde las 22:00 horas hasta las 04:00 horas del d\u00eda siguiente.<\/p>\n<p>Durante el Estado de Emergencia Nacional se prorrogan las dem\u00e1s medidas de emergencia vigentes en el Decreto Supremo N\u00b0044-2020-PCM y sus modificatorias.<\/p>\t\t\t\t\t\t\t\t<\/div>\n\t\t\t\t<\/div>\n\t\t\t\t<div class=\"elementor-element elementor-element-d1f93bf elementor-widget-divider--view-line elementor-widget elementor-widget-divider\" data-id=\"d1f93bf\" data-element_type=\"widget\" data-e-type=\"widget\" data-widget_type=\"divider.default\">\n\t\t\t\t<div class=\"elementor-widget-container\">\n\t\t\t\t\t\t\t<div class=\"elementor-divider\">\n\t\t\t<span class=\"elementor-divider-separator\">\n\t\t\t\t\t\t<\/span>\n\t\t<\/div>\n\t\t\t\t\t\t<\/div>\n\t\t\t\t<\/div>\n\t\t\t\t<div class=\"elementor-element elementor-element-7142c61 elementor-widget elementor-widget-text-editor\" data-id=\"7142c61\" data-element_type=\"widget\" data-e-type=\"widget\" data-widget_type=\"text-editor.default\">\n\t\t\t\t<div class=\"elementor-widget-container\">\n\t\t\t\t\t\t\t\t\t<p><a href=\"http:\/\/localhost\/wordpress\/?p=11826&amp;elementor-preview=11826&amp;ver=1596227752#_ftnref1\" name=\"_ftn1\" target=\"_blank\" rel=\"noopener\">[1]<\/a>\u00a0Declarado mediante Decreto Supremo N\u00ba 044-2020-PCM, ampliado temporalmente mediante los Decretos Supremos N\u00ba 051-2020-PCM, N\u00ba 064-2020-PCM, N\u00ba 075-2020-PCM, N\u00ba 083-2020-PCM, N\u00ba 094-2020-PCM y N\u00ba 116-2020-PCM; y precisado o modificado por los Decretos Supremos N\u00ba 045-2020-PCM, N\u00ba 046-2020-PCM, N\u00ba 051-2020-PCM, N\u00ba 053-2020-PCM, N\u00ba 057-2020-PCM, N\u00ba 058-2020-PCM, N\u00ba 061-2020-PCM, N\u00ba 063-2020-PCM, N\u00ba 064-2020-PCM, N\u00ba 068-2020-PCM, N\u00ba 072-2020-PCM, N\u00ba 083-2020-PCM, N\u00ba 094-2020-PCM, N\u00ba 110-2020-PCM, N\u00ba 116-2020-PCM, N\u00ba 117-2020-PCM y N\u00ba 129-2020-PCM.<\/p>\t\t\t\t\t\t\t\t<\/div>\n\t\t\t\t<\/div>\n\t\t\t\t\t<\/div>\n\t\t<\/div>\n\t\t\t\t\t<\/div>\n\t\t<\/section>\n\t\t\t\t<section class=\"elementor-section elementor-top-section elementor-element elementor-element-576a075 elementor-section-boxed elementor-section-height-default elementor-section-height-default\" data-id=\"576a075\" data-element_type=\"section\" data-e-type=\"section\">\n\t\t\t\t\t\t<div class=\"elementor-container elementor-column-gap-default\">\n\t\t\t\t\t<div class=\"elementor-column elementor-col-100 elementor-top-column elementor-element elementor-element-32f9969\" data-id=\"32f9969\" data-element_type=\"column\" data-e-type=\"column\">\n\t\t\t<div class=\"elementor-widget-wrap elementor-element-populated\">\n\t\t\t\t\t\t<div class=\"elementor-element elementor-element-d759fb6 elementor-widget-divider--view-line elementor-widget elementor-widget-divider\" data-id=\"d759fb6\" data-element_type=\"widget\" data-e-type=\"widget\" data-widget_type=\"divider.default\">\n\t\t\t\t<div class=\"elementor-widget-container\">\n\t\t\t\t\t\t\t<div class=\"elementor-divider\">\n\t\t\t<span class=\"elementor-divider-separator\">\n\t\t\t\t\t\t<\/span>\n\t\t<\/div>\n\t\t\t\t\t\t<\/div>\n\t\t\t\t<\/div>\n\t\t\t\t<div class=\"elementor-element elementor-element-4527ad4 elementor-widget elementor-widget-text-editor\" data-id=\"4527ad4\" data-element_type=\"widget\" data-e-type=\"widget\" data-widget_type=\"text-editor.default\">\n\t\t\t\t<div class=\"elementor-widget-container\">\n\t\t\t\t\t\t\t\t\t<p>Para mayor informaci\u00f3n sobre el tema tratado contactarse con los abogados del Estudio:<\/p><p>Dr. Luis Gasta\u00f1eta, Dr. Agust\u00edn Yrigoyen, Dra. Shirley C\u00e1rdenas, Dr. Alfonso Tola, Dra. Mar\u00eda Soledad Gasta\u00f1eta y el Dr. Sergio Chang.<\/p>\t\t\t\t\t\t\t\t<\/div>\n\t\t\t\t<\/div>\n\t\t\t\t<div class=\"elementor-element elementor-element-862ec22 elementor-widget-divider--view-line elementor-widget elementor-widget-divider\" data-id=\"862ec22\" data-element_type=\"widget\" data-e-type=\"widget\" data-widget_type=\"divider.default\">\n\t\t\t\t<div class=\"elementor-widget-container\">\n\t\t\t\t\t\t\t<div class=\"elementor-divider\">\n\t\t\t<span class=\"elementor-divider-separator\">\n\t\t\t\t\t\t<\/span>\n\t\t<\/div>\n\t\t\t\t\t\t<\/div>\n\t\t\t\t<\/div>\n\t\t\t\t<div class=\"elementor-element elementor-element-ada7cad elementor-widget elementor-widget-text-editor\" data-id=\"ada7cad\" data-element_type=\"widget\" data-e-type=\"widget\" data-widget_type=\"text-editor.default\">\n\t\t\t\t<div class=\"elementor-widget-container\">\n\t\t\t\t\t\t\t\t\t<p style=\"margin-bottom: .0001pt; text-align: justify; line-height: normal; mso-layout-grid-align: none; text-autospace: none;\"><span lang=\"ES\" style=\"font-size: 10.0pt; font-family: 'Arial Narrow',sans-serif; mso-fareast-font-family: 'Times New Roman'; mso-bidi-font-family: ArialNarrow; color: gray; mso-ansi-language: ES; mso-fareast-language: ES;\">La informaci\u00f3n contenida en este documento no constituye ni pretende constituir asesor\u00eda o asistencia legal directa o indirecta de ninguna especie, ni establece ning\u00fan tipo de relaci\u00f3n profesional.<\/span><\/p><p>\u00a0<\/p><p style=\"margin-bottom: .0001pt; text-align: justify; line-height: normal; mso-layout-grid-align: none; text-autospace: none;\"><span lang=\"ES\" style=\"font-size: 10.0pt; font-family: 'Arial Narrow',sans-serif; mso-fareast-font-family: 'Times New Roman'; mso-bidi-font-family: ArialNarrow; color: gray; mso-ansi-language: ES; mso-fareast-language: ES;\">Asimismo, tampoco pretende hacer publicidad de los servicios prestados por nuestra firma ni por ninguno de sus abogados. El \u00fanico prop\u00f3sito es dar informaci\u00f3n de car\u00e1cter general respecto de temas que pueden ser de inter\u00e9s para los clientes y amigos de nuestra firma. Este informativo, as\u00ed como otros informes generales y art\u00edculos de inter\u00e9s preparados por los abogados del Estudio, podr\u00e1n encontrarse en nuestra p\u00e1gina web:\u00a0<\/span><a style=\"background-color: #ffffff;\" href=\"http:\/\/localhost\/wordpress.pe\" target=\"_blank\" rel=\"noopener\">www.garciasayan.com.pe<\/a><\/p>\t\t\t\t\t\t\t\t<\/div>\n\t\t\t\t<\/div>\n\t\t\t\t\t<\/div>\n\t\t<\/div>\n\t\t\t\t\t<\/div>\n\t\t<\/section>\n\t\t\t\t<\/div>\n\t\t","protected":false},"excerpt":{"rendered":"<p>A trav\u00e9s del Decreto Supremo N\u00b0135-2020-PCM (en adelante, el Decreto Supremo) publicado el d\u00eda de hoy en la edici\u00f3n extraordinaria de \u201cEl Peruano\u201d, el Gobierno prorrog\u00f3 el Estado de Emergencia Nacional[1] en todo el pa\u00eds desde el 1 de agosto de 2020 hasta el 31 de agosto de 2020, por las graves circunstancias que afectan [&hellip;]<\/p>\n","protected":false},"author":5,"featured_media":9729,"comment_status":"closed","ping_status":"open","sticky":false,"template":"","format":"standard","meta":{"nf_dc_page":"","content-type":"","footnotes":""},"categories":[90,76],"class_list":["post-11826","post","type-post","status-publish","format-standard","has-post-thumbnail","hentry","category-boletin-informativo","category-corporativo"],"_links":{"self":[{"href":"https:\/\/gsalegal.pe\/en\/wp-json\/wp\/v2\/posts\/11826","targetHints":{"allow":["GET"]}}],"collection":[{"href":"https:\/\/gsalegal.pe\/en\/wp-json\/wp\/v2\/posts"}],"about":[{"href":"https:\/\/gsalegal.pe\/en\/wp-json\/wp\/v2\/types\/post"}],"author":[{"embeddable":true,"href":"https:\/\/gsalegal.pe\/en\/wp-json\/wp\/v2\/users\/5"}],"replies":[{"embeddable":true,"href":"https:\/\/gsalegal.pe\/en\/wp-json\/wp\/v2\/comments?post=11826"}],"version-history":[{"count":0,"href":"https:\/\/gsalegal.pe\/en\/wp-json\/wp\/v2\/posts\/11826\/revisions"}],"wp:featuredmedia":[{"embeddable":true,"href":"https:\/\/gsalegal.pe\/en\/wp-json\/"}],"wp:attachment":[{"href":"https:\/\/gsalegal.pe\/en\/wp-json\/wp\/v2\/media?parent=11826"}],"wp:term":[{"taxonomy":"category","embeddable":true,"href":"https:\/\/gsalegal.pe\/en\/wp-json\/wp\/v2\/categories?post=11826"}],"curies":[{"name":"wp","href":"https:\/\/api.w.org\/{rel}","templated":true}]}}