{"id":11831,"date":"2020-08-03T14:12:37","date_gmt":"2020-08-03T19:12:37","guid":{"rendered":"http:\/\/localhost\/wordpress\/?p=11831"},"modified":"2020-08-03T14:12:37","modified_gmt":"2020-08-03T19:12:37","slug":"modifican-limites-de-garantia-y-criterios-de-elegibilidad-de-fae-turismo-y-fae-agro","status":"publish","type":"post","link":"https:\/\/gsalegal.pe\/en\/modifican-limites-de-garantia-y-criterios-de-elegibilidad-de-fae-turismo-y-fae-agro\/","title":{"rendered":"Modifican l\u00edmites de garant\u00eda y criterios de elegibilidad de FAE-Turismo y FAE-AGRO"},"content":{"rendered":"\t\t<div data-elementor-type=\"wp-post\" data-elementor-id=\"11831\" class=\"elementor elementor-11831\">\n\t\t\t\t\t\t<section class=\"elementor-section elementor-top-section elementor-element elementor-element-13ca74b elementor-section-boxed elementor-section-height-default elementor-section-height-default\" data-id=\"13ca74b\" data-element_type=\"section\" data-e-type=\"section\">\n\t\t\t\t\t\t<div class=\"elementor-container elementor-column-gap-default\">\n\t\t\t\t\t<div class=\"elementor-column elementor-col-100 elementor-top-column elementor-element elementor-element-361c1e3\" data-id=\"361c1e3\" data-element_type=\"column\" data-e-type=\"column\">\n\t\t\t<div class=\"elementor-widget-wrap elementor-element-populated\">\n\t\t\t\t\t\t<div class=\"elementor-element elementor-element-4d01e4d elementor-widget elementor-widget-text-editor\" data-id=\"4d01e4d\" data-element_type=\"widget\" data-e-type=\"widget\" data-widget_type=\"text-editor.default\">\n\t\t\t\t<div class=\"elementor-widget-container\">\n\t\t\t\t\t\t\t\t\t<p>El Ministerio de Econom\u00eda y Finanzas modific\u00f3 el l\u00edmite de garant\u00eda y criterios de elegibilidad de los beneficiarios del Fondo de Apoyo Empresarial a la MYPE del Sector Turismo \u2013 FAE-TURISMO<a href=\"#_ftn1\" name=\"_ftnref1\">[1]<\/a> y del Programa de Garant\u00eda del Gobierno Nacional para el Financiamiento Agrario Empresarial \u2013 FAE-AGRO<a href=\"#_ftn2\" name=\"_ftnref2\">[2]<\/a>, seg\u00fan se detalla a continuaci\u00f3n:<\/p><p><strong>Fondo de Apoyo Empresarial a la MYPE del Sector Turismo \u2013 FAE TURISMO:<\/strong><\/p><ul><li>La garant\u00eda que otorga FAE-TURISMO cubrir\u00e1 como m\u00e1ximo, el monto equivalente a tres veces el promedio mensual de deuda de capital de trabajo registrado por la MYPE, en el a\u00f1o 2019, en empresas del sistema financiero o COOPAC<a href=\"#_ftn3\" name=\"_ftnref3\">[3]<\/a>. Alternativamente, tambi\u00e9n se puede considerar el monto equivalente a cuatro meses el nivel de venta<a href=\"#_ftn4\" name=\"_ftnref4\">[4]<\/a> promedio mensual del a\u00f1o 2019, seg\u00fan los registros de la SUNAT.<\/li><\/ul><ul><li>El l\u00edmite de la garant\u00eda individual que otorga el FAE-TURISMO es para los cr\u00e9ditos destinados \u00fanicamente a capital de trabajo de las MYPE.<\/li><\/ul><ul><li>Se incluye un nuevo criterio de elegibilidad, siendo no elegibles las MYPE que se encuentren vinculadas<a href=\"#_ftn5\" name=\"_ftnref5\"><sup>[5]<\/sup><\/a> a las ESF y a las COOPAC otorgantes del cr\u00e9dito. Asimismo, se elimina el criterio de elegibilidad que excluye a las MYPE que se hayan acogido al Procedimiento Acelerado de Refinanciaci\u00f3n Concursal (PARC)<a href=\"#_ftn6\" name=\"_ftnref6\">[6]<\/a> o hayan presentado solicitud de acogimiento a dicho Programa.<\/li><\/ul><ul><li>Los cr\u00e9ditos otorgados bajo los t\u00e9rminos y condiciones del FAE-TURISMO no podr\u00e1n ser objeto de refinanciaci\u00f3n ni reestructuraci\u00f3n a trav\u00e9s del PARC u otro esquema concursal.<\/li><\/ul><ol start=\"2\"><li><strong>Programa de Garant\u00eda del Gobierno Nacional para el Financiamiento Agrario Empresarial \u2013 FAE-AGRO: <\/strong><\/li><\/ol><p>El l\u00edmite de la garant\u00eda individual que otorga el FAE-AGRO es para los cr\u00e9ditos destinados \u00fanicamente a capital de trabajo de los peque\u00f1os productores agrarios. Esta garant\u00eda, otorgada a trav\u00e9s de COFIDE a las ESF y las COOPAC, se aplica de acuerdo con los siguientes porcentajes de cobertura de la cartera por deudor (ya no se indica que ello se hace efectivo previo al castigo):<\/p><table><tbody><tr><td width=\"283\">Monto de cr\u00e9ditos (en soles)<\/td><td width=\"283\">Garant\u00eda (%)<\/td><\/tr><tr><td width=\"283\">Hasta S\/15,000.00<\/td><td width=\"283\">98<\/td><\/tr><tr><td width=\"283\">Hasta S\/15,001.00 a S\/30,000.00<\/td><td width=\"283\">95<\/td><\/tr><\/tbody><\/table><ul><li>Son elegibles como beneficiarios, los peque\u00f1os productores agrarios que adem\u00e1s de obtener cr\u00e9ditos para el capital de trabajo destinados a la campa\u00f1a agr\u00edcola 2020- 2021, se encuentren clasificados en el Sistema Financiero, al 29 de febrero de 2020 en la Central de Riesgo de la SBS, en la categor\u00eda de \u201cNormal\u201d o \u201cCon Problemas Potenciales\u201d (CPP)<a href=\"#_ftn7\" name=\"_ftnref7\">[7]<\/a>. Los beneficiarios deber\u00e1n cumplir ambos requisitos.<\/li><li>Se incluye un nuevo criterio de elegibilidad, siendo excluidos de FAE-AGRO a los peque\u00f1os productores que se encuentren vinculados a las ESF o a las COOPAC otorgantes del cr\u00e9dito.<\/li><\/ul><p>As\u00ed consta en el Decreto Supremo N\u00b0212-2020-EF publicado el d\u00eda de hoy.<\/p>\t\t\t\t\t\t\t\t<\/div>\n\t\t\t\t<\/div>\n\t\t\t\t\t<\/div>\n\t\t<\/div>\n\t\t\t\t\t<\/div>\n\t\t<\/section>\n\t\t\t\t<section class=\"elementor-section elementor-top-section elementor-element elementor-element-115440d elementor-section-boxed elementor-section-height-default elementor-section-height-default\" data-id=\"115440d\" data-element_type=\"section\" data-e-type=\"section\">\n\t\t\t\t\t\t<div class=\"elementor-container elementor-column-gap-default\">\n\t\t\t\t\t<div class=\"elementor-column elementor-col-100 elementor-top-column elementor-element elementor-element-bc52d3c\" data-id=\"bc52d3c\" data-element_type=\"column\" data-e-type=\"column\">\n\t\t\t<div class=\"elementor-widget-wrap elementor-element-populated\">\n\t\t\t\t\t\t<div class=\"elementor-element elementor-element-70e0efb elementor-widget-divider--view-line elementor-widget elementor-widget-divider\" data-id=\"70e0efb\" data-element_type=\"widget\" data-e-type=\"widget\" data-widget_type=\"divider.default\">\n\t\t\t\t<div class=\"elementor-widget-container\">\n\t\t\t\t\t\t\t<div class=\"elementor-divider\">\n\t\t\t<span class=\"elementor-divider-separator\">\n\t\t\t\t\t\t<\/span>\n\t\t<\/div>\n\t\t\t\t\t\t<\/div>\n\t\t\t\t<\/div>\n\t\t\t\t\t<\/div>\n\t\t<\/div>\n\t\t\t\t\t<\/div>\n\t\t<\/section>\n\t\t\t\t<section class=\"elementor-section elementor-top-section elementor-element elementor-element-06dfbb9 elementor-section-boxed elementor-section-height-default elementor-section-height-default\" data-id=\"06dfbb9\" data-element_type=\"section\" data-e-type=\"section\">\n\t\t\t\t\t\t<div class=\"elementor-container elementor-column-gap-default\">\n\t\t\t\t\t<div class=\"elementor-column elementor-col-100 elementor-top-column elementor-element elementor-element-a190dfa\" data-id=\"a190dfa\" data-element_type=\"column\" data-e-type=\"column\">\n\t\t\t<div class=\"elementor-widget-wrap elementor-element-populated\">\n\t\t\t\t\t\t<div class=\"elementor-element elementor-element-92ccd06 elementor-widget elementor-widget-text-editor\" data-id=\"92ccd06\" data-element_type=\"widget\" data-e-type=\"widget\" data-widget_type=\"text-editor.default\">\n\t\t\t\t<div class=\"elementor-widget-container\">\n\t\t\t\t\t\t\t\t\t<p><a href=\"http:\/\/localhost\/wordpress\/?p=11831&amp;elementor-preview=11831&amp;ver=1596481959#_ftnref1\" name=\"_ftn1\" target=\"_blank\" rel=\"noopener\">[1]<\/a>\u00a0Creado por el Decreto de Urgencia N\u00ba 076-2020, Decreto de Urgencia que dicta medidas complementarias destinadas al financiamiento de la micro y peque\u00f1a empresa del Sector Turismo para la reducci\u00f3n del impacto del COVID-19 y otras medidas.<\/p><p><a href=\"http:\/\/localhost\/wordpress\/?p=11831&amp;elementor-preview=11831&amp;ver=1596481959#_ftnref2\" name=\"_ftn2\" target=\"_blank\" rel=\"noopener\">[2]<\/a>\u00a0Creado por el Decreto de Urgencia N\u00ba 082-2020, Decreto de Urgencia que dicta medidas complementarias destinadas al financiamiento de los peque\u00f1os productores agrarios del Sector Agrario para la reducci\u00f3n del impacto del COVID-19 y otras medidas.<\/p><p><a href=\"http:\/\/localhost\/wordpress\/?p=11831&amp;elementor-preview=11831&amp;ver=1596481959#_ftnref3\" name=\"_ftn3\" target=\"_blank\" rel=\"noopener\">[3]<\/a>\u00a0No se consideran los cr\u00e9ditos de consumo, ni hipotecarios para vivienda. Asimismo, a efectos de determinar la deuda de capital de trabajo, se toma en cuenta la deuda total de la MYPE en el a\u00f1o 2019 en la ESF o COOPAC, seg\u00fan los par\u00e1metros establecidos por la SBS.<\/p><p><a href=\"http:\/\/localhost\/wordpress\/?p=11831&amp;elementor-preview=11831&amp;ver=1596481959#_ftnref4\" name=\"_ftn4\" target=\"_blank\" rel=\"noopener\">[4]<\/a>\u00a0A efectos de determinar el nivel de venta, se toma en cuenta el monto equivalente a cuatro meses de sus ingresos y\/o compras promedio mensual del a\u00f1o 2019, de acuerdo con el r\u00e9gimen tributario del contribuyente.<\/p><p><a href=\"http:\/\/localhost\/wordpress\/?p=11831&amp;elementor-preview=11831&amp;ver=1596481959#_ftnref5\" name=\"_ftn5\" target=\"_blank\" rel=\"noopener\">[5]<\/a>\u00a0Para la determinaci\u00f3n de la vinculaci\u00f3n se deben tomar en consideraci\u00f3n los criterios establecidos por la SBS mediante Resoluci\u00f3n SBS N\u00ba 5780-2015, que aprueba las nuevas Normas Especiales sobre Vinculaci\u00f3n y Grupo Econ\u00f3mico. quedando imposibilitadas de acceder a FAE-TURISMO<\/p><p><a href=\"http:\/\/localhost\/wordpress\/?p=11831&amp;elementor-preview=11831&amp;ver=1596481959#_ftnref6\" name=\"_ftn6\" target=\"_blank\" rel=\"noopener\">[6]<\/a>\u00a0Creado mediante el Decreto Legislativo N\u00b0 1511, Decreto Legislativo que crea el Procedimiento Acelerado de Refinanciaci\u00f3n Concursal (\u201cPARC\u201d) para asegurar la continuidad en la cadena de pagos ante el impacto del COVID-19.<\/p><p><a href=\"http:\/\/localhost\/wordpress\/?p=11831&amp;elementor-preview=11831&amp;ver=1596481959#_ftnref7\" name=\"_ftn7\" target=\"_blank\" rel=\"noopener\">[7]<\/a>\u00a0En caso el productor agrario se financie a trav\u00e9s de una COOPAC y no cuente con informaci\u00f3n en la Central de Riesgo de la SBS, el criterio de elegibilidad se puede establecer en el Reglamento Operativo. En caso de no contar con clasificaci\u00f3n a dicha fecha, los peque\u00f1os productores agrarios no tienen que haber estado en una categor\u00eda diferente a la categor\u00eda \u201cNormal\u201d considerando los 12 meses previos al otorgamiento del pr\u00e9stamo. Tambi\u00e9n se considerar\u00e1n con categor\u00eda \u201cNormal\u201d aquellas que no cuenten con ninguna clasificaci\u00f3n en los \u00faltimos 12 meses.<\/p>\t\t\t\t\t\t\t\t<\/div>\n\t\t\t\t<\/div>\n\t\t\t\t\t<\/div>\n\t\t<\/div>\n\t\t\t\t\t<\/div>\n\t\t<\/section>\n\t\t\t\t<section class=\"elementor-section elementor-top-section elementor-element elementor-element-6e1188b elementor-section-boxed elementor-section-height-default elementor-section-height-default\" data-id=\"6e1188b\" data-element_type=\"section\" data-e-type=\"section\">\n\t\t\t\t\t\t<div class=\"elementor-container elementor-column-gap-default\">\n\t\t\t\t\t<div class=\"elementor-column elementor-col-100 elementor-top-column elementor-element elementor-element-21ca87b\" data-id=\"21ca87b\" data-element_type=\"column\" data-e-type=\"column\">\n\t\t\t<div class=\"elementor-widget-wrap elementor-element-populated\">\n\t\t\t\t\t\t<div class=\"elementor-element elementor-element-19eabea elementor-widget-divider--view-line elementor-widget elementor-widget-divider\" data-id=\"19eabea\" data-element_type=\"widget\" data-e-type=\"widget\" data-widget_type=\"divider.default\">\n\t\t\t\t<div class=\"elementor-widget-container\">\n\t\t\t\t\t\t\t<div class=\"elementor-divider\">\n\t\t\t<span class=\"elementor-divider-separator\">\n\t\t\t\t\t\t<\/span>\n\t\t<\/div>\n\t\t\t\t\t\t<\/div>\n\t\t\t\t<\/div>\n\t\t\t\t\t<\/div>\n\t\t<\/div>\n\t\t\t\t\t<\/div>\n\t\t<\/section>\n\t\t\t\t<section class=\"elementor-section elementor-top-section elementor-element elementor-element-fdb6858 elementor-section-boxed elementor-section-height-default elementor-section-height-default\" data-id=\"fdb6858\" data-element_type=\"section\" data-e-type=\"section\">\n\t\t\t\t\t\t<div class=\"elementor-container elementor-column-gap-default\">\n\t\t\t\t\t<div class=\"elementor-column elementor-col-100 elementor-top-column elementor-element elementor-element-861ba2c\" data-id=\"861ba2c\" data-element_type=\"column\" data-e-type=\"column\">\n\t\t\t<div class=\"elementor-widget-wrap elementor-element-populated\">\n\t\t\t\t\t\t<div class=\"elementor-element elementor-element-a255cbb elementor-widget elementor-widget-text-editor\" data-id=\"a255cbb\" data-element_type=\"widget\" data-e-type=\"widget\" data-widget_type=\"text-editor.default\">\n\t\t\t\t<div class=\"elementor-widget-container\">\n\t\t\t\t\t\t\t\t\t<p>Para mayor informaci\u00f3n sobre el tema tratado contactarse con los abogados del Estudio:<\/p><p>Dr. Luis Gasta\u00f1eta, Dr. Agust\u00edn Yrigoyen, Dra. Shirley C\u00e1rdenas, Dr. Alfonso Tola, Dra. Mar\u00eda Soledad Gasta\u00f1eta y el Dr. Sergio Chang.<\/p>\t\t\t\t\t\t\t\t<\/div>\n\t\t\t\t<\/div>\n\t\t\t\t\t<\/div>\n\t\t<\/div>\n\t\t\t\t\t<\/div>\n\t\t<\/section>\n\t\t\t\t<section class=\"elementor-section elementor-top-section elementor-element elementor-element-452566c elementor-section-boxed elementor-section-height-default elementor-section-height-default\" data-id=\"452566c\" data-element_type=\"section\" data-e-type=\"section\">\n\t\t\t\t\t\t<div class=\"elementor-container elementor-column-gap-default\">\n\t\t\t\t\t<div class=\"elementor-column elementor-col-100 elementor-top-column elementor-element elementor-element-bfc4c8b\" data-id=\"bfc4c8b\" data-element_type=\"column\" data-e-type=\"column\">\n\t\t\t<div class=\"elementor-widget-wrap elementor-element-populated\">\n\t\t\t\t\t\t<div class=\"elementor-element elementor-element-9ac6cac elementor-widget-divider--view-line elementor-widget elementor-widget-divider\" data-id=\"9ac6cac\" data-element_type=\"widget\" data-e-type=\"widget\" data-widget_type=\"divider.default\">\n\t\t\t\t<div class=\"elementor-widget-container\">\n\t\t\t\t\t\t\t<div class=\"elementor-divider\">\n\t\t\t<span class=\"elementor-divider-separator\">\n\t\t\t\t\t\t<\/span>\n\t\t<\/div>\n\t\t\t\t\t\t<\/div>\n\t\t\t\t<\/div>\n\t\t\t\t\t<\/div>\n\t\t<\/div>\n\t\t\t\t\t<\/div>\n\t\t<\/section>\n\t\t\t\t<section class=\"elementor-section elementor-top-section elementor-element elementor-element-f37173a elementor-section-boxed elementor-section-height-default elementor-section-height-default\" data-id=\"f37173a\" data-element_type=\"section\" data-e-type=\"section\">\n\t\t\t\t\t\t<div class=\"elementor-container elementor-column-gap-default\">\n\t\t\t\t\t<div class=\"elementor-column elementor-col-100 elementor-top-column elementor-element elementor-element-aba5bb8\" data-id=\"aba5bb8\" data-element_type=\"column\" data-e-type=\"column\">\n\t\t\t<div class=\"elementor-widget-wrap elementor-element-populated\">\n\t\t\t\t\t\t<div class=\"elementor-element elementor-element-6573dc7 elementor-widget elementor-widget-text-editor\" data-id=\"6573dc7\" data-element_type=\"widget\" data-e-type=\"widget\" data-widget_type=\"text-editor.default\">\n\t\t\t\t<div class=\"elementor-widget-container\">\n\t\t\t\t\t\t\t\t\t<p style=\"margin-bottom: .0001pt; text-align: justify; line-height: normal; mso-layout-grid-align: none; text-autospace: none;\"><span lang=\"ES\" style=\"font-size: 10.0pt; font-family: 'Arial Narrow',sans-serif; mso-fareast-font-family: 'Times New Roman'; mso-bidi-font-family: ArialNarrow; color: gray; mso-ansi-language: ES; mso-fareast-language: ES;\">La informaci\u00f3n contenida en este documento no constituye ni pretende constituir asesor\u00eda o asistencia legal directa o indirecta de ninguna especie, ni establece ning\u00fan tipo de relaci\u00f3n profesional.<\/span><\/p><p>\u00a0<\/p><p style=\"margin-bottom: .0001pt; text-align: justify; line-height: normal; mso-layout-grid-align: none; text-autospace: none;\"><span lang=\"ES\" style=\"font-size: 10.0pt; font-family: 'Arial Narrow',sans-serif; mso-fareast-font-family: 'Times New Roman'; mso-bidi-font-family: ArialNarrow; color: gray; mso-ansi-language: ES; mso-fareast-language: ES;\">Asimismo, tampoco pretende hacer publicidad de los servicios prestados por nuestra firma ni por ninguno de sus abogados. El \u00fanico prop\u00f3sito es dar informaci\u00f3n de car\u00e1cter general respecto de temas que pueden ser de inter\u00e9s para los clientes y amigos de nuestra firma. Este informativo, as\u00ed como otros informes generales y art\u00edculos de inter\u00e9s preparados por los abogados del Estudio, podr\u00e1n encontrarse en nuestra p\u00e1gina web:\u00a0<\/span><a style=\"background-color: #ffffff;\" href=\"http:\/\/localhost\/wordpress.pe\" target=\"_blank\" rel=\"noopener\">www.garciasayan.com.pe<\/a><\/p>\t\t\t\t\t\t\t\t<\/div>\n\t\t\t\t<\/div>\n\t\t\t\t\t<\/div>\n\t\t<\/div>\n\t\t\t\t\t<\/div>\n\t\t<\/section>\n\t\t\t\t<\/div>\n\t\t","protected":false},"excerpt":{"rendered":"<p>El Ministerio de Econom\u00eda y Finanzas modific\u00f3 el l\u00edmite de garant\u00eda y criterios de elegibilidad de los beneficiarios del Fondo de Apoyo Empresarial a la MYPE del Sector Turismo \u2013 FAE-TURISMO[1] y del Programa de Garant\u00eda del Gobierno Nacional para el Financiamiento Agrario Empresarial \u2013 FAE-AGRO[2], seg\u00fan se detalla a continuaci\u00f3n: Fondo de Apoyo Empresarial [&hellip;]<\/p>\n","protected":false},"author":5,"featured_media":9301,"comment_status":"closed","ping_status":"open","sticky":false,"template":"","format":"standard","meta":{"nf_dc_page":"","content-type":"","footnotes":""},"categories":[90,76],"class_list":["post-11831","post","type-post","status-publish","format-standard","has-post-thumbnail","hentry","category-boletin-informativo","category-corporativo"],"_links":{"self":[{"href":"https:\/\/gsalegal.pe\/en\/wp-json\/wp\/v2\/posts\/11831","targetHints":{"allow":["GET"]}}],"collection":[{"href":"https:\/\/gsalegal.pe\/en\/wp-json\/wp\/v2\/posts"}],"about":[{"href":"https:\/\/gsalegal.pe\/en\/wp-json\/wp\/v2\/types\/post"}],"author":[{"embeddable":true,"href":"https:\/\/gsalegal.pe\/en\/wp-json\/wp\/v2\/users\/5"}],"replies":[{"embeddable":true,"href":"https:\/\/gsalegal.pe\/en\/wp-json\/wp\/v2\/comments?post=11831"}],"version-history":[{"count":0,"href":"https:\/\/gsalegal.pe\/en\/wp-json\/wp\/v2\/posts\/11831\/revisions"}],"wp:featuredmedia":[{"embeddable":true,"href":"https:\/\/gsalegal.pe\/en\/wp-json\/"}],"wp:attachment":[{"href":"https:\/\/gsalegal.pe\/en\/wp-json\/wp\/v2\/media?parent=11831"}],"wp:term":[{"taxonomy":"category","embeddable":true,"href":"https:\/\/gsalegal.pe\/en\/wp-json\/wp\/v2\/categories?post=11831"}],"curies":[{"name":"wp","href":"https:\/\/api.w.org\/{rel}","templated":true}]}}