{"id":11899,"date":"2020-08-06T15:17:55","date_gmt":"2020-08-06T20:17:55","guid":{"rendered":"http:\/\/localhost\/wordpress\/?p=11899"},"modified":"2020-08-06T15:17:55","modified_gmt":"2020-08-06T20:17:55","slug":"sunafil-prorrogan-suspension-del-computo-de-plazos-administrativos","status":"publish","type":"post","link":"https:\/\/gsalegal.pe\/en\/sunafil-prorrogan-suspension-del-computo-de-plazos-administrativos\/","title":{"rendered":"SUNAFIL: Prorrogan suspensi\u00f3n del c\u00f3mputo de plazos administrativos"},"content":{"rendered":"\t\t<div data-elementor-type=\"wp-post\" data-elementor-id=\"11899\" class=\"elementor elementor-11899\">\n\t\t\t\t\t\t<section class=\"elementor-section elementor-top-section elementor-element elementor-element-25d5375 elementor-section-boxed elementor-section-height-default elementor-section-height-default\" data-id=\"25d5375\" data-element_type=\"section\" data-e-type=\"section\">\n\t\t\t\t\t\t<div class=\"elementor-container elementor-column-gap-default\">\n\t\t\t\t\t<div class=\"elementor-column elementor-col-100 elementor-top-column elementor-element elementor-element-6f37e509\" data-id=\"6f37e509\" data-element_type=\"column\" data-e-type=\"column\">\n\t\t\t<div class=\"elementor-widget-wrap elementor-element-populated\">\n\t\t\t\t\t\t<div class=\"elementor-element elementor-element-1cc14664 elementor-widget elementor-widget-text-editor\" data-id=\"1cc14664\" data-element_type=\"widget\" data-e-type=\"widget\" data-widget_type=\"text-editor.default\">\n\t\t\t\t<div class=\"elementor-widget-container\">\n\t\t\t\t\t\t\t\t\t<p>Con fecha 6 de agosto de 2020 mediante Resoluci\u00f3n de Superintendencia N\u00ba119-2020-SUNAFIL se ha dispuesto la pr\u00f3rroga, <strong><u>por el periodo comprendido del 1 al 31 de agosto de 2020<\/u><\/strong>, de la suspensi\u00f3n del c\u00f3mputo de plazos de las actuaciones inspectivas y de los procedimientos administrativos sancionadores del Sistema de Inspecci\u00f3n del Trabajo (SIT), en los departamentos de Arequipa, Ica, Jun\u00edn, H\u00faanuco, San Mart\u00edn, Madre de Dios, \u00c1ncash; \u00a0as\u00ed como \u00a0en la provincia de Tambopata del departamento de Madre de Dios, en las provincias del Santa, Casma y Huaraz del departamento de Ancash, en las provincias de Mariscal Nieto e Ilo del departamento de Moquegua, en la provincia de Tacna del departamento de Tacna, en las provincias de Cusco y La Convencio\u0301n del departamento de Cusco, en las provincias de San Roma\u0301n y Puno del departamento de Puno, en la provincia de Huancavelica del departamento de Huancavelica, en las provincias de Cajamarca, Jae\u0301n y San Ignacio del departamento de Cajamarca, en las provincias de Bagua, Condorcanqui y Utcubamba del departamento de Amazonas, y en las provincias de Abancay y Andahuaylas del departamento de Apuri\u0301mac.<\/p>\n<p>\u00a0<\/p>\n<p>Aunado a ello, <strong><u>se incorpora en la suspensi\u00f3n del c\u00f3mputo de plazos<\/u><\/strong> de las actuaciones inspectivas y de los procedimientos administrativos sancionadores del SIT, <strong><u>por el periodo comprendido del 26 de julio al 31 de julio del 2020<\/u><\/strong>, a las provincias de Cajamarca, Jae\u0301n y San Ignacio del departamento de Cajamarca y en la provincia de La Convencio\u0301n del departamento de Cusco.<\/p>\n\t\t\t\t\t\t\t\t<\/div>\n\t\t\t\t<\/div>\n\t\t\t\t\t<\/div>\n\t\t<\/div>\n\t\t\t\t\t<\/div>\n\t\t<\/section>\n\t\t\t\t<section class=\"elementor-section elementor-top-section elementor-element elementor-element-b235533 elementor-section-boxed elementor-section-height-default elementor-section-height-default\" data-id=\"b235533\" data-element_type=\"section\" data-e-type=\"section\">\n\t\t\t\t\t\t<div class=\"elementor-container elementor-column-gap-default\">\n\t\t\t\t\t<div class=\"elementor-column elementor-col-100 elementor-top-column elementor-element elementor-element-cba917b\" data-id=\"cba917b\" data-element_type=\"column\" data-e-type=\"column\">\n\t\t\t<div class=\"elementor-widget-wrap elementor-element-populated\">\n\t\t\t\t\t\t<div class=\"elementor-element elementor-element-0e6b9ce elementor-widget-divider--view-line elementor-widget elementor-widget-divider\" data-id=\"0e6b9ce\" data-element_type=\"widget\" data-e-type=\"widget\" data-widget_type=\"divider.default\">\n\t\t\t\t<div class=\"elementor-widget-container\">\n\t\t\t\t\t\t\t<div class=\"elementor-divider\">\n\t\t\t<span class=\"elementor-divider-separator\">\n\t\t\t\t\t\t<\/span>\n\t\t<\/div>\n\t\t\t\t\t\t<\/div>\n\t\t\t\t<\/div>\n\t\t\t\t\t<\/div>\n\t\t<\/div>\n\t\t\t\t\t<\/div>\n\t\t<\/section>\n\t\t\t\t<section class=\"elementor-section elementor-top-section elementor-element elementor-element-55d74f2 elementor-section-boxed elementor-section-height-default elementor-section-height-default\" data-id=\"55d74f2\" data-element_type=\"section\" data-e-type=\"section\">\n\t\t\t\t\t\t<div class=\"elementor-container elementor-column-gap-default\">\n\t\t\t\t\t<div class=\"elementor-column elementor-col-100 elementor-top-column elementor-element elementor-element-35fb54d\" data-id=\"35fb54d\" data-element_type=\"column\" data-e-type=\"column\">\n\t\t\t<div class=\"elementor-widget-wrap elementor-element-populated\">\n\t\t\t\t\t\t<div class=\"elementor-element elementor-element-0002f4c elementor-widget elementor-widget-text-editor\" data-id=\"0002f4c\" data-element_type=\"widget\" data-e-type=\"widget\" data-widget_type=\"text-editor.default\">\n\t\t\t\t<div class=\"elementor-widget-container\">\n\t\t\t\t\t\t\t\t\t<p>Para mayor informaci\u00f3n sobre el tema tratado contactarse con los abogados de nuestra \u00c1rea Laboral:<\/p>\n<p>Alberto Varillas Cueto, Jaime Durand Planas, Macarena Morales Mailhe, Claudia Seminario G\u00f3mez, Fressia Sanchez Tu\u00f1oque, Sara Kalinicos Garc\u00eda, Jos\u00e9 Andr\u00e9s Piedra Pereira; y Grecia Elena Aldonate Pinto.<\/p>\t\t\t\t\t\t\t\t<\/div>\n\t\t\t\t<\/div>\n\t\t\t\t\t<\/div>\n\t\t<\/div>\n\t\t\t\t\t<\/div>\n\t\t<\/section>\n\t\t\t\t<section class=\"elementor-section elementor-top-section elementor-element elementor-element-f7f6e98 elementor-section-boxed elementor-section-height-default elementor-section-height-default\" data-id=\"f7f6e98\" data-element_type=\"section\" data-e-type=\"section\">\n\t\t\t\t\t\t<div class=\"elementor-container elementor-column-gap-default\">\n\t\t\t\t\t<div class=\"elementor-column elementor-col-100 elementor-top-column elementor-element elementor-element-7e0e971\" data-id=\"7e0e971\" data-element_type=\"column\" data-e-type=\"column\">\n\t\t\t<div class=\"elementor-widget-wrap elementor-element-populated\">\n\t\t\t\t\t\t<div class=\"elementor-element elementor-element-3672177 elementor-widget-divider--view-line elementor-widget elementor-widget-divider\" data-id=\"3672177\" data-element_type=\"widget\" data-e-type=\"widget\" data-widget_type=\"divider.default\">\n\t\t\t\t<div class=\"elementor-widget-container\">\n\t\t\t\t\t\t\t<div class=\"elementor-divider\">\n\t\t\t<span class=\"elementor-divider-separator\">\n\t\t\t\t\t\t<\/span>\n\t\t<\/div>\n\t\t\t\t\t\t<\/div>\n\t\t\t\t<\/div>\n\t\t\t\t\t<\/div>\n\t\t<\/div>\n\t\t\t\t\t<\/div>\n\t\t<\/section>\n\t\t\t\t<section class=\"elementor-section elementor-top-section elementor-element elementor-element-b874ede elementor-section-boxed elementor-section-height-default elementor-section-height-default\" data-id=\"b874ede\" data-element_type=\"section\" data-e-type=\"section\">\n\t\t\t\t\t\t<div class=\"elementor-container elementor-column-gap-default\">\n\t\t\t\t\t<div class=\"elementor-column elementor-col-100 elementor-top-column elementor-element elementor-element-9bee682\" data-id=\"9bee682\" data-element_type=\"column\" data-e-type=\"column\">\n\t\t\t<div class=\"elementor-widget-wrap elementor-element-populated\">\n\t\t\t\t\t\t<div class=\"elementor-element elementor-element-ac5d0d1 elementor-widget elementor-widget-text-editor\" data-id=\"ac5d0d1\" data-element_type=\"widget\" data-e-type=\"widget\" data-widget_type=\"text-editor.default\">\n\t\t\t\t<div class=\"elementor-widget-container\">\n\t\t\t\t\t\t\t\t\t<p class=\"MsoNormal\" style=\"margin-bottom:0cm;text-align:justify;line-height:\nnormal;tab-stops:27.0pt\"><span style=\"font-size:10.0pt;font-family:&quot;Arial Narrow&quot;,sans-serif\">La\ninformaci\u00f3n contenida en este documento no constituye ni pretende constituir\nasesor\u00eda o asistencia legal directa o indirecta de ninguna especie, ni\nestablece ning\u00fan tipo de relaci\u00f3n profesional. Asimismo, tampoco pretende hacer\npublicidad de los servicios prestados por nuestra firma ni por ninguno de sus\nabogados. El \u00fanico prop\u00f3sito es dar informaci\u00f3n de car\u00e1cter general respecto de\ntemas que pueden ser de inter\u00e9s para los clientes y amigos de nuestra firma. Este\ninformativo, as\u00ed como otros informes generales y art\u00edculos de inter\u00e9s\npreparados por los abogados del Estudio podr\u00e1n encontrarse en nuestra p\u00e1gina\nweb: <\/span><a href=\"http:\/\/localhost\/wordpress.pe\/\" target=\"_blank\" rel=\"noopener\"><span style=\"font-size:\n10.0pt;font-family:&quot;Arial Narrow&quot;,sans-serif;color:blue\">www.garciasayan.com.pe<\/span><\/a><span style=\"font-size:10.0pt;font-family:&quot;Arial Narrow&quot;,sans-serif\"><o:p><\/o:p><\/span><\/p>\t\t\t\t\t\t\t\t<\/div>\n\t\t\t\t<\/div>\n\t\t\t\t\t<\/div>\n\t\t<\/div>\n\t\t\t\t\t<\/div>\n\t\t<\/section>\n\t\t\t\t<\/div>\n\t\t","protected":false},"excerpt":{"rendered":"<p>Con fecha 6 de agosto de 2020 mediante Resoluci\u00f3n de Superintendencia N\u00ba119-2020-SUNAFIL se ha dispuesto la pr\u00f3rroga, por el periodo comprendido del 1 al 31 de agosto de 2020, de la suspensi\u00f3n del c\u00f3mputo de plazos de las actuaciones inspectivas y de los procedimientos administrativos sancionadores del Sistema de Inspecci\u00f3n del Trabajo (SIT), en los [&hellip;]<\/p>\n","protected":false},"author":5,"featured_media":11261,"comment_status":"closed","ping_status":"open","sticky":false,"template":"","format":"standard","meta":{"nf_dc_page":"","content-type":"","footnotes":""},"categories":[90,83,37],"class_list":["post-11899","post","type-post","status-publish","format-standard","has-post-thumbnail","hentry","category-boletin-informativo","category-covid-19","category-laboral"],"_links":{"self":[{"href":"https:\/\/gsalegal.pe\/en\/wp-json\/wp\/v2\/posts\/11899","targetHints":{"allow":["GET"]}}],"collection":[{"href":"https:\/\/gsalegal.pe\/en\/wp-json\/wp\/v2\/posts"}],"about":[{"href":"https:\/\/gsalegal.pe\/en\/wp-json\/wp\/v2\/types\/post"}],"author":[{"embeddable":true,"href":"https:\/\/gsalegal.pe\/en\/wp-json\/wp\/v2\/users\/5"}],"replies":[{"embeddable":true,"href":"https:\/\/gsalegal.pe\/en\/wp-json\/wp\/v2\/comments?post=11899"}],"version-history":[{"count":0,"href":"https:\/\/gsalegal.pe\/en\/wp-json\/wp\/v2\/posts\/11899\/revisions"}],"wp:featuredmedia":[{"embeddable":true,"href":"https:\/\/gsalegal.pe\/en\/wp-json\/"}],"wp:attachment":[{"href":"https:\/\/gsalegal.pe\/en\/wp-json\/wp\/v2\/media?parent=11899"}],"wp:term":[{"taxonomy":"category","embeddable":true,"href":"https:\/\/gsalegal.pe\/en\/wp-json\/wp\/v2\/categories?post=11899"}],"curies":[{"name":"wp","href":"https:\/\/api.w.org\/{rel}","templated":true}]}}