{"id":11902,"date":"2020-08-06T16:49:11","date_gmt":"2020-08-06T21:49:11","guid":{"rendered":"http:\/\/localhost\/wordpress\/?p=11902"},"modified":"2020-08-06T16:49:11","modified_gmt":"2020-08-06T21:49:11","slug":"disponen-la-publicacion-del-proyecto-del-reglamento-del-decreto-de-urgencia-para-el-fortalecimiento-de-la-identificacion-y-gestion-de-pasivos-ambientales","status":"publish","type":"post","link":"https:\/\/gsalegal.pe\/en\/disponen-la-publicacion-del-proyecto-del-reglamento-del-decreto-de-urgencia-para-el-fortalecimiento-de-la-identificacion-y-gestion-de-pasivos-ambientales\/","title":{"rendered":"Disponen la publicaci\u00f3n del proyecto del \u201cReglamento del Decreto de Urgencia para el fortalecimiento de la identificaci\u00f3n y gesti\u00f3n de pasivos ambientales\u201d"},"content":{"rendered":"\t\t<div data-elementor-type=\"wp-post\" data-elementor-id=\"11902\" class=\"elementor elementor-11902\">\n\t\t\t\t\t\t<section class=\"elementor-section elementor-top-section elementor-element elementor-element-2c421c2 elementor-section-boxed elementor-section-height-default elementor-section-height-default\" data-id=\"2c421c2\" data-element_type=\"section\" data-e-type=\"section\">\n\t\t\t\t\t\t<div class=\"elementor-container elementor-column-gap-default\">\n\t\t\t\t\t<div class=\"elementor-column elementor-col-100 elementor-top-column elementor-element elementor-element-95a04b0\" data-id=\"95a04b0\" data-element_type=\"column\" data-e-type=\"column\">\n\t\t\t<div class=\"elementor-widget-wrap elementor-element-populated\">\n\t\t\t\t\t\t<div class=\"elementor-element elementor-element-fb9a0c8 elementor-widget elementor-widget-text-editor\" data-id=\"fb9a0c8\" data-element_type=\"widget\" data-e-type=\"widget\" data-widget_type=\"text-editor.default\">\n\t\t\t\t<div class=\"elementor-widget-container\">\n\t\t\t\t\t\t\t\t\tEl 05 de agosto de 2020, el Ministerio del Ambiente (en adelante, el \u201cMINAM\u201d), a trav\u00e9s de la Resoluci\u00f3n Ministerial N\u00ba 152-2020-MINAM, dispuso la publicaci\u00f3n de proyecto de Decreto Supremo que aprueba el \u201cReglamento del Decreto de Urgencia N\u00ba 022-2020, Decreto de Urgencia para el fortalecimiento de la identificaci\u00f3n y gesti\u00f3n de pasivos ambientales\u201d. En este sentido, cabe resaltar los siguientes puntos de dicha Resoluci\u00f3n Ministerial:\n<table> <table border=\"1\">\n<tbody>\n<tr>\n<td width=\"86\">Objeto<\/td>\n<td width=\"503\">Reglamentar el Decreto de Urgencia N\u00b0 022- 2020, para el fortalecimiento de la identificaci\u00f3n y gesti\u00f3n de pasivos ambientales ubicados en el \u00e1mbito continental y el z\u00f3calo marino del territorio nacional, generados por actividades productivas, extractivas o de servicios, excluyendo a las actividades de los subsectores de miner\u00eda e hidrocarburos<\/td>\n<\/tr>\n<tr>\n<td width=\"86\">\u00c1mbito de aplicaci\u00f3n<\/td>\n<td width=\"503\">Reglamento aplicable a los responsables de la identificaci\u00f3n y gesti\u00f3n de los pasivos ambientales, excluyendo a los subsectores de miner\u00eda e hidrocarburos.<\/td>\n<\/tr>\n<tr>\n<td width=\"86\">Atenci\u00f3n de los pasivos ambientales<\/td>\n<td width=\"503\">Comprende dos fases:\n\na) Identificaci\u00f3n de los pasivos ambientales y de sus responsables; y, b) Gesti\u00f3n de los pasivos ambientales.<\/td>\n<\/tr>\n<tr>\n<td width=\"86\">Identificaci\u00f3n de los pasivos ambientales<\/td>\n<td width=\"503\">Comprende las siguientes etapas:\n\na) Diagn\u00f3stico situacional para la identificaci\u00f3n de pasivos ambientales;\n\nb) Identificaci\u00f3n preliminar del pasivo ambiental;\n\nc) Caracterizaci\u00f3n del potencial pasivo ambiental;\n\nd) Calificaci\u00f3n del potencial pasivo ambiental; y,\n\ne) Determinaci\u00f3n del pasivo ambiental.<\/td>\n<\/tr>\n<tr>\n<td width=\"86\">Identificaci\u00f3n de los responsables de los pasivos ambientales<\/td>\n<td width=\"503\">La autoridad sectorial o el OEFA, inician la identificaci\u00f3n del responsable que gener\u00f3 el pasivo ambiental, o aquella que asumi\u00f3 la responsabilidad de su gesti\u00f3n de forma contractual. Para tal efecto, realizan la revisi\u00f3n de las siguientes fuentes de informaci\u00f3n: a) El Instrumento de Gesti\u00f3n Ambiental aprobado; b) Superintendencia Nacional de los Registros P\u00fablicos \u2013 SUNARP; c) Superintendencia Nacional de Aduanas y de Administraci\u00f3n Tributaria \u2013 SUNAT; d) Instituto Nacional de Defensa de la Competencia y de la Protecci\u00f3n de la Propiedad Intelectual \u2013 INDECOPI; e) Sistema Electr\u00f3nico de Contrataciones del Estado \u2013 SEACE; f) Otro documento p\u00fablico o privado que permita la identificaci\u00f3n del responsable.\n\nAhora, en caso se identifique a varios responsables del pasivo ambiental, estos responden de manera solidaria sobre su gesti\u00f3n.<\/td>\n<\/tr>\n<tr>\n<td width=\"86\">Gesti\u00f3n de los pasivos ambientales<\/td>\n<td width=\"503\">Conjunto de actividades de planificaci\u00f3n, financiamiento y\/o coordinaci\u00f3n para la implementaci\u00f3n de las medidas de remediaci\u00f3n, restauraci\u00f3n, rehabilitaci\u00f3n, descontaminaci\u00f3n, aseguramiento, reaprovechamiento y reutilizaci\u00f3n del pasivo ambiental, establecidas en un instrumento de gesti\u00f3n ambiental (IGA).\n\nLos responsables de la gesti\u00f3n inician las acciones para el cumplimiento de los compromisos establecidos en el plazo no mayor a tres (3) a\u00f1os contados desde la aprobaci\u00f3n del IGA.<\/td>\n<\/tr>\n<\/tbody>\n<\/table>\nEl proyecto del Decreto Supremo que aprueba el Reglamento del D.U. N\u00ba 022-2020 se encuentra publicado en: <a href=\"http:\/\/www.gob.pe\/1024-consultaspublicas-de-proyectos-normativos-minam\" target=\"_blank\" rel=\"noopener\">www.gob.pe\/1024-consultaspublicas-de-proyectos-normativos-minam<\/a>, a fin de conocer las opiniones y\/o sugerencias de los interesados, por el plazo de quince (15) d\u00edas h\u00e1biles, contados a partir del d\u00eda 06 de agosto de 2020. Las opiniones y\/o sugerencias sobre el proyecto deben ser remitidas, por escrito, al Ministerio del Ambiente, Avenida Antonio Miroquesada N\u00b0 425, 4to piso, Magdalena de Mar, Lima y\/o a la direcci\u00f3n electr\u00f3nica <a href=\"mailto:ecaylmp@minam.gob.pe\">ecaylmp@minam.gob.pe<\/a>.\t\t\t\t\t\t\t\t<\/div>\n\t\t\t\t<\/div>\n\t\t\t\t\t<\/div>\n\t\t<\/div>\n\t\t\t\t\t<\/div>\n\t\t<\/section>\n\t\t\t\t<section class=\"elementor-section elementor-top-section elementor-element elementor-element-87fd4fd elementor-section-boxed elementor-section-height-default elementor-section-height-default\" data-id=\"87fd4fd\" data-element_type=\"section\" data-e-type=\"section\">\n\t\t\t\t\t\t<div class=\"elementor-container elementor-column-gap-default\">\n\t\t\t\t\t<div class=\"elementor-column elementor-col-100 elementor-top-column elementor-element elementor-element-81ca7df\" data-id=\"81ca7df\" data-element_type=\"column\" data-e-type=\"column\">\n\t\t\t<div class=\"elementor-widget-wrap elementor-element-populated\">\n\t\t\t\t\t\t<div class=\"elementor-element elementor-element-d55645a elementor-widget-divider--view-line elementor-widget elementor-widget-divider\" data-id=\"d55645a\" data-element_type=\"widget\" data-e-type=\"widget\" data-widget_type=\"divider.default\">\n\t\t\t\t<div class=\"elementor-widget-container\">\n\t\t\t\t\t\t\t<div class=\"elementor-divider\">\n\t\t\t<span class=\"elementor-divider-separator\">\n\t\t\t\t\t\t<\/span>\n\t\t<\/div>\n\t\t\t\t\t\t<\/div>\n\t\t\t\t<\/div>\n\t\t\t\t\t<\/div>\n\t\t<\/div>\n\t\t\t\t\t<\/div>\n\t\t<\/section>\n\t\t\t\t<section class=\"elementor-section elementor-top-section elementor-element elementor-element-c0d3e72 elementor-section-boxed elementor-section-height-default elementor-section-height-default\" data-id=\"c0d3e72\" data-element_type=\"section\" data-e-type=\"section\">\n\t\t\t\t\t\t<div class=\"elementor-container elementor-column-gap-default\">\n\t\t\t\t\t<div class=\"elementor-column elementor-col-100 elementor-top-column elementor-element elementor-element-13398a0\" data-id=\"13398a0\" data-element_type=\"column\" data-e-type=\"column\">\n\t\t\t<div class=\"elementor-widget-wrap elementor-element-populated\">\n\t\t\t\t\t\t<div class=\"elementor-element elementor-element-239397e elementor-widget elementor-widget-text-editor\" data-id=\"239397e\" data-element_type=\"widget\" data-e-type=\"widget\" data-widget_type=\"text-editor.default\">\n\t\t\t\t<div class=\"elementor-widget-container\">\n\t\t\t\t\t\t\t\t\t<p>Para m\u00e1s informaci\u00f3n sobre los temas tratados contactarse con los abogados de nuestra \u00c1rea de Recursos Naturales y Medio Ambiente:<\/p><p>Jos\u00e9 Miguel Morales Dasso, Alberto Varillas Cueto, Edgardo Portaro van Oordt, Felipe Del \u00c1guila, Samantha Boy Roca y Jos\u00e9 Castillo.<\/p>\t\t\t\t\t\t\t\t<\/div>\n\t\t\t\t<\/div>\n\t\t\t\t\t<\/div>\n\t\t<\/div>\n\t\t\t\t\t<\/div>\n\t\t<\/section>\n\t\t\t\t<section class=\"elementor-section elementor-top-section elementor-element elementor-element-39b6ea1 elementor-section-boxed elementor-section-height-default elementor-section-height-default\" data-id=\"39b6ea1\" data-element_type=\"section\" data-e-type=\"section\">\n\t\t\t\t\t\t<div class=\"elementor-container elementor-column-gap-default\">\n\t\t\t\t\t<div class=\"elementor-column elementor-col-100 elementor-top-column elementor-element elementor-element-44a9eab\" data-id=\"44a9eab\" data-element_type=\"column\" data-e-type=\"column\">\n\t\t\t<div class=\"elementor-widget-wrap elementor-element-populated\">\n\t\t\t\t\t\t<div class=\"elementor-element elementor-element-041c3af elementor-widget-divider--view-line elementor-widget elementor-widget-divider\" data-id=\"041c3af\" data-element_type=\"widget\" data-e-type=\"widget\" data-widget_type=\"divider.default\">\n\t\t\t\t<div class=\"elementor-widget-container\">\n\t\t\t\t\t\t\t<div class=\"elementor-divider\">\n\t\t\t<span class=\"elementor-divider-separator\">\n\t\t\t\t\t\t<\/span>\n\t\t<\/div>\n\t\t\t\t\t\t<\/div>\n\t\t\t\t<\/div>\n\t\t\t\t\t<\/div>\n\t\t<\/div>\n\t\t\t\t\t<\/div>\n\t\t<\/section>\n\t\t\t\t<section class=\"elementor-section elementor-top-section elementor-element elementor-element-31a86ce elementor-section-boxed elementor-section-height-default elementor-section-height-default\" data-id=\"31a86ce\" data-element_type=\"section\" data-e-type=\"section\">\n\t\t\t\t\t\t<div class=\"elementor-container elementor-column-gap-default\">\n\t\t\t\t\t<div class=\"elementor-column elementor-col-100 elementor-top-column elementor-element elementor-element-4c2228f\" data-id=\"4c2228f\" data-element_type=\"column\" data-e-type=\"column\">\n\t\t\t<div class=\"elementor-widget-wrap elementor-element-populated\">\n\t\t\t\t\t\t<div class=\"elementor-element elementor-element-14a9f6d elementor-widget elementor-widget-text-editor\" data-id=\"14a9f6d\" data-element_type=\"widget\" data-e-type=\"widget\" data-widget_type=\"text-editor.default\">\n\t\t\t\t<div class=\"elementor-widget-container\">\n\t\t\t\t\t\t\t\t\t<p style=\"margin-bottom: .0001pt; text-align: justify; line-height: normal; mso-layout-grid-align: none; text-autospace: none;\"><span style=\"font-family: 'Arial Narrow',sans-serif; mso-bidi-font-family: ArialNarrow; color: #818181;\">La informaci\u00f3n contenida en este documento no constituye ni pretende constituir asesor\u00eda o asistencia legal directa o indirecta de ninguna especie, ni establece ning\u00fan tipo de relaci\u00f3n profesional.<\/span><\/p><p>\u00a0<\/p><p style=\"margin-bottom: .0001pt; text-align: justify; line-height: normal; mso-layout-grid-align: none; text-autospace: none;\"><span style=\"font-family: 'Arial Narrow',sans-serif; mso-bidi-font-family: ArialNarrow; color: #818181;\">Asimismo, tampoco pretende hacer publicidad de los servicios prestados por nuestra firma ni por ninguno de sus abogados. El \u00fanico prop\u00f3sito es dar informaci\u00f3n de car\u00e1cter general respecto de temas que pueden ser de inter\u00e9s para los clientes y amigos de nuestra firma. Este informativo, as\u00ed como otros informes generales y art\u00edculos de inter\u00e9s preparados por los abogados del Estudio podr\u00e1n encontrarse en nuestra p\u00e1gina web:\u00a0<\/span><a style=\"background-color: #ffffff;\" href=\"http:\/\/localhost\/wordpress.pe\" target=\"_blank\" rel=\"noopener\">www.garciasayan.com.pe<\/a><\/p>\t\t\t\t\t\t\t\t<\/div>\n\t\t\t\t<\/div>\n\t\t\t\t\t<\/div>\n\t\t<\/div>\n\t\t\t\t\t<\/div>\n\t\t<\/section>\n\t\t\t\t<\/div>\n\t\t","protected":false},"excerpt":{"rendered":"<p>El 05 de agosto de 2020, el Ministerio del Ambiente (en adelante, el \u201cMINAM\u201d), a trav\u00e9s de la Resoluci\u00f3n Ministerial N\u00ba 152-2020-MINAM, dispuso la publicaci\u00f3n de proyecto de Decreto Supremo que aprueba el \u201cReglamento del Decreto de Urgencia N\u00ba 022-2020, Decreto de Urgencia para el fortalecimiento de la identificaci\u00f3n y gesti\u00f3n de pasivos ambientales\u201d. En [&hellip;]<\/p>\n","protected":false},"author":5,"featured_media":9500,"comment_status":"closed","ping_status":"open","sticky":false,"template":"","format":"standard","meta":{"nf_dc_page":"","content-type":"","footnotes":""},"categories":[90,83,79],"class_list":["post-11902","post","type-post","status-publish","format-standard","has-post-thumbnail","hentry","category-boletin-informativo","category-covid-19","category-recursos-naturales"],"_links":{"self":[{"href":"https:\/\/gsalegal.pe\/en\/wp-json\/wp\/v2\/posts\/11902","targetHints":{"allow":["GET"]}}],"collection":[{"href":"https:\/\/gsalegal.pe\/en\/wp-json\/wp\/v2\/posts"}],"about":[{"href":"https:\/\/gsalegal.pe\/en\/wp-json\/wp\/v2\/types\/post"}],"author":[{"embeddable":true,"href":"https:\/\/gsalegal.pe\/en\/wp-json\/wp\/v2\/users\/5"}],"replies":[{"embeddable":true,"href":"https:\/\/gsalegal.pe\/en\/wp-json\/wp\/v2\/comments?post=11902"}],"version-history":[{"count":0,"href":"https:\/\/gsalegal.pe\/en\/wp-json\/wp\/v2\/posts\/11902\/revisions"}],"wp:featuredmedia":[{"embeddable":true,"href":"https:\/\/gsalegal.pe\/en\/wp-json\/"}],"wp:attachment":[{"href":"https:\/\/gsalegal.pe\/en\/wp-json\/wp\/v2\/media?parent=11902"}],"wp:term":[{"taxonomy":"category","embeddable":true,"href":"https:\/\/gsalegal.pe\/en\/wp-json\/wp\/v2\/categories?post=11902"}],"curies":[{"name":"wp","href":"https:\/\/api.w.org\/{rel}","templated":true}]}}