{"id":11986,"date":"2020-08-16T13:08:17","date_gmt":"2020-08-16T18:08:17","guid":{"rendered":"http:\/\/localhost\/wordpress\/?p=11986"},"modified":"2020-08-16T13:08:17","modified_gmt":"2020-08-16T18:08:17","slug":"sunarp-difunde-acuerdos-adoptados-respecto-a-alcances-de-la-calificacion-de-los-titulos-durante-el-estado-de-emergencia","status":"publish","type":"post","link":"https:\/\/gsalegal.pe\/en\/sunarp-difunde-acuerdos-adoptados-respecto-a-alcances-de-la-calificacion-de-los-titulos-durante-el-estado-de-emergencia\/","title":{"rendered":"SUNARP difunde acuerdos adoptados respecto a alcances de la calificaci\u00f3n de los t\u00edtulos durante el Estado de Emergencia"},"content":{"rendered":"\t\t<div data-elementor-type=\"wp-post\" data-elementor-id=\"11986\" class=\"elementor elementor-11986\">\n\t\t\t\t\t\t<section class=\"elementor-section elementor-top-section elementor-element elementor-element-0fda9c6 elementor-section-boxed elementor-section-height-default elementor-section-height-default\" data-id=\"0fda9c6\" data-element_type=\"section\" data-e-type=\"section\">\n\t\t\t\t\t\t<div class=\"elementor-container elementor-column-gap-default\">\n\t\t\t\t\t<div class=\"elementor-column elementor-col-100 elementor-top-column elementor-element elementor-element-3e3d2de\" data-id=\"3e3d2de\" data-element_type=\"column\" data-e-type=\"column\">\n\t\t\t<div class=\"elementor-widget-wrap elementor-element-populated\">\n\t\t\t\t\t\t<div class=\"elementor-element elementor-element-a0b5f12 elementor-widget elementor-widget-text-editor\" data-id=\"a0b5f12\" data-element_type=\"widget\" data-e-type=\"widget\" data-widget_type=\"text-editor.default\">\n\t\t\t\t<div class=\"elementor-widget-container\">\n\t\t\t\t\t\t\t\t\t<p class=\"MsoNormal\" style=\"margin-bottom: 0cm; text-align: justify; line-height: normal;\"><span style=\"font-size: 12.0pt; font-family: 'Arial Narrow',sans-serif; mso-fareast-font-family: 'Arial Unicode MS'; mso-bidi-font-family: 'Times New Roman'; mso-fareast-language: ES;\">Durante el Estado de Emergencia Nacional, la Superintendencia Nacional de Registros P\u00fablicos \u2013 SUNARP identific\u00f3 diversos problemas respecto de las personas jur\u00eddicas en las cuales su estatuto y\/o la ley que las regula, contemplan la posibilidad de adoptar acuerdos en sesiones no presenciales. <\/span><\/p><p class=\"MsoNormal\" style=\"margin-bottom: 0cm; text-align: justify; line-height: normal;\"><span style=\"font-size: 12.0pt; font-family: 'Arial Narrow',sans-serif; mso-fareast-font-family: 'Arial Unicode MS'; mso-bidi-font-family: 'Times New Roman'; mso-fareast-language: ES;\">\u00a0<\/span><\/p><p class=\"MsoNormal\" style=\"margin-bottom: 0cm; text-align: justify; line-height: normal;\"><span style=\"font-size: 12.0pt; font-family: 'Arial Narrow',sans-serif; mso-fareast-font-family: 'Arial Unicode MS'; mso-bidi-font-family: 'Times New Roman'; mso-fareast-language: ES;\">El d\u00eda de hoy, SUNARP aprob\u00f3 la difusi\u00f3n de los acuerdos adoptados en relaci\u00f3n a dichos temas, los mismos que remitir\u00e1n a las instancias de calificaci\u00f3n registral, as\u00ed como a las \u00e1reas a cargo de expedir publicidad registral, para su conocimiento y aplicaci\u00f3n.<\/span><\/p><p class=\"MsoNormal\" style=\"margin-bottom: 0cm; text-align: justify; line-height: normal;\"><span style=\"font-size: 12.0pt; font-family: 'Arial Narrow',sans-serif; mso-fareast-font-family: 'Arial Unicode MS'; mso-bidi-font-family: 'Times New Roman'; mso-fareast-language: ES;\">\u00a0<\/span><\/p><p class=\"MsoNormal\" style=\"margin-bottom: 0cm; text-align: justify; line-height: normal;\"><span style=\"font-size: 12.0pt; font-family: 'Arial Narrow',sans-serif; mso-fareast-font-family: 'Arial Unicode MS'; mso-bidi-font-family: 'Times New Roman'; mso-fareast-language: ES;\">Los acuerdos se\u00f1alan los alcances de la calificaci\u00f3n registral de los t\u00edtulos que se sustentan en decisiones de los \u00f3rganos colegiados de las personas jur\u00eddicas o entes sin personalidad jur\u00eddica durante el Estado de Emergencia, en lo referido a la modalidad o medios de realizaci\u00f3n de sus sesiones, el per\u00edodo de funciones y procedencia de la pr\u00f3rroga de los \u00f3rganos; as\u00ed como los criterios que deben adoptarse en la emisi\u00f3n de certificados de vigencia de los \u00f3rganos de las cooperativas y de los administradores judiciales registrados en virtud de t\u00edtulos sucesivos que contengan mandatos judiciales incompatibles. A continuaci\u00f3n, se detallan los acuerdos publicados: <\/span><\/p><p class=\"MsoNormal\" style=\"margin-bottom: 0cm; text-align: justify; line-height: normal;\"><span style=\"font-size: 12.0pt; font-family: 'Arial Narrow',sans-serif; mso-fareast-font-family: 'Arial Unicode MS'; mso-bidi-font-family: 'Times New Roman'; mso-fareast-language: ES;\">\u00a0<\/span><\/p><table class=\"MsoTableGrid\" style=\"border-collapse: collapse; border: none; mso-border-alt: solid windowtext .5pt; mso-yfti-tbllook: 1184; mso-padding-alt: 0cm 5.4pt 0cm 5.4pt;\" border=\"1\" cellspacing=\"0\" cellpadding=\"0\"><tbody><tr><td style=\"width: 11.8pt; border-width: 1pt; border-top-style: solid; border-right-style: solid; border-left-style: solid; border-color: windowtext; border-image: initial; background: #1f3864; padding: 0cm 5.4pt;\" width=\"16\"><p class=\"MsoNormal\" style=\"margin-bottom: 0cm; text-align: center; line-height: normal;\" align=\"center\"><b><span style=\"font-size: 12.0pt; font-family: 'Arial Narrow',sans-serif; mso-fareast-font-family: 'Arial Unicode MS'; mso-bidi-font-family: 'Times New Roman'; mso-fareast-language: ES;\">N\u00b0 de acuerdo<\/span><\/b><\/p><\/td><td style=\"width: 195.25pt; border-top: 1pt solid windowtext; border-right: 1pt solid windowtext; border-bottom-width: 1pt; border-bottom-color: windowtext; border-image: initial; border-left: none; background: #1f3864; padding: 0cm 5.4pt;\" width=\"260\"><p class=\"MsoNormal\" style=\"margin-bottom: 0cm; text-align: center; line-height: normal;\" align=\"center\"><b><span style=\"font-size: 12.0pt; font-family: 'Arial Narrow',sans-serif; mso-fareast-font-family: 'Arial Unicode MS'; mso-bidi-font-family: 'Times New Roman'; color: white; mso-color-alt: windowtext; mso-fareast-language: ES;\">\u00c1mbito del acuerdo<\/span><\/b><b><\/b><\/p><\/td><td style=\"width: 217.65pt; border-top: 1pt solid windowtext; border-right: 1pt solid windowtext; border-bottom-width: 1pt; border-bottom-color: windowtext; border-image: initial; border-left: none; background: #1f3864; padding: 0cm 5.4pt;\" width=\"290\"><p class=\"MsoNormal\" style=\"margin-bottom: 0cm; text-align: center; line-height: normal;\" align=\"center\"><b><span style=\"font-size: 12.0pt; font-family: 'Arial Narrow',sans-serif; mso-fareast-font-family: 'Arial Unicode MS'; mso-bidi-font-family: 'Times New Roman'; color: white; mso-color-alt: windowtext; mso-fareast-language: ES;\">Acuerdo<\/span><\/b><b><\/b><\/p><\/td><\/tr><tr><td style=\"width: 11.8pt; border-right: 1pt solid windowtext; border-bottom-width: 1pt; border-left: 1pt solid windowtext; border-bottom-color: windowtext; border-image: initial; border-top: none; background: #1f3864; padding: 0cm 5.4pt;\" width=\"16\"><p class=\"MsoNormal\" style=\"margin-bottom: 0cm; text-align: center; line-height: normal;\" align=\"center\"><span style=\"font-size: 12.0pt; font-family: 'Arial Narrow',sans-serif; mso-fareast-font-family: 'Arial Unicode MS'; mso-bidi-font-family: 'Times New Roman'; color: white; mso-color-alt: windowtext; mso-fareast-language: ES;\">1<\/span><\/p><\/td><td style=\"width: 195.25pt; border-top: none; border-left: none; border-bottom-width: 1pt; border-bottom-color: windowtext; border-right: 1pt solid windowtext; background: #acb9ca; padding: 0cm 5.4pt;\" width=\"260\"><p class=\"MsoNormal\" style=\"margin-bottom: 0cm; text-align: justify; line-height: normal;\"><span style=\"font-size: 12.0pt; font-family: 'Arial Narrow',sans-serif; mso-fareast-font-family: 'Arial Unicode MS'; mso-bidi-font-family: 'Times New Roman'; color: black; mso-color-alt: windowtext; mso-fareast-language: ES;\">Alcances de la calificaci\u00f3n de sesiones presenciales de \u00f3rganos de personas jur\u00eddicas o entes sin personalidad jur\u00eddica durante el estado de emergencia<\/span><\/p><\/td><td style=\"width: 217.65pt; border-top: none; border-left: none; border-bottom-width: 1pt; border-bottom-color: windowtext; border-right: 1pt solid windowtext; padding: 0cm 5.4pt;\" width=\"290\"><p class=\"MsoNormal\" style=\"margin-bottom: 0cm; text-align: justify; line-height: normal;\"><span style=\"font-size: 12pt; font-family: 'Arial Narrow', sans-serif; color: black; background-image: initial; background-position: initial; background-size: initial; background-repeat: initial; background-attachment: initial; background-origin: initial; background-clip: initial;\">Las restricciones al ejercicio de los derechos constitucionales relativos a las libertades de tr\u00e1nsito y de reuni\u00f3n no son materia de calificaci\u00f3n, pues su evaluaci\u00f3n requiere de ponderaci\u00f3n bajo par\u00e1metros de razonabilidad y proporcionalidad que no son propios de la funci\u00f3n registral.<\/span><\/p><\/td><\/tr><tr><td style=\"width: 11.8pt; border-right: 1pt solid windowtext; border-bottom-width: 1pt; border-left: 1pt solid windowtext; border-bottom-color: windowtext; border-image: initial; border-top: none; background: #1f3864; padding: 0cm 5.4pt;\" width=\"16\"><p class=\"MsoNormal\" style=\"margin-bottom: 0cm; text-align: center; line-height: normal;\" align=\"center\"><span style=\"font-size: 12.0pt; font-family: 'Arial Narrow',sans-serif; mso-fareast-font-family: 'Arial Unicode MS'; mso-bidi-font-family: 'Times New Roman'; color: white; mso-color-alt: windowtext; mso-fareast-language: ES;\">2<\/span><\/p><\/td><td style=\"width: 195.25pt; border-top: none; border-left: none; border-bottom-width: 1pt; border-bottom-color: windowtext; border-right: 1pt solid windowtext; background: #acb9ca; padding: 0cm 5.4pt;\" width=\"260\"><p class=\"MsoNormal\" style=\"margin-bottom: 0cm; text-align: justify; line-height: normal;\"><span style=\"font-size: 12.0pt; font-family: 'Arial Narrow',sans-serif; mso-fareast-font-family: 'Arial Unicode MS'; mso-bidi-font-family: 'Times New Roman'; color: black; mso-color-alt: windowtext; mso-fareast-language: ES;\">Alcances de la calificaci\u00f3n de sesiones no presenciales, sin regulaci\u00f3n expresa, de \u00f3rganos de personas jur\u00eddicas o entes sin personalidad jur\u00eddica durante el estado de emergencia<\/span><\/p><\/td><td style=\"width: 217.65pt; border-top: none; border-left: none; border-bottom-width: 1pt; border-bottom-color: windowtext; border-right: 1pt solid windowtext; padding: 0cm 5.4pt;\" width=\"290\"><p class=\"MsoNormal\" style=\"margin-bottom: 0cm; text-align: justify; line-height: normal;\"><span style=\"font-size: 12.0pt; font-family: 'Arial Narrow',sans-serif; mso-fareast-font-family: 'Arial Unicode MS'; mso-bidi-font-family: 'Times New Roman'; mso-fareast-language: ES;\">\u00danicamente corresponde inscribir las sesiones sin convocatoria (asambleas, juntas, etc.) realizadas con car\u00e1cter universal.<\/span><\/p><\/td><\/tr><tr><td style=\"width: 11.8pt; border-right: 1pt solid windowtext; border-bottom-width: 1pt; border-left: 1pt solid windowtext; border-bottom-color: windowtext; border-image: initial; border-top: none; background: #1f3864; padding: 0cm 5.4pt;\" width=\"16\"><p class=\"MsoNormal\" style=\"margin-bottom: 0cm; text-align: center; line-height: normal;\" align=\"center\"><b><span style=\"font-size: 12.0pt; font-family: 'Arial Narrow',sans-serif; mso-fareast-font-family: 'Arial Unicode MS'; mso-bidi-font-family: 'Times New Roman'; color: white; mso-color-alt: windowtext; mso-fareast-language: ES;\">3<\/span><\/b><b><\/b><\/p><\/td><td style=\"width: 195.25pt; border-top: none; border-left: none; border-bottom-width: 1pt; border-bottom-color: windowtext; border-right: 1pt solid windowtext; background: #acb9ca; padding: 0cm 5.4pt;\" width=\"260\"><p class=\"MsoNormal\" style=\"margin-bottom: 0cm; text-align: justify; line-height: normal;\"><span style=\"font-size: 12.0pt; font-family: 'Arial Narrow',sans-serif; mso-fareast-font-family: 'Arial Unicode MS'; mso-bidi-font-family: 'Times New Roman'; color: black; mso-color-alt: windowtext; mso-fareast-language: ES;\">Alcances de la calificaci\u00f3n del art\u00edculo 21 a de la Ley General de Sociedades.<\/span><\/p><\/td><td style=\"width: 217.65pt; border-top: none; border-left: none; border-bottom-width: 1pt; border-bottom-color: windowtext; border-right: 1pt solid windowtext; padding: 0cm 5.4pt;\" valign=\"top\" width=\"290\"><p class=\"MsoNormal\" style=\"margin-bottom: 0cm; text-align: justify; line-height: normal;\"><span style=\"font-size: 12.0pt; font-family: 'Arial Narrow',sans-serif; mso-fareast-font-family: 'Arial Unicode MS'; mso-bidi-font-family: 'Times New Roman'; mso-fareast-language: ES;\">No es competencia de las instancias registrales la verificaci\u00f3n de el\/los medio\/s utilizado\/s para la realizaci\u00f3n de una sesi\u00f3n de junta general de accionistas no presencial, sin perjuicio que s\u00ed se deje constancia de dicha informaci\u00f3n.<\/span><\/p><\/td><\/tr><tr><td style=\"width: 11.8pt; border-right: 1pt solid windowtext; border-bottom-width: 1pt; border-left: 1pt solid windowtext; border-bottom-color: windowtext; border-image: initial; border-top: none; background: #1f3864; padding: 0cm 5.4pt;\" width=\"16\"><p class=\"MsoNormal\" style=\"margin-bottom: 0cm; text-align: center; line-height: normal;\" align=\"center\"><b><span style=\"font-size: 12.0pt; font-family: 'Arial Narrow',sans-serif; mso-fareast-font-family: 'Arial Unicode MS'; mso-bidi-font-family: 'Times New Roman'; color: white; mso-color-alt: windowtext; mso-fareast-language: ES;\">4<\/span><\/b><b><\/b><\/p><\/td><td style=\"width: 195.25pt; border-top: none; border-left: none; border-bottom-width: 1pt; border-bottom-color: windowtext; border-right: 1pt solid windowtext; background: #acb9ca; padding: 0cm 5.4pt;\" width=\"260\"><p class=\"MsoNormal\" style=\"margin-bottom: 0cm; text-align: justify; line-height: normal;\"><span style=\"font-size: 12.0pt; font-family: 'Arial Narrow',sans-serif; mso-fareast-font-family: 'Arial Unicode MS'; mso-bidi-font-family: 'Times New Roman'; color: black; mso-color-alt: windowtext; mso-fareast-language: ES;\">Alcances de la calificaci\u00f3n de sesiones no presenciales de las asambleas generales de las cooperativas primarias y de las centrales de cooperativas.<\/span><\/p><\/td><td style=\"width: 217.65pt; border-top: none; border-left: none; border-bottom-width: 1pt; border-bottom-color: windowtext; border-right: 1pt solid windowtext; padding: 0cm 5.4pt;\" valign=\"top\" width=\"290\"><p class=\"MsoNormal\" style=\"margin-bottom: 0cm; text-align: justify; line-height: normal;\"><span style=\"font-size: 12pt; font-family: 'Arial Narrow', sans-serif; color: black; background-image: initial; background-position: initial; background-size: initial; background-repeat: initial; background-attachment: initial; background-origin: initial; background-clip: initial;\">Las asambleas generales de las cooperativas primarias y de las centrales de cooperativas estaban facultadas para sesionar de manera no presencial en el marco de lo dispuesto en el art\u00edculo 21-A de la Ley General de Sociedades<a title=\"\" href=\"file:\/\/\/C:\/Users\/dgarcia\/AppData\/Local\/Microsoft\/Windows\/INetCache\/Content.Outlook\/DUJZMMF7\/MEMORANDUM%20DECISIONES%20SUNARP%20FINAL.docx#_ftn1\" name=\"_ftnref1\"><span class=\"MsoFootnoteReference\"><!-- [if !supportFootnotes]--><span class=\"MsoFootnoteReference\"><span style=\"font-size: 12pt; line-height: 106%; color: black; background-image: initial; background-position: initial; background-size: initial; background-repeat: initial; background-attachment: initial; background-origin: initial; background-clip: initial;\">[1]<\/span><\/span><!--[endif]--><\/span><\/a>, sin embargo, con posterioridad al 27 de junio de 2020, se rigen por lo dispuesto en la Tercera Disposici\u00f3n Complementaria Final del Decreto de Urgencia 075-2020, y luego por lo dispuesto en la primera disposici\u00f3n complementaria transitoria de la Ley N\u00b0 31029.<\/span><\/p><\/td><\/tr><tr><td style=\"width: 11.8pt; border-right: 1pt solid windowtext; border-bottom-width: 1pt; border-left: 1pt solid windowtext; border-bottom-color: windowtext; border-image: initial; border-top: none; background: #1f3864; padding: 0cm 5.4pt;\" width=\"16\"><p class=\"MsoNormal\" style=\"margin-bottom: 0cm; text-align: center; line-height: normal;\" align=\"center\"><b><span style=\"font-size: 12.0pt; font-family: 'Arial Narrow',sans-serif; mso-fareast-font-family: 'Arial Unicode MS'; mso-bidi-font-family: 'Times New Roman'; color: white; mso-color-alt: windowtext; mso-fareast-language: ES;\">5<\/span><\/b><b><\/b><\/p><\/td><td style=\"width: 195.25pt; border-top: none; border-left: none; border-bottom-width: 1pt; border-bottom-color: windowtext; border-right: 1pt solid windowtext; background: #acb9ca; padding: 0cm 5.4pt;\" width=\"260\"><p class=\"MsoNormal\" style=\"margin-bottom: 0cm; text-align: justify; line-height: normal;\"><span style=\"font-size: 12.0pt; font-family: 'Arial Narrow',sans-serif; mso-fareast-font-family: 'Arial Unicode MS'; mso-bidi-font-family: 'Times New Roman'; color: black; mso-color-alt: windowtext; mso-fareast-language: ES;\">Alcances de las sesiones no presenciales de los consejos y comit\u00e9s de las cooperativas de ahorro y cr\u00e9dito que s\u00f3lo operan con sus socios y que no est\u00e1n autorizadas a captar recursos del p\u00fablico u operar con terceros (COOPAC)<\/span><\/p><\/td><td style=\"width: 217.65pt; border-top: none; border-left: none; border-bottom-width: 1pt; border-bottom-color: windowtext; border-right: 1pt solid windowtext; padding: 0cm 5.4pt;\" valign=\"top\" width=\"290\"><p class=\"MsoNormal\" style=\"margin-bottom: 0cm; text-align: justify; line-height: normal;\"><span style=\"font-size: 12pt; font-family: 'Arial Narrow', sans-serif; color: black; background-image: initial; background-position: initial; background-size: initial; background-repeat: initial; background-attachment: initial; background-origin: initial; background-clip: initial;\">Conforme a la vig\u00e9sima cuarta Disposici\u00f3n Final y Complementaria de la Ley General del Sistema Financiero<a title=\"\" href=\"file:\/\/\/C:\/Users\/dgarcia\/AppData\/Local\/Microsoft\/Windows\/INetCache\/Content.Outlook\/DUJZMMF7\/MEMORANDUM%20DECISIONES%20SUNARP%20FINAL.docx#_ftn2\" name=\"_ftnref2\"><span class=\"MsoFootnoteReference\"><!-- [if !supportFootnotes]--><span class=\"MsoFootnoteReference\"><span style=\"font-size: 12pt; line-height: 106%; color: black; background-image: initial; background-position: initial; background-size: initial; background-repeat: initial; background-attachment: initial; background-origin: initial; background-clip: initial;\">[2]<\/span><\/span><!--[endif]--><\/span><\/a>, los consejos y comit\u00e9s de las COOPAC, estaban facultadas para sesionar de forma no presencial, aun cuando su estatuto no lo haya regulado, sin embargo, con posterioridad al 27 de junio de 2020, se rigen por lo dispuesto en la Tercera Disposici\u00f3n Complementaria Final del Decreto de Urgencia 075-2020, y luego por lo dispuesto en la primera disposici\u00f3n complementaria transitoria de la Ley N\u00b0 31029.<\/span><\/p><\/td><\/tr><tr><td style=\"width: 11.8pt; border-right: 1pt solid windowtext; border-bottom-width: 1pt; border-left: 1pt solid windowtext; border-bottom-color: windowtext; border-image: initial; border-top: none; background: #1f3864; padding: 0cm 5.4pt;\" width=\"16\"><p class=\"MsoNormal\" style=\"margin-bottom: 0cm; text-align: center; line-height: normal;\" align=\"center\"><b><span style=\"font-size: 12.0pt; font-family: 'Arial Narrow',sans-serif; mso-fareast-font-family: 'Arial Unicode MS'; mso-bidi-font-family: 'Times New Roman'; color: white; mso-color-alt: windowtext; mso-fareast-language: ES;\">6<\/span><\/b><b><\/b><\/p><\/td><td style=\"width: 195.25pt; border-top: none; border-left: none; border-bottom-width: 1pt; border-bottom-color: windowtext; border-right: 1pt solid windowtext; background: #acb9ca; padding: 0cm 5.4pt;\" width=\"260\"><p class=\"MsoNormal\" style=\"margin-bottom: 0cm; text-align: justify; line-height: normal;\"><span style=\"font-size: 12.0pt; font-family: 'Arial Narrow',sans-serif; mso-fareast-font-family: 'Arial Unicode MS'; mso-bidi-font-family: 'Times New Roman'; color: black; mso-color-alt: windowtext; mso-fareast-language: ES;\">Alcances de la calificaci\u00f3n del per\u00edodo de funciones de los \u00f3rganos de las personas jur\u00eddicas o entes sin personalidad jur\u00eddica y procedencia de la pr\u00f3rroga durante el periodo del Estado de Emergencia<\/span><\/p><\/td><td style=\"width: 217.65pt; border-top: none; border-left: none; border-bottom-width: 1pt; border-bottom-color: windowtext; border-right: 1pt solid windowtext; padding: 0cm 5.4pt;\" valign=\"top\" width=\"290\"><p class=\"MsoNormal\" style=\"margin-bottom: 0cm; text-align: justify; line-height: normal; background-image: initial; background-position: initial; background-size: initial; background-repeat: initial; background-attachment: initial; background-origin: initial; background-clip: initial;\"><span style=\"font-size: 12pt; font-family: 'Arial Narrow', sans-serif; color: black; background-image: initial; background-position: initial; background-size: initial; background-repeat: initial; background-attachment: initial; background-origin: initial; background-clip: initial;\">Salvo regulaci\u00f3n diferente en el estatuto o en la ley, es procedente el acuerdo de pr\u00f3rroga adoptado por el \u00f3rgano supremo durante el Estado de Emergencia y hasta la culminaci\u00f3n de \u00e9ste, para asegurar su vigencia en dicha circunstancia.<\/span><\/p><\/td><\/tr><tr><td style=\"width: 11.8pt; border-right: 1pt solid windowtext; border-bottom-width: 1pt; border-left: 1pt solid windowtext; border-bottom-color: windowtext; border-image: initial; border-top: none; background: #1f3864; padding: 0cm 5.4pt;\" width=\"16\"><p class=\"MsoNormal\" style=\"margin-bottom: 0cm; text-align: center; line-height: normal;\" align=\"center\"><b><span style=\"font-size: 12.0pt; font-family: 'Arial Narrow',sans-serif; mso-fareast-font-family: 'Arial Unicode MS'; mso-bidi-font-family: 'Times New Roman'; color: white; mso-color-alt: windowtext; mso-fareast-language: ES;\">7<\/span><\/b><b><\/b><\/p><\/td><td style=\"width: 195.25pt; border-top: none; border-left: none; border-bottom-width: 1pt; border-bottom-color: windowtext; border-right: 1pt solid windowtext; background: #acb9ca; padding: 0cm 5.4pt;\" width=\"260\"><p class=\"MsoNormal\" style=\"margin-bottom: 0cm; text-align: justify; line-height: normal;\"><span style=\"font-size: 12.0pt; font-family: 'Arial Narrow',sans-serif; mso-fareast-font-family: 'Arial Unicode MS'; mso-bidi-font-family: 'Times New Roman'; color: black; mso-color-alt: windowtext; mso-fareast-language: ES;\">Alcances del acuerdo de pr\u00f3rroga de los \u00f3rganos de gobierno de universidades no regulado en el estatuto, previsto en el art\u00edculo 6 del Decreto Legislativo 1496<a title=\"\" href=\"file:\/\/\/C:\/Users\/dgarcia\/AppData\/Local\/Microsoft\/Windows\/INetCache\/Content.Outlook\/DUJZMMF7\/MEMORANDUM%20DECISIONES%20SUNARP%20FINAL.docx#_ftn3\" name=\"_ftnref3\"><span class=\"MsoFootnoteReference\"><!-- [if !supportFootnotes]--><span class=\"MsoFootnoteReference\"><span style=\"font-size: 12pt; line-height: 106%; color: black;\">[3]<\/span><\/span><!--[endif]--><\/span><\/a><\/span><\/p><\/td><td style=\"width: 217.65pt; border-top: none; border-left: none; border-bottom-width: 1pt; border-bottom-color: windowtext; border-right: 1pt solid windowtext; padding: 0cm 5.4pt;\" valign=\"top\" width=\"290\"><p class=\"MsoNormal\" style=\"margin-bottom: 0cm; text-align: justify; line-height: normal;\"><span style=\"font-size: 12.0pt; font-family: 'Arial Narrow',sans-serif; mso-fareast-font-family: 'Arial Unicode MS'; mso-bidi-font-family: 'Times New Roman'; mso-fareast-language: ES;\">El art\u00edculo 6 del Decreto Legislativo N\u00b0 1496, debe interpretarse en el sentido siguiente:<\/span><\/p><p class=\"MsoNormal\" style=\"margin-bottom: 0cm; text-align: justify; line-height: normal;\"><span style=\"font-size: 12.0pt; font-family: 'Arial Narrow',sans-serif; mso-fareast-font-family: 'Arial Unicode MS'; mso-bidi-font-family: 'Times New Roman'; mso-fareast-language: ES;\">a) La pr\u00f3rroga requiere de un acuerdo de la asamblea universitaria o el \u00f3rgano que haga sus veces.<\/span><\/p><p class=\"MsoNormal\" style=\"margin-bottom: 0cm; text-align: justify; line-height: normal;\"><span style=\"font-size: 12.0pt; font-family: 'Arial Narrow',sans-serif; mso-fareast-font-family: 'Arial Unicode MS'; mso-bidi-font-family: 'Times New Roman'; mso-fareast-language: ES;\">b) La pr\u00f3rroga m\u00e1xima que se acuerde debe sujetarse al per\u00edodo de la Emergencia Sanitaria para garantizar su vigencia en dicha circunstancia.<\/span><\/p><p class=\"MsoNormal\" style=\"margin-bottom: 0cm; text-align: justify; line-height: normal;\"><span style=\"font-size: 12.0pt; font-family: 'Arial Narrow',sans-serif; mso-fareast-font-family: 'Arial Unicode MS'; mso-bidi-font-family: 'Times New Roman'; mso-fareast-language: ES;\">c) La pr\u00f3rroga debe adoptarse antes del vencimiento del mandato.<\/span><\/p><\/td><\/tr><tr><td style=\"width: 11.8pt; border-right: 1pt solid windowtext; border-bottom-width: 1pt; border-left: 1pt solid windowtext; border-bottom-color: windowtext; border-image: initial; border-top: none; background: #1f3864; padding: 0cm 5.4pt;\" width=\"16\"><p class=\"MsoNormal\" style=\"margin-bottom: 0cm; text-align: center; line-height: normal;\" align=\"center\"><b><span style=\"font-size: 12.0pt; font-family: 'Arial Narrow',sans-serif; mso-fareast-font-family: 'Arial Unicode MS'; mso-bidi-font-family: 'Times New Roman'; color: white; mso-color-alt: windowtext; mso-fareast-language: ES;\">8<\/span><\/b><b><\/b><\/p><\/td><td style=\"width: 195.25pt; border-top: none; border-left: none; border-bottom-width: 1pt; border-bottom-color: windowtext; border-right: 1pt solid windowtext; background: #acb9ca; padding: 0cm 5.4pt;\" width=\"260\"><p class=\"MsoNormal\" style=\"margin-bottom: 0cm; text-align: justify; line-height: normal;\"><span style=\"font-size: 12.0pt; font-family: 'Arial Narrow',sans-serif; mso-fareast-font-family: 'Arial Unicode MS'; mso-bidi-font-family: 'Times New Roman'; color: black; mso-color-alt: windowtext; mso-fareast-language: ES;\">Alcances del art\u00edculo 4 de la Ley 31029, que precisa que lo se\u00f1alado en el tercer p\u00e1rrafo del art\u00edculo 163 de la Ley General de Sociedades, en cuanto a los Consejos y Comit\u00e9s de las Organizaciones Cooperativas.<\/span><\/p><\/td><td style=\"width: 217.65pt; border-top: none; border-left: none; border-bottom-width: 1pt; border-bottom-color: windowtext; border-right: 1pt solid windowtext; padding: 0cm 5.4pt;\" valign=\"top\" width=\"290\"><p class=\"MsoNormal\" style=\"margin-bottom: 0cm; text-align: justify; line-height: normal;\"><span style=\"font-size: 12.0pt; font-family: 'Arial Narrow',sans-serif; mso-fareast-font-family: 'Arial Unicode MS'; mso-bidi-font-family: 'Times New Roman'; mso-fareast-language: ES;\">Mientras no se produzca nueva elecci\u00f3n y siempre que el vencimiento del per\u00edodo de funciones hubiere ocurrido a partir del inicio del Estado de Emergencia, los consejos y comit\u00e9s de las organizaciones cooperativas contin\u00faan en funciones, aunque hubiese concluido su per\u00edodo.<\/span><\/p><p class=\"MsoNormal\" style=\"margin-bottom: 0cm; text-align: justify; line-height: normal;\"><span style=\"font-size: 12.0pt; font-family: 'Arial Narrow',sans-serif; mso-fareast-font-family: 'Arial Unicode MS'; mso-bidi-font-family: 'Times New Roman'; mso-fareast-language: ES;\">\u00a0<\/span><\/p><p class=\"MsoNormal\" style=\"margin-bottom: 0cm; text-align: justify; line-height: normal;\"><span style=\"font-size: 12.0pt; font-family: 'Arial Narrow',sans-serif; mso-fareast-font-family: 'Arial Unicode MS'; mso-bidi-font-family: 'Times New Roman'; mso-fareast-language: ES;\">La misma regla se aplica para las renovaciones por tercios de dichos \u00f3rganos.<\/span><\/p><\/td><\/tr><tr><td style=\"width: 11.8pt; border-right: 1pt solid windowtext; border-bottom-width: 1pt; border-left: 1pt solid windowtext; border-bottom-color: windowtext; border-image: initial; border-top: none; background: #1f3864; padding: 0cm 5.4pt;\" width=\"16\"><p class=\"MsoNormal\" style=\"margin-bottom: 0cm; text-align: center; line-height: normal;\" align=\"center\"><b><span style=\"font-size: 12.0pt; font-family: 'Arial Narrow',sans-serif; mso-fareast-font-family: 'Arial Unicode MS'; mso-bidi-font-family: 'Times New Roman'; color: white; mso-color-alt: windowtext; mso-fareast-language: ES;\">9<\/span><\/b><b><\/b><\/p><\/td><td style=\"width: 195.25pt; border-top: none; border-left: none; border-bottom-width: 1pt; border-bottom-color: windowtext; border-right: 1pt solid windowtext; background: #acb9ca; padding: 0cm 5.4pt;\" width=\"260\"><p class=\"MsoNormal\" style=\"margin-bottom: 0cm; text-align: justify; line-height: normal;\"><span style=\"font-size: 12.0pt; font-family: 'Arial Narrow',sans-serif; mso-fareast-font-family: 'Arial Unicode MS'; mso-bidi-font-family: 'Times New Roman'; color: black; mso-color-alt: windowtext; mso-fareast-language: ES;\">Criterios de emisi\u00f3n de certificados de vigencia de \u00f3rganos de cooperativas<\/span><\/p><\/td><td style=\"width: 217.65pt; border-top: none; border-left: none; border-bottom-width: 1pt; border-bottom-color: windowtext; border-right: 1pt solid windowtext; padding: 0cm 5.4pt;\" valign=\"top\" width=\"290\"><p class=\"MsoNormal\" style=\"margin-bottom: 7.5pt; text-align: justify; line-height: normal; background-image: initial; background-position: initial; background-size: initial; background-repeat: initial; background-attachment: initial; background-origin: initial; background-clip: initial;\"><span style=\"font-size: 12.0pt; font-family: 'Arial Narrow',sans-serif; mso-fareast-font-family: 'Times New Roman'; mso-bidi-font-family: Arial; color: black; mso-fareast-language: ES-PE;\">Conforme al art\u00edculo 16 inciso b) del Reglamento del Servicio de Publicidad Registral<a title=\"\" href=\"file:\/\/\/C:\/Users\/dgarcia\/AppData\/Local\/Microsoft\/Windows\/INetCache\/Content.Outlook\/DUJZMMF7\/MEMORANDUM%20DECISIONES%20SUNARP%20FINAL.docx#_ftn4\" name=\"_ftnref4\"><span class=\"MsoFootnoteReference\"><!-- [if !supportFootnotes]--><span class=\"MsoFootnoteReference\"><span style=\"font-size: 12pt; line-height: 106%; color: black;\">[4]<\/span><\/span><!--[endif]--><\/span><\/a>, los certificados compendiosos deben comprender las aclaraciones necesarias para no inducir a error sobre la situaci\u00f3n de la partida registral. En ese sentido, los certificados de vigencia de los consejos de administraci\u00f3n o de vigilancia o de los comit\u00e9s de las organizaciones cooperativas que, bajo la regla prevista en el acuerdo 8, est\u00e9n vigentes, se expedir\u00e1n con la siguiente indicaci\u00f3n:<\/span><\/p><p class=\"MsoNormal\" style=\"margin-bottom: 7.5pt; text-align: justify; line-height: normal; background-image: initial; background-position: initial; background-size: initial; background-repeat: initial; background-attachment: initial; background-origin: initial; background-clip: initial;\"><span style=\"font-size: 12.0pt; font-family: 'Arial Narrow',sans-serif; mso-fareast-font-family: 'Times New Roman'; mso-bidi-font-family: Arial; color: black; mso-fareast-language: ES-PE;\">\u201cSe expide el presente certificado de vigencia al amparo de lo dispuesto por el tercer p\u00e1rrafo del art\u00edculo 163 de la Ley General de Sociedades y el art\u00edculo 4 de la Ley 31029\u201d.<\/span><\/p><\/td><\/tr><tr><td style=\"width: 11.8pt; border-right: 1pt solid windowtext; border-bottom-width: 1pt; border-left: 1pt solid windowtext; border-bottom-color: windowtext; border-image: initial; border-top: none; background: #1f3864; padding: 0cm 5.4pt;\" width=\"16\"><p class=\"MsoNormal\" style=\"margin-bottom: 0cm; text-align: center; line-height: normal;\" align=\"center\"><b><span style=\"font-size: 12.0pt; font-family: 'Arial Narrow',sans-serif; mso-fareast-font-family: 'Arial Unicode MS'; mso-bidi-font-family: 'Times New Roman'; color: white; mso-color-alt: windowtext; mso-fareast-language: ES;\">10<\/span><\/b><b><\/b><\/p><\/td><td style=\"width: 195.25pt; border-top: none; border-left: none; border-bottom-width: 1pt; border-bottom-color: windowtext; border-right: 1pt solid windowtext; background: #acb9ca; padding: 0cm 5.4pt;\" width=\"260\"><p class=\"MsoNormal\" style=\"margin-bottom: 0cm; text-align: justify; line-height: normal;\"><span style=\"font-size: 12.0pt; font-family: 'Arial Narrow',sans-serif; mso-fareast-font-family: 'Arial Unicode MS'; mso-bidi-font-family: 'Times New Roman'; color: black; mso-color-alt: windowtext; mso-fareast-language: ES;\">Criterios de emisi\u00f3n de certificados de vigencia de administradores judiciales registrados en virtud de t\u00edtulos sucesivos que contengan mandatos judiciales incompatibles.<\/span><\/p><\/td><td style=\"width: 217.65pt; border-top: none; border-left: none; border-bottom-width: 1pt; border-bottom-color: windowtext; border-right: 1pt solid windowtext; padding: 0cm 5.4pt;\" valign=\"top\" width=\"290\"><p class=\"MsoNormal\" style=\"margin-bottom: 0cm; text-align: justify; line-height: normal;\"><span style=\"font-size: 12pt; font-family: 'Arial Narrow', sans-serif; color: black; background-image: initial; background-position: initial; background-size: initial; background-repeat: initial; background-attachment: initial; background-origin: initial; background-clip: initial;\">En el caso de administradores judiciales registrados en virtud de t\u00edtulos sucesivos que contengan mandatos judiciales incompatibles, salvo informaci\u00f3n diferente, deber\u00e1 expedirse certificado de vigencia s\u00f3lo del administrador judicial registrado en m\u00e9rito del t\u00edtulo posterior, con la indicaci\u00f3n que existe registrado otro administrador judicial en m\u00e9rito de t\u00edtulo anterior.<\/span><\/p><\/td><\/tr><\/tbody><\/table><p class=\"MsoNormal\" style=\"margin-bottom: 0cm; text-align: justify; line-height: normal;\"><span style=\"font-size: 12.0pt; font-family: 'Arial Narrow',sans-serif; mso-fareast-font-family: 'Arial Unicode MS'; mso-bidi-font-family: 'Times New Roman'; mso-fareast-language: ES;\">\u00a0<\/span><\/p><p class=\"MsoNormal\" style=\"margin-bottom: 0cm; text-align: justify; line-height: normal;\"><span style=\"font-size: 12.0pt; font-family: 'Arial Narrow',sans-serif; mso-fareast-font-family: 'Arial Unicode MS'; mso-bidi-font-family: 'Times New Roman'; mso-fareast-language: ES;\">As\u00ed consta en la Resoluci\u00f3n de la Direcci\u00f3n T\u00e9cnica Registral de la SUNARP N\u00b0013-2020-SUNARP\/DTR publicado el d\u00eda de hoy.<\/span><\/p><p>\u00a0<\/p><div><!-- [if !supportFootnotes]--><br clear=\"all\" \/><hr align=\"left\" size=\"1\" width=\"33%\" \/><!--[endif]--><div id=\"ftn1\"><p class=\"MsoFootnoteText\" style=\"text-align: justify;\"><a title=\"\" href=\"file:\/\/\/C:\/Users\/dgarcia\/AppData\/Local\/Microsoft\/Windows\/INetCache\/Content.Outlook\/DUJZMMF7\/MEMORANDUM%20DECISIONES%20SUNARP%20FINAL.docx#_ftnref1\" name=\"_ftn1\"><span class=\"MsoFootnoteReference\"><span style=\"font-family: 'Arial Narrow',sans-serif;\"><!-- [if !supportFootnotes]--><span class=\"MsoFootnoteReference\"><span style=\"font-size: 10pt; line-height: 106%;\">[1]<\/span><\/span><!--[endif]--><\/span><\/span><\/a><span style=\"font-family: 'Arial Narrow',sans-serif;\"> Norma aplicable supletoriamente por ser compatible con los principios generales del Cooperativismo, aun cuando su estatuto no lo haya regulado, hasta el 27 de junio del 2020.<\/span><\/p><\/div><div id=\"ftn2\"><p class=\"MsoFootnoteText\" style=\"text-align: justify;\"><a title=\"\" href=\"file:\/\/\/C:\/Users\/dgarcia\/AppData\/Local\/Microsoft\/Windows\/INetCache\/Content.Outlook\/DUJZMMF7\/MEMORANDUM%20DECISIONES%20SUNARP%20FINAL.docx#_ftnref2\" name=\"_ftn2\"><span class=\"MsoFootnoteReference\"><span style=\"font-family: 'Arial Narrow',sans-serif;\"><!-- [if !supportFootnotes]--><span class=\"MsoFootnoteReference\"><span style=\"font-size: 10pt; line-height: 106%;\">[2]<\/span><\/span><!--[endif]--><\/span><\/span><\/a><span style=\"font-family: 'Arial Narrow',sans-serif;\"> Ley 26702 \u2013 Ley General del Sistema Financiero y del Sistema de Seguros y Org\u00e1nica de la Superintendencia de Banca y Seguros, modificada por la Ley 30822.<\/span><\/p><\/div><div id=\"ftn3\"><p class=\"MsoFootnoteText\" style=\"text-align: justify;\"><a title=\"\" href=\"file:\/\/\/C:\/Users\/dgarcia\/AppData\/Local\/Microsoft\/Windows\/INetCache\/Content.Outlook\/DUJZMMF7\/MEMORANDUM%20DECISIONES%20SUNARP%20FINAL.docx#_ftnref3\" name=\"_ftn3\"><span class=\"MsoFootnoteReference\"><span style=\"font-family: 'Arial Narrow',sans-serif;\"><!-- [if !supportFootnotes]--><span class=\"MsoFootnoteReference\"><span style=\"font-size: 10pt; line-height: 106%;\">[3]<\/span><\/span><!--[endif]--><\/span><\/span><\/a><span style=\"font-family: 'Arial Narrow',sans-serif;\"> Decreto Legislativo publicado el 10 de mayo del 2020 y vigente a partir del 11 de mayo del 2020.<\/span><\/p><\/div><div id=\"ftn4\"><p class=\"MsoFootnoteText\"><a title=\"\" href=\"file:\/\/\/C:\/Users\/dgarcia\/AppData\/Local\/Microsoft\/Windows\/INetCache\/Content.Outlook\/DUJZMMF7\/MEMORANDUM%20DECISIONES%20SUNARP%20FINAL.docx#_ftnref4\" name=\"_ftn4\"><span class=\"MsoFootnoteReference\"><span style=\"font-family: 'Arial Narrow',sans-serif;\"><!-- [if !supportFootnotes]--><span class=\"MsoFootnoteReference\"><span style=\"font-size: 10pt; line-height: 106%;\">[4]<\/span><\/span><!--[endif]--><\/span><\/span><\/a> <span style=\"font-family: 'Arial Narrow',sans-serif; mso-fareast-font-family: 'Times New Roman'; mso-bidi-font-family: Arial; color: black; mso-fareast-language: ES-PE;\">Aprobado por Resoluci\u00f3n 281-2015-SUNARP\/SN.<\/span><\/p><\/div><\/div>\t\t\t\t\t\t\t\t<\/div>\n\t\t\t\t<\/div>\n\t\t\t\t\t<\/div>\n\t\t<\/div>\n\t\t\t\t\t<\/div>\n\t\t<\/section>\n\t\t\t\t<section class=\"elementor-section elementor-top-section elementor-element elementor-element-c1f08eb elementor-section-boxed elementor-section-height-default elementor-section-height-default\" data-id=\"c1f08eb\" data-element_type=\"section\" data-e-type=\"section\">\n\t\t\t\t\t\t<div class=\"elementor-container elementor-column-gap-default\">\n\t\t\t\t\t<div class=\"elementor-column elementor-col-100 elementor-top-column elementor-element elementor-element-7876183\" data-id=\"7876183\" data-element_type=\"column\" data-e-type=\"column\">\n\t\t\t<div class=\"elementor-widget-wrap elementor-element-populated\">\n\t\t\t\t\t\t<div class=\"elementor-element elementor-element-3b6e970 elementor-widget-divider--view-line elementor-widget elementor-widget-divider\" data-id=\"3b6e970\" data-element_type=\"widget\" data-e-type=\"widget\" data-widget_type=\"divider.default\">\n\t\t\t\t<div class=\"elementor-widget-container\">\n\t\t\t\t\t\t\t<div class=\"elementor-divider\">\n\t\t\t<span class=\"elementor-divider-separator\">\n\t\t\t\t\t\t<\/span>\n\t\t<\/div>\n\t\t\t\t\t\t<\/div>\n\t\t\t\t<\/div>\n\t\t\t\t\t<\/div>\n\t\t<\/div>\n\t\t\t\t\t<\/div>\n\t\t<\/section>\n\t\t\t\t<section class=\"elementor-section elementor-top-section elementor-element elementor-element-faee1b7 elementor-section-boxed elementor-section-height-default elementor-section-height-default\" data-id=\"faee1b7\" data-element_type=\"section\" data-e-type=\"section\">\n\t\t\t\t\t\t<div class=\"elementor-container elementor-column-gap-default\">\n\t\t\t\t\t<div class=\"elementor-column elementor-col-100 elementor-top-column elementor-element elementor-element-65b0e54\" data-id=\"65b0e54\" data-element_type=\"column\" data-e-type=\"column\">\n\t\t\t<div class=\"elementor-widget-wrap elementor-element-populated\">\n\t\t\t\t\t\t<div class=\"elementor-element elementor-element-b917724 elementor-widget elementor-widget-text-editor\" data-id=\"b917724\" data-element_type=\"widget\" data-e-type=\"widget\" data-widget_type=\"text-editor.default\">\n\t\t\t\t<div class=\"elementor-widget-container\">\n\t\t\t\t\t\t\t\t\t<p>Para mayor informaci\u00f3n sobre el tema tratado contactarse con los abogados del Estudio:<\/p>\n<p>Dr. Luis Gasta\u00f1eta, Dr. Agust\u00edn Yrigoyen, Dra. Shirley C\u00e1rdenas, Dr. Alfonso Tola, Dra. Mar\u00eda Soledad Gasta\u00f1eta y el Dr. Sergio Chang.&nbsp;<\/p>\t\t\t\t\t\t\t\t<\/div>\n\t\t\t\t<\/div>\n\t\t\t\t\t<\/div>\n\t\t<\/div>\n\t\t\t\t\t<\/div>\n\t\t<\/section>\n\t\t\t\t<section class=\"elementor-section elementor-top-section elementor-element elementor-element-6d48036 elementor-section-boxed elementor-section-height-default elementor-section-height-default\" data-id=\"6d48036\" data-element_type=\"section\" data-e-type=\"section\">\n\t\t\t\t\t\t<div class=\"elementor-container elementor-column-gap-default\">\n\t\t\t\t\t<div class=\"elementor-column elementor-col-100 elementor-top-column elementor-element elementor-element-f00b644\" data-id=\"f00b644\" data-element_type=\"column\" data-e-type=\"column\">\n\t\t\t<div class=\"elementor-widget-wrap elementor-element-populated\">\n\t\t\t\t\t\t<div class=\"elementor-element elementor-element-7a4f2dc elementor-widget-divider--view-line elementor-widget elementor-widget-divider\" data-id=\"7a4f2dc\" data-element_type=\"widget\" data-e-type=\"widget\" data-widget_type=\"divider.default\">\n\t\t\t\t<div class=\"elementor-widget-container\">\n\t\t\t\t\t\t\t<div class=\"elementor-divider\">\n\t\t\t<span class=\"elementor-divider-separator\">\n\t\t\t\t\t\t<\/span>\n\t\t<\/div>\n\t\t\t\t\t\t<\/div>\n\t\t\t\t<\/div>\n\t\t\t\t\t<\/div>\n\t\t<\/div>\n\t\t\t\t\t<\/div>\n\t\t<\/section>\n\t\t\t\t<section class=\"elementor-section elementor-top-section elementor-element elementor-element-dafa3ca elementor-section-boxed elementor-section-height-default elementor-section-height-default\" data-id=\"dafa3ca\" data-element_type=\"section\" data-e-type=\"section\">\n\t\t\t\t\t\t<div class=\"elementor-container elementor-column-gap-default\">\n\t\t\t\t\t<div class=\"elementor-column elementor-col-100 elementor-top-column elementor-element elementor-element-b583722\" data-id=\"b583722\" data-element_type=\"column\" data-e-type=\"column\">\n\t\t\t<div class=\"elementor-widget-wrap elementor-element-populated\">\n\t\t\t\t\t\t<div class=\"elementor-element elementor-element-0014d2d elementor-widget elementor-widget-text-editor\" data-id=\"0014d2d\" data-element_type=\"widget\" data-e-type=\"widget\" data-widget_type=\"text-editor.default\">\n\t\t\t\t<div class=\"elementor-widget-container\">\n\t\t\t\t\t\t\t\t\t<p style=\"margin-bottom: 0cm; text-align: justify; line-height: normal; mso-layout-grid-align: none; text-autospace: none;\"><span lang=\"ES\" style=\"font-size: 10.0pt; font-family: 'Arial Narrow',sans-serif; mso-fareast-font-family: 'Times New Roman'; mso-bidi-font-family: ArialNarrow; color: gray; mso-ansi-language: ES; mso-fareast-language: ES;\">La informaci\u00f3n contenida en este documento no constituye ni pretende constituir asesor\u00eda o asistencia legal directa o indirecta de ninguna especie, ni establece ning\u00fan tipo de relaci\u00f3n profesional.<\/span><\/p><p>\u00a0<\/p><p style=\"margin-bottom: 0cm; text-align: justify; line-height: normal; mso-layout-grid-align: none; text-autospace: none;\"><span lang=\"ES\" style=\"font-size: 10.0pt; font-family: 'Arial Narrow',sans-serif; mso-fareast-font-family: 'Times New Roman'; mso-bidi-font-family: ArialNarrow; color: gray; mso-ansi-language: ES; mso-fareast-language: ES;\">Asimismo, tampoco pretende hacer publicidad de los servicios prestados por nuestra firma ni por ninguno de sus abogados. El \u00fanico prop\u00f3sito es dar informaci\u00f3n de car\u00e1cter general respecto de temas que pueden ser de inter\u00e9s para los clientes y amigos de nuestra firma. Este informativo, as\u00ed como otros informes generales y art\u00edculos de inter\u00e9s preparados por los abogados del Estudio, podr\u00e1n encontrarse en nuestra p\u00e1gina web:\u00a0<\/span><a style=\"background-color: #ffffff;\" href=\"http:\/\/localhost\/wordpress.pe\" target=\"_blank\" rel=\"noopener\">www.garciasayan.com.pe<\/a><\/p>\t\t\t\t\t\t\t\t<\/div>\n\t\t\t\t<\/div>\n\t\t\t\t\t<\/div>\n\t\t<\/div>\n\t\t\t\t\t<\/div>\n\t\t<\/section>\n\t\t\t\t<\/div>\n\t\t","protected":false},"excerpt":{"rendered":"<p>Durante el Estado de Emergencia Nacional, la Superintendencia Nacional de Registros P\u00fablicos \u2013 SUNARP identific\u00f3 diversos problemas respecto de las personas jur\u00eddicas en las cuales su estatuto y\/o la ley que las regula, contemplan la posibilidad de adoptar acuerdos en sesiones no presenciales. \u00a0 El d\u00eda de hoy, SUNARP aprob\u00f3 la difusi\u00f3n de los acuerdos [&hellip;]<\/p>\n","protected":false},"author":5,"featured_media":11084,"comment_status":"closed","ping_status":"open","sticky":false,"template":"","format":"standard","meta":{"nf_dc_page":"","content-type":"","footnotes":""},"categories":[90,76,83],"class_list":["post-11986","post","type-post","status-publish","format-standard","has-post-thumbnail","hentry","category-boletin-informativo","category-corporativo","category-covid-19"],"_links":{"self":[{"href":"https:\/\/gsalegal.pe\/en\/wp-json\/wp\/v2\/posts\/11986","targetHints":{"allow":["GET"]}}],"collection":[{"href":"https:\/\/gsalegal.pe\/en\/wp-json\/wp\/v2\/posts"}],"about":[{"href":"https:\/\/gsalegal.pe\/en\/wp-json\/wp\/v2\/types\/post"}],"author":[{"embeddable":true,"href":"https:\/\/gsalegal.pe\/en\/wp-json\/wp\/v2\/users\/5"}],"replies":[{"embeddable":true,"href":"https:\/\/gsalegal.pe\/en\/wp-json\/wp\/v2\/comments?post=11986"}],"version-history":[{"count":0,"href":"https:\/\/gsalegal.pe\/en\/wp-json\/wp\/v2\/posts\/11986\/revisions"}],"wp:featuredmedia":[{"embeddable":true,"href":"https:\/\/gsalegal.pe\/en\/wp-json\/"}],"wp:attachment":[{"href":"https:\/\/gsalegal.pe\/en\/wp-json\/wp\/v2\/media?parent=11986"}],"wp:term":[{"taxonomy":"category","embeddable":true,"href":"https:\/\/gsalegal.pe\/en\/wp-json\/wp\/v2\/categories?post=11986"}],"curies":[{"name":"wp","href":"https:\/\/api.w.org\/{rel}","templated":true}]}}