{"id":11996,"date":"2020-08-18T14:55:29","date_gmt":"2020-08-18T19:55:29","guid":{"rendered":"http:\/\/localhost\/wordpress\/?p=11996"},"modified":"2020-08-18T14:55:29","modified_gmt":"2020-08-18T19:55:29","slug":"smv-establece-disposiciones-para-presentacion-de-informacion","status":"publish","type":"post","link":"https:\/\/gsalegal.pe\/en\/smv-establece-disposiciones-para-presentacion-de-informacion\/","title":{"rendered":"SMV establece disposiciones para presentaci\u00f3n de informaci\u00f3n"},"content":{"rendered":"\t\t<div data-elementor-type=\"wp-post\" data-elementor-id=\"11996\" class=\"elementor elementor-11996\">\n\t\t\t\t\t\t<section class=\"elementor-section elementor-top-section elementor-element elementor-element-6694a57 elementor-section-boxed elementor-section-height-default elementor-section-height-default\" data-id=\"6694a57\" data-element_type=\"section\" data-e-type=\"section\">\n\t\t\t\t\t\t<div class=\"elementor-container elementor-column-gap-default\">\n\t\t\t\t\t<div class=\"elementor-column elementor-col-100 elementor-top-column elementor-element elementor-element-13dbf2f\" data-id=\"13dbf2f\" data-element_type=\"column\" data-e-type=\"column\">\n\t\t\t<div class=\"elementor-widget-wrap elementor-element-populated\">\n\t\t\t\t\t\t<div class=\"elementor-element elementor-element-3088228 elementor-widget elementor-widget-text-editor\" data-id=\"3088228\" data-element_type=\"widget\" data-e-type=\"widget\" data-widget_type=\"text-editor.default\">\n\t\t\t\t<div class=\"elementor-widget-container\">\n\t\t\t\t\t\t\t\t\t<p class=\"MsoNormal\" style=\"margin-bottom: 0cm; text-align: justify; line-height: normal;\"><span style=\"font-size: 12.0pt; font-family: 'Arial Narrow',sans-serif; mso-fareast-font-family: 'Arial Unicode MS'; mso-bidi-font-family: 'Times New Roman'; mso-fareast-language: ES;\">Como consecuencia del Estado de Emergencia Nacional, la Superintendencia del Mercado de Valores emiti\u00f3 la Resoluci\u00f3n N\u00b0033-2020-SMV\/02, modificada por la Resoluci\u00f3n N\u00b0046-2020-SMV\/02, con la finalidad de flexibilizar disposiciones aplicables a los emisores de valores mobiliarios inscritos en el Registro P\u00fablico del Mercado de Valores y entidades autorizadas por la SMV. <\/span><\/p><p class=\"MsoNormal\" style=\"margin-bottom: 0cm; text-align: justify; line-height: normal;\"><span style=\"font-size: 12.0pt; font-family: 'Arial Narrow',sans-serif; mso-fareast-font-family: 'Arial Unicode MS'; mso-bidi-font-family: 'Times New Roman'; mso-fareast-language: ES;\">\u00a0<\/span><\/p><p class=\"MsoNormal\" style=\"margin-bottom: 0cm; text-align: justify; line-height: normal;\"><span style=\"font-size: 12.0pt; font-family: 'Arial Narrow',sans-serif; mso-fareast-font-family: 'Arial Unicode MS'; mso-bidi-font-family: 'Times New Roman'; mso-fareast-language: ES;\">En raz\u00f3n a que la situaci\u00f3n actual del pa\u00eds ha cambiado y que conforme a lo dispuesto en el Decreto Supremo N\u00b0<\/span><span style=\"font-size: 12.0pt; font-family: 'Arial Narrow',sans-serif;\"> 116-2020 y sus modificatorias, s\u00f3lo algunos departamentos y provincias del Per\u00fa se mantienen bajo un r\u00e9gimen de aislamiento social obligatorio, entre los que no se encuentra Lima Metropolitana<\/span><span style=\"font-size: 12.0pt; font-family: 'Arial Narrow',sans-serif; mso-fareast-font-family: 'Arial Unicode MS'; mso-bidi-font-family: 'Times New Roman'; mso-fareast-language: ES;\">, la SMV ha decidido modificar las medidas aplicables, estableciendo las siguientes disposiciones que son de aplicaci\u00f3n a las sociedades emisoras con valores mobiliarios inscritos en el Registro P\u00fablico del Mercado de Valores, a las personas jur\u00eddicas inscritas en dicho registro y a las Empresas Administradoras de Fondos Colectivos, as\u00ed como tambi\u00e9n a los patrimonios aut\u00f3nomos que \u00e9stas administran: <\/span><\/p><p class=\"MsoNormal\" style=\"margin-bottom: 0cm; text-align: justify; line-height: normal;\"><span style=\"font-size: 12.0pt; font-family: 'Arial Narrow',sans-serif; mso-fareast-font-family: 'Arial Unicode MS'; mso-bidi-font-family: 'Times New Roman'; mso-fareast-language: ES;\">\u00a0<\/span><\/p><p class=\"MsoListParagraphCxSpFirst\" style=\"mso-add-space: auto; text-align: justify; text-indent: -18.0pt; line-height: normal; mso-list: l0 level1 lfo1; margin: 0cm 0cm 0cm 21.3pt;\"><!-- [if !supportLists]--><span style=\"font-size: 12.0pt; font-family: 'Arial Narrow',sans-serif; mso-fareast-font-family: 'Arial Narrow'; mso-bidi-font-family: 'Arial Narrow'; mso-fareast-language: ES;\">1.<span style=\"font-variant-numeric: normal; font-variant-east-asian: normal; font-stretch: normal; font-size: 7pt; line-height: normal; font-family: 'Times New Roman';\">\u00a0\u00a0\u00a0\u00a0\u00a0\u00a0 <\/span><\/span><!--[endif]--><span style=\"font-size: 12.0pt; font-family: 'Arial Narrow',sans-serif; mso-fareast-font-family: 'Arial Unicode MS'; mso-bidi-font-family: 'Times New Roman'; mso-fareast-language: ES;\">Toda aquella informaci\u00f3n exigida con car\u00e1cter general<a title=\"\" href=\"file:\/\/\/C:\/Users\/dgarcia\/AppData\/Local\/Microsoft\/Windows\/INetCache\/Content.Outlook\/DUJZMMF7\/MEMORANDUM%20SMV%20FINAL.docx#_ftn1\" name=\"_ftnref1\"><span class=\"MsoFootnoteReference\"><!-- [if !supportFootnotes]--><span class=\"MsoFootnoteReference\"><span style=\"font-size: 12pt; line-height: 106%;\">[1]<\/span><\/span><!--[endif]--><\/span><\/a>, cuyo plazo de presentaci\u00f3n haya vencido entre el 16 de marzo y el 19 de agosto de 2020, debe ser presentada a la SMV a m\u00e1s tardar el 31 de agosto de 2020. <\/span><\/p><p class=\"MsoListParagraphCxSpMiddle\" style=\"margin-left: 21.3pt; mso-add-space: auto;\"><span style=\"font-size: 12.0pt; line-height: 106%; font-family: 'Arial Narrow',sans-serif; mso-fareast-font-family: 'Arial Unicode MS'; mso-bidi-font-family: 'Times New Roman'; mso-fareast-language: ES;\">\u00a0<\/span><\/p><p class=\"MsoListParagraphCxSpMiddle\" style=\"mso-add-space: auto; text-align: justify; text-indent: -18.0pt; line-height: normal; mso-list: l0 level1 lfo1; margin: 0cm 0cm 0cm 21.3pt;\"><!-- [if !supportLists]--><span style=\"font-size: 12.0pt; font-family: 'Arial Narrow',sans-serif; mso-fareast-font-family: 'Arial Narrow'; mso-bidi-font-family: 'Arial Narrow'; mso-fareast-language: ES;\">2.<span style=\"font-variant-numeric: normal; font-variant-east-asian: normal; font-stretch: normal; font-size: 7pt; line-height: normal; font-family: 'Times New Roman';\">\u00a0\u00a0\u00a0\u00a0\u00a0\u00a0 <\/span><\/span><!--[endif]--><span style=\"font-size: 12.0pt; font-family: 'Arial Narrow',sans-serif; mso-fareast-font-family: 'Arial Unicode MS'; mso-bidi-font-family: 'Times New Roman'; mso-fareast-language: ES;\">De manera excepcional y por \u00fanica vez, los sujetos obligados deber\u00e1n difundir la informaci\u00f3n contemplada en el art\u00edculo 262-A<a title=\"\" href=\"file:\/\/\/C:\/Users\/dgarcia\/AppData\/Local\/Microsoft\/Windows\/INetCache\/Content.Outlook\/DUJZMMF7\/MEMORANDUM%20SMV%20FINAL.docx#_ftn2\" name=\"_ftnref2\"><span class=\"MsoFootnoteReference\"><!-- [if !supportFootnotes]--><span class=\"MsoFootnoteReference\"><span style=\"font-size: 12pt; line-height: 106%;\">[2]<\/span><\/span><!--[endif]--><\/span><\/a> de la Ley General de Sociedades <\/span><span style=\"font-size: 12.0pt; font-family: 'Arial Narrow',sans-serif;\">que debi\u00f3 presentarse como m\u00e1ximo el 31 de marzo del presente a\u00f1o,<\/span><span style=\"font-size: 12.0pt; font-family: 'Arial Narrow',sans-serif; mso-fareast-font-family: 'Arial Unicode MS'; mso-bidi-font-family: 'Times New Roman'; mso-fareast-language: ES;\"> a m\u00e1s tardar el 30 de setiembre de 2020 a trav\u00e9s de los medios previstos en la LGS.<\/span><\/p><p class=\"MsoListParagraphCxSpMiddle\"><span style=\"font-size: 12.0pt; line-height: 106%; font-family: 'Arial Narrow',sans-serif; mso-fareast-font-family: 'Arial Unicode MS'; mso-bidi-font-family: 'Times New Roman'; mso-fareast-language: ES;\">\u00a0<\/span><\/p><p class=\"MsoListParagraphCxSpMiddle\" style=\"mso-add-space: auto; text-align: justify; text-indent: -18.0pt; line-height: normal; mso-list: l0 level1 lfo1; margin: 0cm 0cm 0cm 21.3pt;\"><!-- [if !supportLists]--><span style=\"font-size: 12.0pt; font-family: 'Arial Narrow',sans-serif; mso-fareast-font-family: 'Arial Narrow'; mso-bidi-font-family: 'Arial Narrow'; mso-fareast-language: ES;\">3.<span style=\"font-variant-numeric: normal; font-variant-east-asian: normal; font-stretch: normal; font-size: 7pt; line-height: normal; font-family: 'Times New Roman';\">\u00a0\u00a0\u00a0\u00a0\u00a0\u00a0 <\/span><\/span><!--[endif]--><span style=\"font-size: 12.0pt; font-family: 'Arial Narrow',sans-serif; mso-fareast-font-family: 'Arial Unicode MS'; mso-bidi-font-family: 'Times New Roman'; mso-fareast-language: ES;\">Desde el 19 de agosto de 2020 se reanuda el c\u00f3mputo del plazo establecido para el cumplimiento de cualquier requerimiento formulado por la SMV de forma previa a la declaratoria del Estado de Emergencia Nacional y cuyo vencimiento se haya producido entre el 16 de marzo de 2020 y el 19 de agosto de 2020.<\/span><\/p><p class=\"MsoListParagraphCxSpMiddle\"><span style=\"font-size: 12.0pt; line-height: 106%; font-family: 'Arial Narrow',sans-serif; mso-fareast-font-family: 'Arial Unicode MS'; mso-bidi-font-family: 'Times New Roman'; mso-fareast-language: ES;\">\u00a0<\/span><\/p><p class=\"MsoListParagraphCxSpMiddle\" style=\"mso-add-space: auto; text-align: justify; text-indent: -18.0pt; line-height: normal; mso-list: l0 level1 lfo1; margin: 0cm 0cm 0cm 21.3pt;\"><!-- [if !supportLists]--><span style=\"font-size: 12.0pt; font-family: 'Arial Narrow',sans-serif; mso-fareast-font-family: 'Arial Narrow'; mso-bidi-font-family: 'Arial Narrow'; mso-fareast-language: ES;\">4.<span style=\"font-variant-numeric: normal; font-variant-east-asian: normal; font-stretch: normal; font-size: 7pt; line-height: normal; font-family: 'Times New Roman';\">\u00a0\u00a0\u00a0\u00a0\u00a0\u00a0 <\/span><\/span><!--[endif]--><span style=\"font-size: 12.0pt; font-family: 'Arial Narrow',sans-serif; mso-fareast-font-family: 'Arial Unicode MS'; mso-bidi-font-family: 'Times New Roman'; mso-fareast-language: ES;\">Se derogan los art\u00edculos 6\u00b0, 8\u00b0 y 9\u00b0 de la Resoluci\u00f3n N\u00ba 033-2020-SMV\/02<a title=\"\" href=\"file:\/\/\/C:\/Users\/dgarcia\/AppData\/Local\/Microsoft\/Windows\/INetCache\/Content.Outlook\/DUJZMMF7\/MEMORANDUM%20SMV%20FINAL.docx#_ftn3\" name=\"_ftnref3\"><span class=\"MsoFootnoteReference\"><!-- [if !supportFootnotes]--><span class=\"MsoFootnoteReference\"><span style=\"font-size: 12pt; line-height: 106%;\">[3]<\/span><\/span><!--[endif]--><\/span><\/a>.<\/span><\/p><p class=\"MsoListParagraphCxSpLast\" style=\"mso-add-space: auto; text-align: justify; line-height: normal; margin: 0cm 0cm 0cm 21.3pt;\"><span style=\"font-size: 12.0pt; font-family: 'Arial Narrow',sans-serif; mso-fareast-font-family: 'Arial Unicode MS'; mso-bidi-font-family: 'Times New Roman'; mso-fareast-language: ES;\">\u00a0<\/span><\/p><p class=\"MsoNormal\" style=\"margin-bottom: 0cm; text-align: justify; line-height: normal;\"><span style=\"font-size: 12.0pt; font-family: 'Arial Narrow',sans-serif; mso-fareast-font-family: 'Arial Unicode MS'; mso-bidi-font-family: 'Times New Roman'; mso-fareast-language: ES;\">As\u00ed consta en la Resoluci\u00f3n N\u00b0074-2020-SMV\/02 publicada el d\u00eda de hoy.<\/span><\/p><p>\u00a0<\/p><div><!-- [if !supportFootnotes]--><br clear=\"all\" \/><hr align=\"left\" size=\"1\" width=\"33%\" \/><!--[endif]--><div id=\"ftn1\"><p class=\"MsoFootnoteText\" style=\"text-align: justify;\"><a title=\"\" href=\"file:\/\/\/C:\/Users\/dgarcia\/AppData\/Local\/Microsoft\/Windows\/INetCache\/Content.Outlook\/DUJZMMF7\/MEMORANDUM%20SMV%20FINAL.docx#_ftnref1\" name=\"_ftn1\"><span class=\"MsoFootnoteReference\"><span style=\"font-family: 'Arial Narrow',sans-serif;\"><!-- [if !supportFootnotes]--><span class=\"MsoFootnoteReference\"><span style=\"font-size: 10pt; line-height: 106%;\">[1]<\/span><\/span><!--[endif]--><\/span><\/span><\/a><span style=\"font-family: 'Arial Narrow',sans-serif;\"> Informaci\u00f3n general distinta a la se\u00f1alada en los art\u00edculos 2\u00b0, 3\u00b0, 4\u00b0 y 5\u00b0 de la Resoluci\u00f3n de Superintendente N\u00b0 033-2020-SMV\/02 y los art\u00edculos 5\u00b0 y 6\u00b0 de la Resoluci\u00f3n de Superintendente N\u00b0 046-2020-SMV\/02. <\/span><\/p><\/div><div id=\"ftn2\"><p class=\"MsoFootnoteText\"><a title=\"\" href=\"file:\/\/\/C:\/Users\/dgarcia\/AppData\/Local\/Microsoft\/Windows\/INetCache\/Content.Outlook\/DUJZMMF7\/MEMORANDUM%20SMV%20FINAL.docx#_ftnref2\" name=\"_ftn2\"><!-- [if !supportFootnotes]--><span class=\"MsoFootnoteReference\"><span style=\"font-size: 10.0pt; line-height: 106%; font-family: 'Calibri',sans-serif; mso-ascii-theme-font: minor-latin; mso-fareast-font-family: Calibri; mso-fareast-theme-font: minor-latin; mso-hansi-theme-font: minor-latin; mso-bidi-font-family: 'Times New Roman'; mso-bidi-theme-font: minor-bidi; mso-ansi-language: ES-PE; mso-fareast-language: EN-US; mso-bidi-language: AR-SA;\">[2]<\/span><\/span><!--[endif]--><\/a> <b><i><span style=\"font-size: 9.0pt; mso-bidi-font-size: 10.0pt; font-family: 'Arial Narrow',sans-serif;\">Art\u00edculo 262-A.- Procedimiento de protecci\u00f3n de accionistas minoritarios<\/span><\/i><\/b><\/p><p class=\"MsoFootnoteText\" style=\"text-align: justify;\"><span lang=\"ES\" style=\"font-size: 9.0pt; mso-bidi-font-size: 10.0pt; font-family: 'Arial Narrow',sans-serif; mso-ansi-language: ES;\">A fin de proteger efectivamente los derechos de los accionistas minoritarios, la sociedad deber\u00e1 difundir en un plazo que no exceder\u00e1 de los sesenta (60) d\u00edas de realizada la Junta Obligatoria Anual o transcurrido el plazo a que se refiere el art\u00edculo 114, lo que ocurra primero, con lo siguiente:<\/span><\/p><p class=\"MsoFootnoteText\" style=\"text-align: justify;\"><span lang=\"ES\" style=\"font-size: 9.0pt; mso-bidi-font-size: 10.0pt; font-family: 'Arial Narrow',sans-serif; mso-ansi-language: ES;\">1. El n\u00famero total de acciones no reclamadas y el valor total de las mismas, seg\u00fan la cotizaci\u00f3n vigente en el mercado de valores. En caso de no existir cotizaci\u00f3n vigente, deber\u00e1 consignarse el valor nominal de las acciones;<\/span><\/p><p class=\"MsoFootnoteText\" style=\"text-align: justify;\"><span lang=\"ES\" style=\"font-size: 9.0pt; mso-bidi-font-size: 10.0pt; font-family: 'Arial Narrow',sans-serif; mso-ansi-language: ES;\">2. El monto total de los dividendos no cobrados y exigibles conforme al acuerdo de declaraci\u00f3n de dividendos;<\/span><\/p><p class=\"MsoFootnoteText\" style=\"text-align: justify;\"><span lang=\"ES\" style=\"font-size: 9.0pt; mso-bidi-font-size: 10.0pt; font-family: 'Arial Narrow',sans-serif; mso-ansi-language: ES;\">3. El lugar donde se encuentran los listados con informaci\u00f3n detallada, as\u00ed como el lugar y el horario de atenci\u00f3n para que los accionistas minoritarios puedan reclamar sus acciones y\/o cobrar sus dividendos;<\/span><\/p><p class=\"MsoFootnoteText\" style=\"text-align: justify;\"><span lang=\"ES\" style=\"font-size: 9.0pt; mso-bidi-font-size: 10.0pt; font-family: 'Arial Narrow',sans-serif; mso-ansi-language: ES;\">\u00a04. El listado de accionistas que no han reclamado sus acciones y\/o dividendos.<\/span><\/p><p class=\"MsoFootnoteText\" style=\"text-align: justify;\"><span lang=\"ES\" style=\"font-size: 9.0pt; mso-bidi-font-size: 10.0pt; font-family: 'Arial Narrow',sans-serif; mso-ansi-language: ES;\">Dicha difusi\u00f3n deber\u00e1 ser efectuada en la p\u00e1gina web de la sociedad si la tuviera y en el Portal del Mercado de Valores de la SMV. Adicionalmente, podr\u00e1n utilizarse otros medios de difusi\u00f3n masiva.<\/span><\/p><p class=\"MsoFootnoteText\" style=\"text-align: justify;\"><span lang=\"ES\" style=\"font-size: 9.0pt; mso-bidi-font-size: 10.0pt; font-family: 'Arial Narrow',sans-serif; mso-ansi-language: ES;\">Para aquellas sociedades que se encuentran en liquidaci\u00f3n, situaci\u00f3n de insolvencia o con patrimonio negativo, la obligaci\u00f3n a que hace referencia el primer p\u00e1rrafo del presente art\u00edculo, se entender\u00e1 cumplida con la sola publicaci\u00f3n de un aviso que indique el lugar donde se encuentre la informaci\u00f3n antes requerida y el horario de atenci\u00f3n.<\/span><\/p><\/div><div id=\"ftn3\"><p class=\"MsoFootnoteText\" style=\"text-align: justify;\"><a title=\"\" href=\"file:\/\/\/C:\/Users\/dgarcia\/AppData\/Local\/Microsoft\/Windows\/INetCache\/Content.Outlook\/DUJZMMF7\/MEMORANDUM%20SMV%20FINAL.docx#_ftnref3\" name=\"_ftn3\"><span class=\"MsoFootnoteReference\"><span style=\"font-family: 'Arial Narrow',sans-serif;\"><!-- [if !supportFootnotes]--><span class=\"MsoFootnoteReference\"><span style=\"font-size: 10pt; line-height: 106%;\">[3]<\/span><\/span><!--[endif]--><\/span><\/span><\/a> <b><i><span style=\"font-size: 9.0pt; mso-bidi-font-size: 10.0pt; font-family: 'Arial Narrow',sans-serif;\">Art\u00edculo 6\u00b0.- Reportes e informaci\u00f3n exigibles a ser presentada por el sistema MVnet<\/span><\/i><\/b><\/p><p class=\"MsoFootnoteText\" style=\"text-align: justify;\"><i><span style=\"font-size: 9.0pt; mso-bidi-font-size: 10.0pt; font-family: 'Arial Narrow',sans-serif;\">Las sociedades obligadas deber\u00e1n continuar enviando sus hechos de importancia por el Sistema MVNET. Las Sociedades Agentes de Bolsa deber\u00e1n remitir los archivos diarios de operaciones e indicadores prudenciales y en el caso de las Sociedades Administradoras de Fondos Mutuos y Sociedades Administradoras de Fondos que administren Fondos Mutuos de Inversi\u00f3n, el reporte diario de cuotas, de part\u00edcipes y de valor cuota.<\/span><\/i><\/p><p class=\"MsoFootnoteText\" style=\"text-align: justify;\"><i><span style=\"font-size: 9.0pt; mso-bidi-font-size: 10.0pt; font-family: 'Arial Narrow',sans-serif;\">(\u2026) <\/span><\/i><\/p><p class=\"MsoFootnoteText\" style=\"text-align: justify;\"><span class=\"MsoFootnoteReference\"><b><i><span style=\"font-size: 9.0pt; mso-bidi-font-size: 10.0pt; font-family: 'Arial Narrow',sans-serif;\">Art\u00edculo 8.- Suspensi\u00f3n de plazos de presentaci\u00f3n del resto de informaci\u00f3n<\/span><\/i><\/b><\/span><b><i><\/i><\/b><\/p><p class=\"MsoFootnoteText\" style=\"text-align: justify;\"><span class=\"MsoFootnoteReference\"><i><span style=\"font-size: 9.0pt; mso-bidi-font-size: 10.0pt; font-family: 'Arial Narrow',sans-serif;\">No ser\u00e1 exigible la entrega de informaci\u00f3n, diferente a la mencionada en los art\u00edculos precedentes o cualquier requerimiento de informaci\u00f3n formulado previamente a la declaratoria del Estado de Emergencia Nacional, cuyo vencimiento de presentaci\u00f3n se produzca durante el per\u00edodo que dure el mismo. Culminado el per\u00edodo del Estado de Emergencia Nacional, la SMV comunicar\u00e1 la nueva oportunidad para su entrega. <\/span><\/i><\/span><i><\/i><\/p><p class=\"MsoFootnoteText\" style=\"text-align: justify;\"><span class=\"MsoFootnoteReference\"><b><i><span style=\"font-size: 9.0pt; mso-bidi-font-size: 10.0pt; font-family: 'Arial Narrow',sans-serif;\">Art\u00edculo 9.- <\/span><\/i><\/b><\/span><b><i><span style=\"font-size: 9.0pt; mso-bidi-font-size: 10.0pt; font-family: 'Arial Narrow',sans-serif;\">S<span class=\"MsoFootnoteReference\">ervicios que se mantienen<\/span><\/span><\/i><\/b><\/p><p class=\"MsoFootnoteText\" style=\"text-align: justify;\"><span class=\"MsoFootnoteReference\"><i><span style=\"font-size: 9.0pt; mso-bidi-font-size: 10.0pt; font-family: 'Arial Narrow',sans-serif;\">\u00a0Disponer que los servicios que se mantendr\u00e1n son los siguientes:<\/span><\/i><\/span><\/p><p class=\"MsoFootnoteText\" style=\"text-align: justify;\"><span class=\"MsoFootnoteReference\"><i><span style=\"font-size: 9.0pt; mso-bidi-font-size: 10.0pt; font-family: 'Arial Narrow',sans-serif;\">1. Negociaci\u00f3n de valores y traspaso de valores entre cuentas matrices de participantes. 2. Entrega y pago de dividendos o cualquier otro derecho o beneficio sobre valores inscritos en el RPMV. 3. Suscripciones y rescates de cuotas de fondos mutuos. 4. Proveedur\u00eda de precios por parte de las Empresas Proveedoras de Precios.<\/span><\/i><\/span><i><\/i><\/p><\/div><\/div>\t\t\t\t\t\t\t\t<\/div>\n\t\t\t\t<\/div>\n\t\t\t\t\t<\/div>\n\t\t<\/div>\n\t\t\t\t\t<\/div>\n\t\t<\/section>\n\t\t\t\t<section class=\"elementor-section elementor-top-section elementor-element elementor-element-69aa549 elementor-section-boxed elementor-section-height-default elementor-section-height-default\" data-id=\"69aa549\" data-element_type=\"section\" data-e-type=\"section\">\n\t\t\t\t\t\t<div class=\"elementor-container elementor-column-gap-default\">\n\t\t\t\t\t<div class=\"elementor-column elementor-col-100 elementor-top-column elementor-element elementor-element-8c13afa\" data-id=\"8c13afa\" data-element_type=\"column\" data-e-type=\"column\">\n\t\t\t<div class=\"elementor-widget-wrap elementor-element-populated\">\n\t\t\t\t\t\t<div class=\"elementor-element elementor-element-cfbe2c5 elementor-widget-divider--view-line elementor-widget elementor-widget-divider\" data-id=\"cfbe2c5\" data-element_type=\"widget\" data-e-type=\"widget\" data-widget_type=\"divider.default\">\n\t\t\t\t<div class=\"elementor-widget-container\">\n\t\t\t\t\t\t\t<div class=\"elementor-divider\">\n\t\t\t<span class=\"elementor-divider-separator\">\n\t\t\t\t\t\t<\/span>\n\t\t<\/div>\n\t\t\t\t\t\t<\/div>\n\t\t\t\t<\/div>\n\t\t\t\t\t<\/div>\n\t\t<\/div>\n\t\t\t\t\t<\/div>\n\t\t<\/section>\n\t\t\t\t<section class=\"elementor-section elementor-top-section elementor-element elementor-element-b483b1e elementor-section-boxed elementor-section-height-default elementor-section-height-default\" data-id=\"b483b1e\" data-element_type=\"section\" data-e-type=\"section\">\n\t\t\t\t\t\t<div class=\"elementor-container elementor-column-gap-default\">\n\t\t\t\t\t<div class=\"elementor-column elementor-col-100 elementor-top-column elementor-element elementor-element-65d1e23\" data-id=\"65d1e23\" data-element_type=\"column\" data-e-type=\"column\">\n\t\t\t<div class=\"elementor-widget-wrap elementor-element-populated\">\n\t\t\t\t\t\t<div class=\"elementor-element elementor-element-de6ece1 elementor-widget elementor-widget-text-editor\" data-id=\"de6ece1\" data-element_type=\"widget\" data-e-type=\"widget\" data-widget_type=\"text-editor.default\">\n\t\t\t\t<div class=\"elementor-widget-container\">\n\t\t\t\t\t\t\t\t\t<p>Para mayor informaci\u00f3n sobre el tema tratado contactarse con los abogados del Estudio:<\/p><p>Dr. Luis Gasta\u00f1eta, Dr. Agust\u00edn Yrigoyen, Dra. Shirley C\u00e1rdenas, Dr. Alfonso Tola, Dra. Mar\u00eda Soledad Gasta\u00f1eta y el Dr. Sergio Chang.<\/p>\t\t\t\t\t\t\t\t<\/div>\n\t\t\t\t<\/div>\n\t\t\t\t\t<\/div>\n\t\t<\/div>\n\t\t\t\t\t<\/div>\n\t\t<\/section>\n\t\t\t\t<section class=\"elementor-section elementor-top-section elementor-element elementor-element-6b292da elementor-section-boxed elementor-section-height-default elementor-section-height-default\" data-id=\"6b292da\" data-element_type=\"section\" data-e-type=\"section\">\n\t\t\t\t\t\t<div class=\"elementor-container elementor-column-gap-default\">\n\t\t\t\t\t<div class=\"elementor-column elementor-col-100 elementor-top-column elementor-element elementor-element-af9af43\" data-id=\"af9af43\" data-element_type=\"column\" data-e-type=\"column\">\n\t\t\t<div class=\"elementor-widget-wrap elementor-element-populated\">\n\t\t\t\t\t\t<div class=\"elementor-element elementor-element-0db8cd9 elementor-widget-divider--view-line elementor-widget elementor-widget-divider\" data-id=\"0db8cd9\" data-element_type=\"widget\" data-e-type=\"widget\" data-widget_type=\"divider.default\">\n\t\t\t\t<div class=\"elementor-widget-container\">\n\t\t\t\t\t\t\t<div class=\"elementor-divider\">\n\t\t\t<span class=\"elementor-divider-separator\">\n\t\t\t\t\t\t<\/span>\n\t\t<\/div>\n\t\t\t\t\t\t<\/div>\n\t\t\t\t<\/div>\n\t\t\t\t\t<\/div>\n\t\t<\/div>\n\t\t\t\t\t<\/div>\n\t\t<\/section>\n\t\t\t\t<section class=\"elementor-section elementor-top-section elementor-element elementor-element-3c9aa73 elementor-section-boxed elementor-section-height-default elementor-section-height-default\" data-id=\"3c9aa73\" data-element_type=\"section\" data-e-type=\"section\">\n\t\t\t\t\t\t<div class=\"elementor-container elementor-column-gap-default\">\n\t\t\t\t\t<div class=\"elementor-column elementor-col-100 elementor-top-column elementor-element elementor-element-8b4f537\" data-id=\"8b4f537\" data-element_type=\"column\" data-e-type=\"column\">\n\t\t\t<div class=\"elementor-widget-wrap elementor-element-populated\">\n\t\t\t\t\t\t<div class=\"elementor-element elementor-element-13244b4 elementor-widget elementor-widget-text-editor\" data-id=\"13244b4\" data-element_type=\"widget\" data-e-type=\"widget\" data-widget_type=\"text-editor.default\">\n\t\t\t\t<div class=\"elementor-widget-container\">\n\t\t\t\t\t\t\t\t\t<p style=\"margin-bottom: 0cm; text-align: justify; line-height: normal; mso-layout-grid-align: none; text-autospace: none;\"><span lang=\"ES\" style=\"font-size: 10.0pt; font-family: 'Arial Narrow',sans-serif; mso-fareast-font-family: 'Times New Roman'; mso-bidi-font-family: ArialNarrow; color: gray; mso-ansi-language: ES; mso-fareast-language: ES;\">La informaci\u00f3n contenida en este documento no constituye ni pretende constituir asesor\u00eda o asistencia legal directa o indirecta de ninguna especie, ni establece ning\u00fan tipo de relaci\u00f3n profesional.<\/span><\/p><p>\u00a0<\/p><p style=\"margin-bottom: 0cm; text-align: justify; line-height: normal; mso-layout-grid-align: none; text-autospace: none;\"><span lang=\"ES\" style=\"font-size: 10.0pt; font-family: 'Arial Narrow',sans-serif; mso-fareast-font-family: 'Times New Roman'; mso-bidi-font-family: ArialNarrow; color: gray; mso-ansi-language: ES; mso-fareast-language: ES;\">Asimismo, tampoco pretende hacer publicidad de los servicios prestados por nuestra firma ni por ninguno de sus abogados. El \u00fanico prop\u00f3sito es dar informaci\u00f3n de car\u00e1cter general respecto de temas que pueden ser de inter\u00e9s para los clientes y amigos de nuestra firma. Este informativo, as\u00ed como otros informes generales y art\u00edculos de inter\u00e9s preparados por los abogados del Estudio, podr\u00e1n encontrarse en nuestra p\u00e1gina web:\u00a0<\/span><a style=\"background-color: #ffffff;\" href=\"http:\/\/localhost\/wordpress.pe\" target=\"_blank\" rel=\"noopener\">www.garciasayan.com.pe<\/a><\/p>\t\t\t\t\t\t\t\t<\/div>\n\t\t\t\t<\/div>\n\t\t\t\t\t<\/div>\n\t\t<\/div>\n\t\t\t\t\t<\/div>\n\t\t<\/section>\n\t\t\t\t<\/div>\n\t\t","protected":false},"excerpt":{"rendered":"<p>Como consecuencia del Estado de Emergencia Nacional, la Superintendencia del Mercado de Valores emiti\u00f3 la Resoluci\u00f3n N\u00b0033-2020-SMV\/02, modificada por la Resoluci\u00f3n N\u00b0046-2020-SMV\/02, con la finalidad de flexibilizar disposiciones aplicables a los emisores de valores mobiliarios inscritos en el Registro P\u00fablico del Mercado de Valores y entidades autorizadas por la SMV. \u00a0 En raz\u00f3n a que [&hellip;]<\/p>\n","protected":false},"author":5,"featured_media":9635,"comment_status":"closed","ping_status":"open","sticky":false,"template":"","format":"standard","meta":{"nf_dc_page":"","content-type":"","footnotes":""},"categories":[90,76,83],"class_list":["post-11996","post","type-post","status-publish","format-standard","has-post-thumbnail","hentry","category-boletin-informativo","category-corporativo","category-covid-19"],"_links":{"self":[{"href":"https:\/\/gsalegal.pe\/en\/wp-json\/wp\/v2\/posts\/11996","targetHints":{"allow":["GET"]}}],"collection":[{"href":"https:\/\/gsalegal.pe\/en\/wp-json\/wp\/v2\/posts"}],"about":[{"href":"https:\/\/gsalegal.pe\/en\/wp-json\/wp\/v2\/types\/post"}],"author":[{"embeddable":true,"href":"https:\/\/gsalegal.pe\/en\/wp-json\/wp\/v2\/users\/5"}],"replies":[{"embeddable":true,"href":"https:\/\/gsalegal.pe\/en\/wp-json\/wp\/v2\/comments?post=11996"}],"version-history":[{"count":0,"href":"https:\/\/gsalegal.pe\/en\/wp-json\/wp\/v2\/posts\/11996\/revisions"}],"wp:featuredmedia":[{"embeddable":true,"href":"https:\/\/gsalegal.pe\/en\/wp-json\/"}],"wp:attachment":[{"href":"https:\/\/gsalegal.pe\/en\/wp-json\/wp\/v2\/media?parent=11996"}],"wp:term":[{"taxonomy":"category","embeddable":true,"href":"https:\/\/gsalegal.pe\/en\/wp-json\/wp\/v2\/categories?post=11996"}],"curies":[{"name":"wp","href":"https:\/\/api.w.org\/{rel}","templated":true}]}}