{"id":12002,"date":"2020-08-20T14:30:47","date_gmt":"2020-08-20T19:30:47","guid":{"rendered":"http:\/\/localhost\/wordpress\/?p=12002"},"modified":"2020-08-20T14:30:47","modified_gmt":"2020-08-20T19:30:47","slug":"modifican-reglamento-operativo-de-fae-agro","status":"publish","type":"post","link":"https:\/\/gsalegal.pe\/en\/modifican-reglamento-operativo-de-fae-agro\/","title":{"rendered":"Modifican Reglamento Operativo de FAE-AGRO"},"content":{"rendered":"\t\t<div data-elementor-type=\"wp-post\" data-elementor-id=\"12002\" class=\"elementor elementor-12002\">\n\t\t\t\t\t\t<section class=\"elementor-section elementor-top-section elementor-element elementor-element-e41cfd2 elementor-section-boxed elementor-section-height-default elementor-section-height-default\" data-id=\"e41cfd2\" data-element_type=\"section\" data-e-type=\"section\">\n\t\t\t\t\t\t<div class=\"elementor-container elementor-column-gap-default\">\n\t\t\t\t\t<div class=\"elementor-column elementor-col-100 elementor-top-column elementor-element elementor-element-23ec2b5\" data-id=\"23ec2b5\" data-element_type=\"column\" data-e-type=\"column\">\n\t\t\t<div class=\"elementor-widget-wrap elementor-element-populated\">\n\t\t\t\t\t\t<div class=\"elementor-element elementor-element-df621c3 elementor-widget elementor-widget-text-editor\" data-id=\"df621c3\" data-element_type=\"widget\" data-e-type=\"widget\" data-widget_type=\"text-editor.default\">\n\t\t\t\t<div class=\"elementor-widget-container\">\n\t\t\t\t\t\t\t\t\t<p class=\"MsoNormal\" style=\"margin-bottom: 0cm; text-align: justify; line-height: normal;\"><span style=\"font-size: 12.0pt; font-family: 'Arial Narrow',sans-serif; mso-fareast-font-family: 'Arial Unicode MS'; mso-bidi-font-family: 'Times New Roman'; mso-fareast-language: ES;\">El Ministerio de Econom\u00eda y Finanzas modific\u00f3 los art\u00edculos 2, 5 y 8 del Reglamento Operativo del<\/span> <span style=\"font-size: 12.0pt; font-family: 'Arial Narrow',sans-serif; mso-fareast-font-family: 'Arial Unicode MS'; mso-bidi-font-family: 'Times New Roman'; mso-fareast-language: ES;\">Programa de Garant\u00eda del Gobierno Nacional para el Financiamiento Agrario Empresarial &#8211; FAE-AGRO (en adelante, el Reglamento) con la finalidad de incluir las modificaciones efectuadas por el Decreto de Urgencia N\u00b0096-2020 y precisar los criterios de elegibilidad de las entidades del sistema financiero (ESF) y de las Cooperativas de Ahorro y Cr\u00e9dito No Autorizadas a Captar Recursos del P\u00fablico (COOPAC), seg\u00fan se detalla a continuaci\u00f3n:<\/span><\/p><p class=\"MsoNormal\" style=\"margin-bottom: 0cm; text-align: justify; line-height: normal;\"><span style=\"font-size: 12.0pt; font-family: 'Arial Narrow',sans-serif; mso-fareast-font-family: 'Arial Unicode MS'; mso-bidi-font-family: 'Times New Roman'; mso-fareast-language: ES;\">\u00a0<\/span><\/p><p class=\"MsoListParagraphCxSpFirst\" style=\"mso-add-space: auto; text-align: justify; text-indent: -18.0pt; line-height: normal; mso-list: l0 level1 lfo1; margin: 0cm 0cm 0cm 21.3pt;\"><!-- [if !supportLists]--><span style=\"font-size: 12.0pt; font-family: 'Arial Narrow',sans-serif; mso-fareast-font-family: 'Arial Narrow'; mso-bidi-font-family: 'Arial Narrow'; mso-fareast-language: ES;\">1.<span style=\"font-variant-numeric: normal; font-variant-east-asian: normal; font-stretch: normal; font-size: 7pt; line-height: normal; font-family: 'Times New Roman';\">\u00a0\u00a0\u00a0\u00a0\u00a0\u00a0 <\/span><\/span><!--[endif]--><span style=\"font-size: 12.0pt; font-family: 'Arial Narrow',sans-serif; mso-fareast-font-family: 'Arial Unicode MS'; mso-bidi-font-family: 'Times New Roman'; mso-fareast-language: ES;\">Se modificaron algunas definiciones se\u00f1aladas en el art\u00edculo 2 del Reglamento:<\/span><\/p><p class=\"MsoListParagraphCxSpMiddle\" style=\"mso-add-space: auto; text-align: justify; text-indent: -18.0pt; line-height: normal; mso-list: l0 level2 lfo1; margin: 0cm 0cm 0cm 42.55pt;\"><!-- [if !supportLists]--><span style=\"font-size: 12.0pt; font-family: 'Arial Narrow',sans-serif; mso-fareast-font-family: 'Arial Narrow'; mso-bidi-font-family: 'Arial Narrow'; mso-fareast-language: ES;\">a.<span style=\"font-variant-numeric: normal; font-variant-east-asian: normal; font-stretch: normal; font-size: 7pt; line-height: normal; font-family: 'Times New Roman';\">\u00a0\u00a0\u00a0\u00a0\u00a0\u00a0 <\/span><\/span><!--[endif]--><span style=\"font-size: 12.0pt; font-family: 'Arial Narrow',sans-serif; mso-fareast-font-family: 'Arial Unicode MS'; mso-bidi-font-family: 'Times New Roman'; mso-fareast-language: ES;\">Se considerar\u00e1 como <b>campa\u00f1a agr\u00edcola 2020-2021<\/b> al periodo comprendido entre agosto del 2020 hasta julio del 2021, incluy\u00e9ndose los cultivos transitorios, permanentes y la promoci\u00f3n de la actividad pecuaria.<\/span><\/p><p class=\"MsoListParagraphCxSpMiddle\" style=\"mso-add-space: auto; text-align: justify; text-indent: -18.0pt; line-height: normal; mso-list: l0 level2 lfo1; margin: 0cm 0cm 0cm 42.55pt;\"><!-- [if !supportLists]--><span style=\"font-size: 12.0pt; font-family: 'Arial Narrow',sans-serif; mso-fareast-font-family: 'Arial Narrow'; mso-bidi-font-family: 'Arial Narrow'; mso-fareast-language: ES;\">b.<span style=\"font-variant-numeric: normal; font-variant-east-asian: normal; font-stretch: normal; font-size: 7pt; line-height: normal; font-family: 'Times New Roman';\">\u00a0\u00a0\u00a0\u00a0\u00a0\u00a0 <\/span><\/span><!--[endif]--><span style=\"font-size: 12.0pt; font-family: 'Arial Narrow',sans-serif; mso-fareast-font-family: 'Arial Unicode MS'; mso-bidi-font-family: 'Times New Roman'; mso-fareast-language: ES;\">Se considerar\u00e1 como <b>fenolog\u00eda del cultivo<\/b> al periodo vegetativo de los cultivos transitorios como permanentes que culminan con la comercializaci\u00f3n del producto.<\/span><\/p><p class=\"MsoListParagraphCxSpMiddle\" style=\"mso-add-space: auto; text-align: justify; text-indent: -18.0pt; line-height: normal; mso-list: l0 level2 lfo1; margin: 0cm 0cm 0cm 42.55pt;\"><!-- [if !supportLists]--><span style=\"font-size: 12.0pt; font-family: 'Arial Narrow',sans-serif; mso-fareast-font-family: 'Arial Narrow'; mso-bidi-font-family: 'Arial Narrow'; mso-fareast-language: ES;\">c.<span style=\"font-variant-numeric: normal; font-variant-east-asian: normal; font-stretch: normal; font-size: 7pt; line-height: normal; font-family: 'Times New Roman';\">\u00a0\u00a0\u00a0\u00a0\u00a0\u00a0 <\/span><\/span><!--[endif]--><span style=\"font-size: 12.0pt; font-family: 'Arial Narrow',sans-serif; mso-fareast-font-family: 'Arial Unicode MS'; mso-bidi-font-family: 'Times New Roman'; mso-fareast-language: ES;\">Se considerar\u00e1 como <b>peque\u00f1o productor agrario<\/b> a aquellos que califiquen dentro de la categor\u00eda de \u201cagricultura familiar\u201d, de acuerdo a lo establecido en el art\u00edculo 7<a title=\"\" href=\"file:\/\/\/C:\/Users\/dgarcia\/AppData\/Local\/Microsoft\/Windows\/INetCache\/Content.Outlook\/DUJZMMF7\/MEMORANDUM%20MODF%20REG%20OP%20FAE%20AGRO.DOCX#_ftn1\" name=\"_ftnref1\"><span class=\"MsoFootnoteReference\"><!-- [if !supportFootnotes]--><span class=\"MsoFootnoteReference\"><span style=\"font-size: 12pt; line-height: 106%;\">[1]<\/span><\/span><!--[endif]--><\/span><\/a> del Reglamento de la Ley de Promoci\u00f3n y Desarrollo de la Agricultura Familiar<a title=\"\" href=\"file:\/\/\/C:\/Users\/dgarcia\/AppData\/Local\/Microsoft\/Windows\/INetCache\/Content.Outlook\/DUJZMMF7\/MEMORANDUM%20MODF%20REG%20OP%20FAE%20AGRO.DOCX#_ftn2\" name=\"_ftnref2\"><span class=\"MsoFootnoteReference\"><!-- [if !supportFootnotes]--><span class=\"MsoFootnoteReference\"><span style=\"font-size: 12pt; line-height: 106%;\">[2]<\/span><\/span><!--[endif]--><\/span><\/a>, desarrollando las siguientes actividades: <\/span><\/p><p class=\"MsoListParagraphCxSpMiddle\" style=\"mso-add-space: auto; text-align: justify; text-indent: -2.0cm; mso-text-indent-alt: -9.0pt; line-height: normal; mso-list: l0 level3 lfo1; margin: 0cm 0cm 0cm 2.0cm;\"><!-- [if !supportLists]--><span style=\"font-size: 12.0pt; font-family: 'Arial Narrow',sans-serif; mso-fareast-font-family: 'Arial Narrow'; mso-bidi-font-family: 'Arial Narrow'; mso-fareast-language: ES;\"><span style=\"font-variant-numeric: normal; font-variant-east-asian: normal; font-stretch: normal; font-size: 7pt; line-height: normal; font-family: 'Times New Roman';\">\u00a0\u00a0\u00a0\u00a0\u00a0\u00a0\u00a0\u00a0\u00a0\u00a0\u00a0\u00a0\u00a0\u00a0\u00a0\u00a0\u00a0\u00a0\u00a0\u00a0\u00a0\u00a0\u00a0\u00a0\u00a0\u00a0\u00a0\u00a0 <\/span>i.<span style=\"font-variant-numeric: normal; font-variant-east-asian: normal; font-stretch: normal; font-size: 7pt; line-height: normal; font-family: 'Times New Roman';\">\u00a0\u00a0\u00a0\u00a0\u00a0 <\/span><\/span><!--[endif]--><span style=\"font-size: 12.0pt; font-family: 'Arial Narrow',sans-serif; mso-fareast-font-family: 'Arial Unicode MS'; mso-bidi-font-family: 'Times New Roman'; mso-fareast-language: ES;\">Actividad agr\u00edcola en cultivos transitorios y\/o permanentes; y\/o promoci\u00f3n de la actividad pecuaria, incidiendo en el abastecimiento de alimentos a nivel nacional, demostrando trabajar la tierra de forma directa y explotando extensiones de hasta 5 hect\u00e1reas, y\/o,<\/span><\/p><p class=\"MsoListParagraphCxSpMiddle\" style=\"mso-add-space: auto; text-align: justify; text-indent: -2.0cm; mso-text-indent-alt: -9.0pt; line-height: normal; mso-list: l0 level3 lfo1; margin: 0cm 0cm 0cm 2.0cm;\"><!-- [if !supportLists]--><span style=\"font-size: 12.0pt; font-family: 'Arial Narrow',sans-serif; mso-fareast-font-family: 'Arial Narrow'; mso-bidi-font-family: 'Arial Narrow'; mso-fareast-language: ES;\"><span style=\"font-variant-numeric: normal; font-variant-east-asian: normal; font-stretch: normal; font-size: 7pt; line-height: normal; font-family: 'Times New Roman';\">\u00a0\u00a0\u00a0\u00a0\u00a0\u00a0\u00a0\u00a0\u00a0\u00a0\u00a0\u00a0\u00a0\u00a0\u00a0\u00a0\u00a0\u00a0\u00a0\u00a0\u00a0\u00a0\u00a0\u00a0\u00a0\u00a0 <\/span>ii.<span style=\"font-variant-numeric: normal; font-variant-east-asian: normal; font-stretch: normal; font-size: 7pt; line-height: normal; font-family: 'Times New Roman';\">\u00a0\u00a0\u00a0\u00a0\u00a0 <\/span><\/span><!--[endif]--><span style=\"font-size: 12.0pt; font-family: 'Arial Narrow',sans-serif; mso-fareast-font-family: 'Arial Unicode MS'; mso-bidi-font-family: 'Times New Roman'; mso-fareast-language: ES;\">Actividades pecuarias relacionadas con: (i) la utilizaci\u00f3n de los animales que explota zoot\u00e9cnicamente y usa el suelo con fines agrarios, y\/o (ii) que demuestra el manejo de hasta 200 vacunos, o hasta 600 ovinos, o hasta 1,000 cam\u00e9lidos, o hasta 500 caprinos, o hasta 4,000 cuyes, o hasta 10,000 aves, o hasta 250 porcinos.<\/span><\/p><p class=\"MsoListParagraphCxSpMiddle\" style=\"margin-bottom: 0cm; mso-add-space: auto; text-align: justify; line-height: normal;\"><span style=\"font-size: 12.0pt; font-family: 'Arial Narrow',sans-serif; mso-fareast-font-family: 'Arial Unicode MS'; mso-bidi-font-family: 'Times New Roman'; mso-fareast-language: ES;\">\u00a0<\/span><\/p><p class=\"MsoListParagraphCxSpMiddle\" style=\"mso-add-space: auto; text-align: justify; text-indent: -18.0pt; line-height: normal; mso-list: l0 level1 lfo1; margin: 0cm 0cm 0cm 21.3pt;\"><!-- [if !supportLists]--><span style=\"font-size: 12.0pt; font-family: 'Arial Narrow',sans-serif; mso-fareast-font-family: 'Arial Narrow'; mso-bidi-font-family: 'Arial Narrow'; mso-fareast-language: ES;\">2.<span style=\"font-variant-numeric: normal; font-variant-east-asian: normal; font-stretch: normal; font-size: 7pt; line-height: normal; font-family: 'Times New Roman';\">\u00a0\u00a0\u00a0\u00a0\u00a0\u00a0 <\/span><\/span><!--[endif]--><span style=\"font-size: 12.0pt; font-family: 'Arial Narrow',sans-serif; mso-fareast-font-family: 'Arial Unicode MS'; mso-bidi-font-family: 'Times New Roman'; mso-fareast-language: ES;\">Se modifican los criterios de elegibilidad de las ESF o COOPAC para recibir un cr\u00e9dito garantizado en el marco del FAE-AGRO:<\/span><\/p><p class=\"MsoListParagraphCxSpMiddle\" style=\"mso-add-space: auto; text-align: justify; text-indent: -18.0pt; line-height: normal; mso-list: l0 level2 lfo1; margin: 0cm 0cm 0cm 42.55pt;\"><!-- [if !supportLists]--><span style=\"font-size: 12.0pt; font-family: 'Arial Narrow',sans-serif; mso-fareast-font-family: 'Arial Narrow'; mso-bidi-font-family: 'Arial Narrow'; mso-fareast-language: ES;\">a.<span style=\"font-variant-numeric: normal; font-variant-east-asian: normal; font-stretch: normal; font-size: 7pt; line-height: normal; font-family: 'Times New Roman';\">\u00a0\u00a0\u00a0\u00a0\u00a0\u00a0 <\/span><\/span><!--[endif]--><span style=\"font-size: 12.0pt; font-family: 'Arial Narrow',sans-serif; mso-fareast-font-family: 'Arial Unicode MS'; mso-bidi-font-family: 'Times New Roman'; mso-fareast-language: ES;\">Se incluye como requisito el cumplimiento de los siguientes indicadores de precalificaci\u00f3n: (i) participaci\u00f3n de cartera agr\u00edcola <u>y\/o pecuaria,<\/u> respecto del saldo total de cartera de colocaciones empresariales y (ii) los asociados y accionistas que controlen un porcentaje m\u00ednimo de 10% de las ESF o COOPAC, los directores u \u00f3rgano equivalente, los miembros de alta direcci\u00f3n, alta gerencia o equivalente, no deber\u00e1n tener sentencia firme por lavado de activos y financiamiento del terrorismo<a title=\"\" href=\"file:\/\/\/C:\/Users\/dgarcia\/AppData\/Local\/Microsoft\/Windows\/INetCache\/Content.Outlook\/DUJZMMF7\/MEMORANDUM%20MODF%20REG%20OP%20FAE%20AGRO.DOCX#_ftn3\" name=\"_ftnref3\"><span class=\"MsoFootnoteReference\"><!-- [if !supportFootnotes]--><span class=\"MsoFootnoteReference\"><span style=\"font-size: 12pt; line-height: 106%;\">[3]<\/span><\/span><!--[endif]--><\/span><\/a>.<\/span><\/p><p class=\"MsoListParagraphCxSpMiddle\" style=\"mso-add-space: auto; text-align: justify; text-indent: -18.0pt; line-height: normal; mso-list: l0 level2 lfo1; margin: 0cm 0cm 0cm 42.55pt;\"><!-- [if !supportLists]--><span style=\"font-size: 12.0pt; font-family: 'Arial Narrow',sans-serif; mso-fareast-font-family: 'Arial Narrow'; mso-bidi-font-family: 'Arial Narrow'; mso-fareast-language: ES;\">b.<span style=\"font-variant-numeric: normal; font-variant-east-asian: normal; font-stretch: normal; font-size: 7pt; line-height: normal; font-family: 'Times New Roman';\">\u00a0\u00a0\u00a0\u00a0\u00a0\u00a0 <\/span><\/span><!--[endif]--><span style=\"font-size: 12.0pt; font-family: 'Arial Narrow',sans-serif; mso-fareast-font-family: 'Arial Unicode MS'; mso-bidi-font-family: 'Times New Roman'; mso-fareast-language: ES;\">Lo indicadores de precalificaci\u00f3n se acreditan mediante la presentaci\u00f3n de una declaraci\u00f3n jurada, seg\u00fan el formato se\u00f1alado en el Anexo 1 del Reglamento.<\/span><\/p><p class=\"MsoListParagraphCxSpMiddle\" style=\"mso-add-space: auto; text-align: justify; text-indent: -18.0pt; line-height: normal; mso-list: l0 level2 lfo1; margin: 0cm 0cm 0cm 42.55pt;\"><!-- [if !supportLists]--><span style=\"font-size: 12.0pt; font-family: 'Arial Narrow',sans-serif; mso-fareast-font-family: 'Arial Narrow'; mso-bidi-font-family: 'Arial Narrow'; mso-fareast-language: ES;\">c.<span style=\"font-variant-numeric: normal; font-variant-east-asian: normal; font-stretch: normal; font-size: 7pt; line-height: normal; font-family: 'Times New Roman';\">\u00a0\u00a0\u00a0\u00a0\u00a0\u00a0 <\/span><\/span><!--[endif]--><span style=\"font-size: 12.0pt; font-family: 'Arial Narrow',sans-serif; mso-fareast-font-family: 'Arial Unicode MS'; mso-bidi-font-family: 'Times New Roman'; mso-fareast-language: ES;\">Las ESF o COOPAC deber\u00e1n contar con pol\u00edticas y\/o metodolog\u00edas de evaluaci\u00f3n de cr\u00e9ditos agr\u00edcolas y\/o pecuarios, lo cual se acredita mediante la presentaci\u00f3n de una declaraci\u00f3n jurada, seg\u00fan el formato se\u00f1alado en el Anexo 1 del Reglamento. Sin perjuicio de ello, COFIDE se encuentra facultado a solicitar las pol\u00edticas y\/o metodolog\u00edas de evaluaci\u00f3n de cr\u00e9ditos agr\u00edcolas y\/o pecuarios, as\u00ed como cualquier otro documento que sustente su cumplimiento.<\/span><\/p><p class=\"MsoListParagraphCxSpMiddle\" style=\"mso-add-space: auto; text-align: justify; line-height: normal; margin: 0cm 0cm 0cm 42.55pt;\"><span style=\"font-size: 12.0pt; font-family: 'Arial Narrow',sans-serif; mso-fareast-font-family: 'Arial Unicode MS'; mso-bidi-font-family: 'Times New Roman'; mso-fareast-language: ES;\">\u00a0<\/span><\/p><p class=\"MsoListParagraphCxSpMiddle\" style=\"mso-add-space: auto; text-align: justify; text-indent: -18.0pt; line-height: normal; mso-list: l0 level1 lfo1; margin: 0cm 0cm 0cm 21.3pt;\"><!-- [if !supportLists]--><span style=\"font-size: 12.0pt; font-family: 'Arial Narrow',sans-serif; mso-fareast-font-family: 'Arial Narrow'; mso-bidi-font-family: 'Arial Narrow'; mso-fareast-language: ES;\">3.<span style=\"font-variant-numeric: normal; font-variant-east-asian: normal; font-stretch: normal; font-size: 7pt; line-height: normal; font-family: 'Times New Roman';\">\u00a0\u00a0\u00a0\u00a0\u00a0\u00a0 <\/span><\/span><!--[endif]--><span style=\"font-size: 12.0pt; font-family: 'Arial Narrow',sans-serif; mso-fareast-font-family: 'Arial Unicode MS'; mso-bidi-font-family: 'Times New Roman'; mso-fareast-language: ES;\">Se modifica el siguiente criterio de elegibilidad de los beneficiarios de FAE-AGRO: <\/span><\/p><p class=\"MsoListParagraphCxSpLast\" style=\"mso-add-space: auto; text-align: justify; text-indent: -18.0pt; line-height: normal; mso-list: l0 level2 lfo1; margin: 0cm 0cm 0cm 42.55pt;\"><!-- [if !supportLists]--><span style=\"font-size: 12.0pt; font-family: 'Arial Narrow',sans-serif; mso-fareast-font-family: 'Arial Narrow'; mso-bidi-font-family: 'Arial Narrow'; mso-fareast-language: ES;\">a.<span style=\"font-variant-numeric: normal; font-variant-east-asian: normal; font-stretch: normal; font-size: 7pt; line-height: normal; font-family: 'Times New Roman';\">\u00a0\u00a0\u00a0\u00a0\u00a0\u00a0 <\/span><\/span><!--[endif]--><span style=\"font-size: 12.0pt; font-family: 'Arial Narrow',sans-serif; mso-fareast-font-family: 'Arial Unicode MS'; mso-bidi-font-family: 'Times New Roman'; mso-fareast-language: ES;\">Mientras MINAGRI implemente el Padr\u00f3n de Productores Agrarios y sus Organizaciones en la Cadena de valor, los peque\u00f1os productores agrarios acreditan que cumplen con las actividades se\u00f1aladas en la definici\u00f3n del art\u00edculo 2 del Reglamento y que califican en la categor\u00eda de \u201cAgricultura Familiar\u201d, mediante la suscripci\u00f3n de la Declaraci\u00f3n Jurada establecida en el Anexo 2 del Reglamento y la presentaci\u00f3n de alguno de los siguientes documentos: <\/span><span style=\"font-size: 12.0pt; font-family: 'Arial Narrow',sans-serif;\">(i) t\u00edtulo que acredite la propiedad, que cuente como m\u00ednimo con firmas legalizadas por Notario P\u00fablico o autoridad competente, en caso el inmueble o el derecho de propiedad no se encuentre inscrito en la SUNARP, (ii) certificado literal de partida registral del t\u00edtulo de propiedad emitido por la SUNARP, con una antig\u00fcedad no mayor de doce meses, (iii) certificado o constancia de posesi\u00f3n original, emitido por la Direcci\u00f3n o Gerencia Regional de Agricultura, o, Representante Legal de las Comunidades Campesinas o Nativas, seg\u00fan corresponda, (iv) contrato de arrendamiento original con firma legalizada por notario p\u00fablico o autoridad competente, (v) documento original que acredite el uso de recurso h\u00eddrico en campa\u00f1as agr\u00edcolas otorgado por Comisi\u00f3n de Regantes o Juntas de Usuarios de Agua y (vi) constancia original de productor agropecuario emitida por la Direcci\u00f3n\/Gerencia Regional de Agricultura o sus Agencias Agrarias.<\/span><\/p><p class=\"MsoNormal\" style=\"margin-bottom: 0cm; text-align: justify; line-height: normal;\"><span style=\"font-size: 12.0pt; font-family: 'Arial Narrow',sans-serif; mso-fareast-font-family: 'Arial Unicode MS'; mso-bidi-font-family: 'Times New Roman'; mso-fareast-language: ES;\">\u00a0<\/span><\/p><p class=\"MsoNormal\" style=\"margin-bottom: 0cm; text-align: justify; line-height: normal;\"><span style=\"font-size: 12.0pt; font-family: 'Arial Narrow',sans-serif; mso-fareast-font-family: 'Arial Unicode MS'; mso-bidi-font-family: 'Times New Roman'; mso-fareast-language: ES;\">As\u00ed consta en la Resoluci\u00f3n Ministerial N\u00b0240-2020-EF\/15 publicada el d\u00eda de hoy.<\/span><\/p><p class=\"MsoNormal\" style=\"margin-bottom: 0cm; text-align: justify; line-height: normal;\"><span style=\"font-size: 12.0pt; font-family: 'Arial Narrow',sans-serif; mso-fareast-font-family: 'Arial Unicode MS'; mso-bidi-font-family: 'Times New Roman'; mso-fareast-language: ES;\">\u00a0<b><\/b><\/span><\/p><p>\u00a0<\/p><div><p><!-- [if !supportFootnotes]--><\/p><hr align=\"left\" size=\"1\" width=\"33%\" \/><p><!--[endif]--><\/p><div id=\"ftn1\"><p class=\"MsoFootnoteText\" style=\"text-align: justify;\"><a title=\"\" href=\"file:\/\/\/C:\/Users\/dgarcia\/AppData\/Local\/Microsoft\/Windows\/INetCache\/Content.Outlook\/DUJZMMF7\/MEMORANDUM%20MODF%20REG%20OP%20FAE%20AGRO.DOCX#_ftnref1\" name=\"_ftn1\"><span class=\"MsoFootnoteReference\"><span style=\"font-family: 'Arial Narrow',sans-serif;\"><!-- [if !supportFootnotes]--><span class=\"MsoFootnoteReference\"><span style=\"font-size: 10pt; line-height: 106%;\">[1]<\/span><\/span><!--[endif]--><\/span><\/span><\/a> <i><span style=\"font-size: 9.0pt; mso-bidi-font-size: 10.0pt; font-family: 'Arial Narrow',sans-serif;\">Art\u00edculo 7.- Categor\u00edas de la agricultura familiar<\/span><\/i><\/p><p class=\"MsoFootnoteText\" style=\"text-align: justify;\"><i><span style=\"font-size: 9.0pt; mso-bidi-font-size: 10.0pt; font-family: 'Arial Narrow',sans-serif;\">La agricultura familiar se agrupa en las siguientes categor\u00edas:<\/span><\/i><\/p><p class=\"MsoFootnoteText\" style=\"text-align: justify;\"><i><span style=\"font-size: 9.0pt; mso-bidi-font-size: 10.0pt; font-family: 'Arial Narrow',sans-serif;\">a) Agricultura familiar de subsistencia.- Es aquella con mayor orientaci\u00f3n al autoconsumo, con reducida disponibilidad de tierras y acceso limitado a los factores de producci\u00f3n e ingresos de producci\u00f3n propia insuficientes para garantizar el desarrollo de los miembros de la familia, lo que los induce a recurrir al trabajo asalariado fuera o al interior de la agricultura.<\/span><\/i><\/p><p class=\"MsoFootnoteText\" style=\"text-align: justify;\"><i><span style=\"font-size: 9.0pt; mso-bidi-font-size: 10.0pt; font-family: 'Arial Narrow',sans-serif;\">b) Agricultura familiar intermedia.- Es la que presenta una mayor dependencia de la producci\u00f3n propia (venta y autoconsumo), accede a mejores recursos que el grupo anterior, satisface con ello requerimientos del desarrollo de los miembros de la familia, pero tiene dificultades para generar excedentes que le permitan la reproducci\u00f3n y desarrollo de la unidad productiva.<\/span><\/i><\/p><p class=\"MsoFootnoteText\" style=\"text-align: justify;\"><i><span style=\"font-size: 9.0pt; mso-bidi-font-size: 10.0pt; font-family: 'Arial Narrow',sans-serif;\">c) Agricultura familiar consolidada.- Se distingue porque tiene sustento suficiente en la producci\u00f3n propia, explota recursos de tierra y otros factores de producci\u00f3n con mayor potencial, tiene acceso a mercados (tecnolog\u00eda, capital, productos) y genera excedentes para la capitalizaci\u00f3n de la unidad productiva.<\/span><\/i><\/p><\/div><div id=\"ftn2\"><p class=\"MsoFootnoteText\" style=\"text-align: justify;\"><a title=\"\" href=\"file:\/\/\/C:\/Users\/dgarcia\/AppData\/Local\/Microsoft\/Windows\/INetCache\/Content.Outlook\/DUJZMMF7\/MEMORANDUM%20MODF%20REG%20OP%20FAE%20AGRO.DOCX#_ftnref2\" name=\"_ftn2\"><span class=\"MsoFootnoteReference\"><span style=\"font-family: 'Arial Narrow',sans-serif;\"><!-- [if !supportFootnotes]--><span class=\"MsoFootnoteReference\"><span style=\"font-size: 10pt; line-height: 106%;\">[2]<\/span><\/span><!--[endif]--><\/span><\/span><\/a><span style=\"font-family: 'Arial Narrow',sans-serif;\"> Reglamento aprobado por el Decreto Supremo N\u00b0 015-2016-MINAGRI.<\/span><\/p><\/div><div id=\"ftn3\"><p class=\"MsoFootnoteText\"><a title=\"\" href=\"file:\/\/\/C:\/Users\/dgarcia\/AppData\/Local\/Microsoft\/Windows\/INetCache\/Content.Outlook\/DUJZMMF7\/MEMORANDUM%20MODF%20REG%20OP%20FAE%20AGRO.DOCX#_ftnref3\" name=\"_ftn3\"><span class=\"MsoFootnoteReference\"><span style=\"font-family: 'Arial Narrow',sans-serif;\"><!-- [if !supportFootnotes]--><span class=\"MsoFootnoteReference\"><span style=\"font-size: 10pt; line-height: 106%;\">[3]<\/span><\/span><!--[endif]--><\/span><\/span><\/a><span style=\"font-family: 'Arial Narrow',sans-serif;\"> Dicho requisito se verificar\u00e1 tomando en cuenta el listado brindado por la Unidad de Inteligencia Financiera-UIF.<\/span><\/p><\/div><\/div>\t\t\t\t\t\t\t\t<\/div>\n\t\t\t\t<\/div>\n\t\t\t\t\t<\/div>\n\t\t<\/div>\n\t\t\t\t\t<\/div>\n\t\t<\/section>\n\t\t\t\t<section class=\"elementor-section elementor-top-section elementor-element elementor-element-bdeaea8 elementor-section-boxed elementor-section-height-default elementor-section-height-default\" data-id=\"bdeaea8\" data-element_type=\"section\" data-e-type=\"section\">\n\t\t\t\t\t\t<div class=\"elementor-container elementor-column-gap-default\">\n\t\t\t\t\t<div class=\"elementor-column elementor-col-100 elementor-top-column elementor-element elementor-element-2e6e669\" data-id=\"2e6e669\" data-element_type=\"column\" data-e-type=\"column\">\n\t\t\t<div class=\"elementor-widget-wrap elementor-element-populated\">\n\t\t\t\t\t\t<div class=\"elementor-element elementor-element-24b27f6 elementor-widget-divider--view-line elementor-widget elementor-widget-divider\" data-id=\"24b27f6\" data-element_type=\"widget\" data-e-type=\"widget\" data-widget_type=\"divider.default\">\n\t\t\t\t<div class=\"elementor-widget-container\">\n\t\t\t\t\t\t\t<div class=\"elementor-divider\">\n\t\t\t<span class=\"elementor-divider-separator\">\n\t\t\t\t\t\t<\/span>\n\t\t<\/div>\n\t\t\t\t\t\t<\/div>\n\t\t\t\t<\/div>\n\t\t\t\t\t<\/div>\n\t\t<\/div>\n\t\t\t\t\t<\/div>\n\t\t<\/section>\n\t\t\t\t<section class=\"elementor-section elementor-top-section elementor-element elementor-element-5af3aca elementor-section-boxed elementor-section-height-default elementor-section-height-default\" data-id=\"5af3aca\" data-element_type=\"section\" data-e-type=\"section\">\n\t\t\t\t\t\t<div class=\"elementor-container elementor-column-gap-default\">\n\t\t\t\t\t<div class=\"elementor-column elementor-col-100 elementor-top-column elementor-element elementor-element-814eedf\" data-id=\"814eedf\" data-element_type=\"column\" data-e-type=\"column\">\n\t\t\t<div class=\"elementor-widget-wrap elementor-element-populated\">\n\t\t\t\t\t\t<div class=\"elementor-element elementor-element-dfd2280 elementor-widget elementor-widget-text-editor\" data-id=\"dfd2280\" data-element_type=\"widget\" data-e-type=\"widget\" data-widget_type=\"text-editor.default\">\n\t\t\t\t<div class=\"elementor-widget-container\">\n\t\t\t\t\t\t\t\t\t<p>Para mayor informaci\u00f3n sobre el tema tratado contactarse con los abogados del Estudio:<\/p><p>Dr. Luis Gasta\u00f1eta, Dr. Agust\u00edn Yrigoyen, Dra. Shirley C\u00e1rdenas, Dr. Alfonso Tola, Dra. Mar\u00eda Soledad Gasta\u00f1eta y el Dr. Sergio Chang.<\/p>\t\t\t\t\t\t\t\t<\/div>\n\t\t\t\t<\/div>\n\t\t\t\t\t<\/div>\n\t\t<\/div>\n\t\t\t\t\t<\/div>\n\t\t<\/section>\n\t\t\t\t<section class=\"elementor-section elementor-top-section elementor-element elementor-element-a69709f elementor-section-boxed elementor-section-height-default elementor-section-height-default\" data-id=\"a69709f\" data-element_type=\"section\" data-e-type=\"section\">\n\t\t\t\t\t\t<div class=\"elementor-container elementor-column-gap-default\">\n\t\t\t\t\t<div class=\"elementor-column elementor-col-100 elementor-top-column elementor-element elementor-element-c865c76\" data-id=\"c865c76\" data-element_type=\"column\" data-e-type=\"column\">\n\t\t\t<div class=\"elementor-widget-wrap elementor-element-populated\">\n\t\t\t\t\t\t<div class=\"elementor-element elementor-element-65484e1 elementor-widget-divider--view-line elementor-widget elementor-widget-divider\" data-id=\"65484e1\" data-element_type=\"widget\" data-e-type=\"widget\" data-widget_type=\"divider.default\">\n\t\t\t\t<div class=\"elementor-widget-container\">\n\t\t\t\t\t\t\t<div class=\"elementor-divider\">\n\t\t\t<span class=\"elementor-divider-separator\">\n\t\t\t\t\t\t<\/span>\n\t\t<\/div>\n\t\t\t\t\t\t<\/div>\n\t\t\t\t<\/div>\n\t\t\t\t\t<\/div>\n\t\t<\/div>\n\t\t\t\t\t<\/div>\n\t\t<\/section>\n\t\t\t\t<section class=\"elementor-section elementor-top-section elementor-element elementor-element-74c22bb elementor-section-boxed elementor-section-height-default elementor-section-height-default\" data-id=\"74c22bb\" data-element_type=\"section\" data-e-type=\"section\">\n\t\t\t\t\t\t<div class=\"elementor-container elementor-column-gap-default\">\n\t\t\t\t\t<div class=\"elementor-column elementor-col-100 elementor-top-column elementor-element elementor-element-ff183f4\" data-id=\"ff183f4\" data-element_type=\"column\" data-e-type=\"column\">\n\t\t\t<div class=\"elementor-widget-wrap elementor-element-populated\">\n\t\t\t\t\t\t<div class=\"elementor-element elementor-element-0550871 elementor-widget elementor-widget-text-editor\" data-id=\"0550871\" data-element_type=\"widget\" data-e-type=\"widget\" data-widget_type=\"text-editor.default\">\n\t\t\t\t<div class=\"elementor-widget-container\">\n\t\t\t\t\t\t\t\t\t<p>La informaci\u00f3n contenida en este documento no constituye ni pretende constituir asesor\u00eda o asistencia legal directa o indirecta de ninguna especie, ni establece ning\u00fan tipo de relaci\u00f3n profesional.<\/p>\n<p>Asimismo, tampoco pretende hacer publicidad de los servicios prestados por nuestra firma ni por ninguno de sus abogados. El \u00fanico prop\u00f3sito es dar informaci\u00f3n de car\u00e1cter general respecto de temas que pueden ser de inter\u00e9s para los clientes y amigos de nuestra firma. Este informativo, as\u00ed como otros informes generales y art\u00edculos de inter\u00e9s preparados por los abogados del Estudio, podr\u00e1n encontrarse en nuestra p\u00e1gina web:&nbsp;<a href=\"http:\/\/localhost\/wordpress.pe\" target=\"_blank\" style=\"background-color: rgb(255, 255, 255);\" rel=\"noopener\">www.garciasayan.com.pe<\/a><\/p>\t\t\t\t\t\t\t\t<\/div>\n\t\t\t\t<\/div>\n\t\t\t\t\t<\/div>\n\t\t<\/div>\n\t\t\t\t\t<\/div>\n\t\t<\/section>\n\t\t\t\t<\/div>\n\t\t","protected":false},"excerpt":{"rendered":"<p>El Ministerio de Econom\u00eda y Finanzas modific\u00f3 los art\u00edculos 2, 5 y 8 del Reglamento Operativo del Programa de Garant\u00eda del Gobierno Nacional para el Financiamiento Agrario Empresarial &#8211; FAE-AGRO (en adelante, el Reglamento) con la finalidad de incluir las modificaciones efectuadas por el Decreto de Urgencia N\u00b0096-2020 y precisar los criterios de elegibilidad de [&hellip;]<\/p>\n","protected":false},"author":5,"featured_media":11066,"comment_status":"closed","ping_status":"open","sticky":false,"template":"","format":"standard","meta":{"nf_dc_page":"","content-type":"","footnotes":""},"categories":[90,76,83],"class_list":["post-12002","post","type-post","status-publish","format-standard","has-post-thumbnail","hentry","category-boletin-informativo","category-corporativo","category-covid-19"],"_links":{"self":[{"href":"https:\/\/gsalegal.pe\/en\/wp-json\/wp\/v2\/posts\/12002","targetHints":{"allow":["GET"]}}],"collection":[{"href":"https:\/\/gsalegal.pe\/en\/wp-json\/wp\/v2\/posts"}],"about":[{"href":"https:\/\/gsalegal.pe\/en\/wp-json\/wp\/v2\/types\/post"}],"author":[{"embeddable":true,"href":"https:\/\/gsalegal.pe\/en\/wp-json\/wp\/v2\/users\/5"}],"replies":[{"embeddable":true,"href":"https:\/\/gsalegal.pe\/en\/wp-json\/wp\/v2\/comments?post=12002"}],"version-history":[{"count":0,"href":"https:\/\/gsalegal.pe\/en\/wp-json\/wp\/v2\/posts\/12002\/revisions"}],"wp:featuredmedia":[{"embeddable":true,"href":"https:\/\/gsalegal.pe\/en\/wp-json\/"}],"wp:attachment":[{"href":"https:\/\/gsalegal.pe\/en\/wp-json\/wp\/v2\/media?parent=12002"}],"wp:term":[{"taxonomy":"category","embeddable":true,"href":"https:\/\/gsalegal.pe\/en\/wp-json\/wp\/v2\/categories?post=12002"}],"curies":[{"name":"wp","href":"https:\/\/api.w.org\/{rel}","templated":true}]}}