{"id":12012,"date":"2020-08-21T17:53:59","date_gmt":"2020-08-21T22:53:59","guid":{"rendered":"http:\/\/localhost\/wordpress\/?p=12012"},"modified":"2020-08-21T17:53:59","modified_gmt":"2020-08-21T22:53:59","slug":"essalud-reconocimiento-de-subsidios-en-casos-de-trabajadores-infectados-con-covid-19","status":"publish","type":"post","link":"https:\/\/gsalegal.pe\/en\/essalud-reconocimiento-de-subsidios-en-casos-de-trabajadores-infectados-con-covid-19\/","title":{"rendered":"EsSalud: Reconocimiento de subsidios en casos de trabajadores infectados con Covid-19"},"content":{"rendered":"\t\t<div data-elementor-type=\"wp-post\" data-elementor-id=\"12012\" class=\"elementor elementor-12012\">\n\t\t\t\t\t\t<section class=\"elementor-section elementor-top-section elementor-element elementor-element-59d8c20 elementor-section-boxed elementor-section-height-default elementor-section-height-default\" data-id=\"59d8c20\" data-element_type=\"section\" data-e-type=\"section\">\n\t\t\t\t\t\t<div class=\"elementor-container elementor-column-gap-default\">\n\t\t\t\t\t<div class=\"elementor-column elementor-col-100 elementor-top-column elementor-element elementor-element-9dfc6cd\" data-id=\"9dfc6cd\" data-element_type=\"column\" data-e-type=\"column\">\n\t\t\t<div class=\"elementor-widget-wrap elementor-element-populated\">\n\t\t\t\t\t\t<div class=\"elementor-element elementor-element-15fb8fa elementor-widget elementor-widget-text-editor\" data-id=\"15fb8fa\" data-element_type=\"widget\" data-e-type=\"widget\" data-widget_type=\"text-editor.default\">\n\t\t\t\t<div class=\"elementor-widget-container\">\n\t\t\t\t\t\t\t\t\t<p class=\"MsoNormal\" style=\"margin-bottom: 0cm; text-align: justify; line-height: normal; tab-stops: 53.25pt;\"><span style=\"font-size: 12.0pt; font-family: 'Arial Narrow',sans-serif;\">Con fecha 07 de agosto de 2020 se emiti\u00f3 el Memorando Circular N\u00ba 085-GG-EsSalud-2020 el cual tiene como finalidad establecer los lineamientos respecto a los supuestos y el tratamiento de los Certificado de Incapacidad Temporal para el Trabajo (CITT) en los casos de asegurados que tengan Covid-19.<\/span><\/p><p class=\"MsoNormal\" style=\"margin-bottom: 0cm; text-align: justify; line-height: normal; tab-stops: 53.25pt;\"><span style=\"font-size: 12.0pt; font-family: 'Arial Narrow',sans-serif;\">\u00a0<\/span><\/p><p class=\"MsoNormal\" style=\"margin-bottom: 0cm; text-align: justify; line-height: normal; tab-stops: 53.25pt;\"><span style=\"font-size: 12.0pt; font-family: 'Arial Narrow',sans-serif;\">En ese sentido, las disposiciones respecto a las prestaciones asistenciales<b> <\/b>y los subsidios por incapacidad temporal para el trabajo son las siguientes: <\/span><\/p><p class=\"MsoNormal\" style=\"margin-bottom: 0cm; text-align: justify; line-height: normal; tab-stops: 53.25pt;\"><span style=\"font-size: 12.0pt; font-family: 'Arial Narrow',sans-serif;\">\u00a0<\/span><\/p><p>\u00a0<\/p><table class=\"MsoTableGrid\" style=\"width: 418.15pt; margin-left: 6.85pt; border-collapse: collapse; border: none; mso-border-alt: solid windowtext .5pt; mso-yfti-tbllook: 1184; mso-padding-alt: 0cm 5.4pt 0cm 5.4pt;\" border=\"1\" width=\"558\" cellspacing=\"0\" cellpadding=\"0\"><tbody><tr><td style=\"width: 7cm; border-width: 1pt; border-top-style: solid; border-right-style: solid; border-left-style: solid; border-color: windowtext; border-image: initial; background: #95b3d7; padding: 0cm 5.4pt;\" valign=\"top\" width=\"265\"><p class=\"MsoNormal\" style=\"text-align: center; text-indent: -70.9pt; line-height: normal; tab-stops: 35.45pt 70.9pt 106.35pt 141.8pt center 205.5pt left 225.5pt; margin: 0cm -7.15pt 0cm 70.9pt;\" align=\"center\"><span style=\"font-size: 12.0pt; font-family: 'Arial Narrow',sans-serif; mso-bidi-font-weight: bold;\">Supuestos<span style=\"color: black; mso-color-alt: windowtext;\"> de enfermedad<\/span><\/span><\/p><\/td><td style=\"width: 219.7pt; border-top: 1pt solid windowtext; border-right: 1pt solid windowtext; border-bottom-width: 1pt; border-bottom-color: windowtext; border-image: initial; border-left: none; background: #95b3d7; padding: 0cm 5.4pt;\" valign=\"top\" width=\"293\"><p class=\"MsoNormal\" style=\"text-align: center; text-indent: -70.9pt; line-height: normal; tab-stops: 35.45pt 70.9pt 106.35pt 141.8pt center 205.5pt left 225.5pt; margin: 0cm -7.15pt 0cm 70.9pt;\" align=\"center\"><span style=\"font-size: 12.0pt; font-family: 'Arial Narrow',sans-serif; color: black; mso-color-alt: windowtext; mso-bidi-font-weight: bold;\">Plazo m\u00e1ximo de incapacidad <\/span><\/p><\/td><\/tr><tr><td style=\"width: 7cm; border-right: 1pt solid windowtext; border-bottom-width: 1pt; border-left: 1pt solid windowtext; border-bottom-color: windowtext; border-image: initial; border-top: none; padding: 0cm 5.4pt;\" valign=\"top\" width=\"265\"><p class=\"MsoNormal\" style=\"margin-bottom: 0cm; text-align: justify; line-height: normal; tab-stops: 53.25pt;\"><span style=\"font-size: 12.0pt; font-family: 'Arial Narrow',sans-serif;\">Asegurado con diagn\u00f3stico de Covid -19, que no amerita hospitalizaci\u00f3n (caso leve). <\/span><\/p><\/td><td style=\"width: 219.7pt; border-top: none; border-left: none; border-bottom-width: 1pt; border-bottom-color: windowtext; border-right: 1pt solid windowtext; padding: 0cm 5.4pt;\" valign=\"top\" width=\"293\"><p class=\"MsoNormal\" style=\"margin-bottom: 0cm; text-align: justify; line-height: normal; tab-stops: 53.25pt;\"><span style=\"font-size: 12.0pt; font-family: 'Arial Narrow',sans-serif;\">Hasta 14 d\u00edas de Incapacidad Temporal para el Trabajo (ITT). <\/span><\/p><\/td><\/tr><tr><td style=\"width: 7cm; border-right: 1pt solid windowtext; border-bottom-width: 1pt; border-left: 1pt solid windowtext; border-bottom-color: windowtext; border-image: initial; border-top: none; padding: 0cm 5.4pt;\" valign=\"top\" width=\"265\"><p class=\"MsoNormal\" style=\"margin-bottom: 0cm; text-align: justify; line-height: normal; tab-stops: 53.25pt;\"><span style=\"font-size: 12.0pt; font-family: 'Arial Narrow',sans-serif;\">Prueba r\u00e1pida o inmunol\u00f3gica positiva y Asegurado sintom\u00e1tico (casos leves\/contactos directos)<\/span><\/p><\/td><td style=\"width: 219.7pt; border-top: none; border-left: none; border-bottom-width: 1pt; border-bottom-color: windowtext; border-right: 1pt solid windowtext; padding: 0cm 5.4pt;\" valign=\"top\" width=\"293\"><p class=\"MsoNormal\" style=\"margin-bottom: 0cm; text-align: justify; line-height: normal; tab-stops: 53.25pt;\"><span style=\"font-size: 12.0pt; font-family: 'Arial Narrow',sans-serif;\">14 d\u00edas de ITT a partir de la fecha de inicio de los s\u00edntomas o primera toma de muestra.<\/span><\/p><\/td><\/tr><tr><td style=\"width: 7cm; border-right: 1pt solid windowtext; border-bottom-width: 1pt; border-left: 1pt solid windowtext; border-bottom-color: windowtext; border-image: initial; border-top: none; padding: 0cm 5.4pt;\" valign=\"top\" width=\"265\"><p class=\"MsoNormal\" style=\"margin-bottom: 0cm; text-align: justify; line-height: normal; tab-stops: 53.25pt;\"><span style=\"font-size: 12.0pt; font-family: 'Arial Narrow',sans-serif;\">Prueba r\u00e1pida positiva y Asegurado asintom\u00e1tico (casos leves\/contactos directos).<\/span><\/p><\/td><td style=\"width: 219.7pt; border-top: none; border-left: none; border-bottom-width: 1pt; border-bottom-color: windowtext; border-right: 1pt solid windowtext; padding: 0cm 5.4pt;\" valign=\"top\" width=\"293\"><p class=\"MsoNormal\" style=\"margin-bottom: 0cm; text-align: justify; line-height: normal; tab-stops: 53.25pt;\"><span style=\"font-size: 12.0pt; font-family: 'Arial Narrow',sans-serif;\">7 d\u00edas de ITT, a partir de la fecha de la toma de muestra. <\/span><\/p><\/td><\/tr><\/tbody><\/table>\t\t\t\t\t\t\t\t<\/div>\n\t\t\t\t<\/div>\n\t\t\t\t\t<\/div>\n\t\t<\/div>\n\t\t\t\t\t<\/div>\n\t\t<\/section>\n\t\t\t\t<section class=\"elementor-section elementor-top-section elementor-element elementor-element-6538cdd elementor-section-boxed elementor-section-height-default elementor-section-height-default\" data-id=\"6538cdd\" data-element_type=\"section\" data-e-type=\"section\">\n\t\t\t\t\t\t<div class=\"elementor-container elementor-column-gap-default\">\n\t\t\t\t\t<div class=\"elementor-column elementor-col-100 elementor-top-column elementor-element elementor-element-7b1fca1\" data-id=\"7b1fca1\" data-element_type=\"column\" data-e-type=\"column\">\n\t\t\t<div class=\"elementor-widget-wrap elementor-element-populated\">\n\t\t\t\t\t\t<div class=\"elementor-element elementor-element-952a1b1 elementor-widget-divider--view-line elementor-widget elementor-widget-divider\" data-id=\"952a1b1\" data-element_type=\"widget\" data-e-type=\"widget\" data-widget_type=\"divider.default\">\n\t\t\t\t<div class=\"elementor-widget-container\">\n\t\t\t\t\t\t\t<div class=\"elementor-divider\">\n\t\t\t<span class=\"elementor-divider-separator\">\n\t\t\t\t\t\t<\/span>\n\t\t<\/div>\n\t\t\t\t\t\t<\/div>\n\t\t\t\t<\/div>\n\t\t\t\t\t<\/div>\n\t\t<\/div>\n\t\t\t\t\t<\/div>\n\t\t<\/section>\n\t\t\t\t<section class=\"elementor-section elementor-top-section elementor-element elementor-element-6718891 elementor-section-boxed elementor-section-height-default elementor-section-height-default\" data-id=\"6718891\" data-element_type=\"section\" data-e-type=\"section\">\n\t\t\t\t\t\t<div class=\"elementor-container elementor-column-gap-default\">\n\t\t\t\t\t<div class=\"elementor-column elementor-col-100 elementor-top-column elementor-element elementor-element-026ac7e\" data-id=\"026ac7e\" data-element_type=\"column\" data-e-type=\"column\">\n\t\t\t<div class=\"elementor-widget-wrap elementor-element-populated\">\n\t\t\t\t\t\t<div class=\"elementor-element elementor-element-b31df5a elementor-widget elementor-widget-text-editor\" data-id=\"b31df5a\" data-element_type=\"widget\" data-e-type=\"widget\" data-widget_type=\"text-editor.default\">\n\t\t\t\t<div class=\"elementor-widget-container\">\n\t\t\t\t\t\t\t\t\t<p>Para mayor informaci\u00f3n sobre el tema tratado contactarse con los abogados de nuestra \u00c1rea Laboral:<\/p><p>Alberto Varillas Cueto, Jaime Durand Planas, Macarena Morales Mailhe, Claudia Seminario G\u00f3mez, Fressia Sanchez Tu\u00f1oque, Sara Kalinicos Garc\u00eda, Jos\u00e9 Andr\u00e9s Piedra Pereira; y Grecia Elena Aldonate Pinto.<\/p>\t\t\t\t\t\t\t\t<\/div>\n\t\t\t\t<\/div>\n\t\t\t\t\t<\/div>\n\t\t<\/div>\n\t\t\t\t\t<\/div>\n\t\t<\/section>\n\t\t\t\t<section class=\"elementor-section elementor-top-section elementor-element elementor-element-647647a elementor-section-boxed elementor-section-height-default elementor-section-height-default\" data-id=\"647647a\" data-element_type=\"section\" data-e-type=\"section\">\n\t\t\t\t\t\t<div class=\"elementor-container elementor-column-gap-default\">\n\t\t\t\t\t<div class=\"elementor-column elementor-col-100 elementor-top-column elementor-element elementor-element-761b1f4\" data-id=\"761b1f4\" data-element_type=\"column\" data-e-type=\"column\">\n\t\t\t<div class=\"elementor-widget-wrap elementor-element-populated\">\n\t\t\t\t\t\t<div class=\"elementor-element elementor-element-b2f2e94 elementor-widget-divider--view-line elementor-widget elementor-widget-divider\" data-id=\"b2f2e94\" data-element_type=\"widget\" data-e-type=\"widget\" data-widget_type=\"divider.default\">\n\t\t\t\t<div class=\"elementor-widget-container\">\n\t\t\t\t\t\t\t<div class=\"elementor-divider\">\n\t\t\t<span class=\"elementor-divider-separator\">\n\t\t\t\t\t\t<\/span>\n\t\t<\/div>\n\t\t\t\t\t\t<\/div>\n\t\t\t\t<\/div>\n\t\t\t\t\t<\/div>\n\t\t<\/div>\n\t\t\t\t\t<\/div>\n\t\t<\/section>\n\t\t\t\t<section class=\"elementor-section elementor-top-section elementor-element elementor-element-3d3ca1f elementor-section-boxed elementor-section-height-default elementor-section-height-default\" data-id=\"3d3ca1f\" data-element_type=\"section\" data-e-type=\"section\">\n\t\t\t\t\t\t<div class=\"elementor-container elementor-column-gap-default\">\n\t\t\t\t\t<div class=\"elementor-column elementor-col-100 elementor-top-column elementor-element elementor-element-f351c0f\" data-id=\"f351c0f\" data-element_type=\"column\" data-e-type=\"column\">\n\t\t\t<div class=\"elementor-widget-wrap elementor-element-populated\">\n\t\t\t\t\t\t<div class=\"elementor-element elementor-element-dc3f042 elementor-widget elementor-widget-text-editor\" data-id=\"dc3f042\" data-element_type=\"widget\" data-e-type=\"widget\" data-widget_type=\"text-editor.default\">\n\t\t\t\t<div class=\"elementor-widget-container\">\n\t\t\t\t\t\t\t\t\t<p class=\"MsoNormal\" style=\"margin-bottom:0cm;text-align:justify;line-height: normal;tab-stops:27.0pt\"><span style=\"font-size:10.0pt;font-family:&quot;Arial Narrow&quot;,sans-serif\">La<br>\ninformaci\u00f3n contenida en este documento no constituye ni pretende constituir<br>\nasesor\u00eda o asistencia legal directa o indirecta de ninguna especie, ni<br>\nestablece ning\u00fan tipo de relaci\u00f3n profesional. Asimismo, tampoco pretende hacer<br>\npublicidad de los servicios prestados por nuestra firma ni por ninguno de sus<br>\nabogados. El \u00fanico prop\u00f3sito es dar informaci\u00f3n de car\u00e1cter general respecto de<br>\ntemas que pueden ser de inter\u00e9s para los clientes y amigos de nuestra firma. Este<br>\ninformativo, as\u00ed como otros informes generales y art\u00edculos de inter\u00e9s<br>\npreparados por los abogados del Estudio podr\u00e1n encontrarse en nuestra p\u00e1gina<br>\nweb: <\/span><span style=\"font-size: 10.0pt;font-family:&quot;Arial Narrow&quot;,sans-serif;color:blue\"><a href=\"http:\/\/localhost\/wordpress.pe\/\" target=\"_blank\" rel=\"noopener\">www.garciasayan.com.pe<\/a>&nbsp;<\/span><span style=\"font-size:10.0pt;font-family:&quot;Arial Narrow&quot;,sans-serif\"><o:p><\/o:p><\/span><\/p>\t\t\t\t\t\t\t\t<\/div>\n\t\t\t\t<\/div>\n\t\t\t\t\t<\/div>\n\t\t<\/div>\n\t\t\t\t\t<\/div>\n\t\t<\/section>\n\t\t\t\t<\/div>\n\t\t","protected":false},"excerpt":{"rendered":"<p>Con fecha 07 de agosto de 2020 se emiti\u00f3 el Memorando Circular N\u00ba 085-GG-EsSalud-2020 el cual tiene como finalidad establecer los lineamientos respecto a los supuestos y el tratamiento de los Certificado de Incapacidad Temporal para el Trabajo (CITT) en los casos de asegurados que tengan Covid-19. \u00a0 En ese sentido, las disposiciones respecto a [&hellip;]<\/p>\n","protected":false},"author":5,"featured_media":9524,"comment_status":"closed","ping_status":"open","sticky":false,"template":"","format":"standard","meta":{"nf_dc_page":"","content-type":"","footnotes":""},"categories":[90,83,37],"class_list":["post-12012","post","type-post","status-publish","format-standard","has-post-thumbnail","hentry","category-boletin-informativo","category-covid-19","category-laboral"],"_links":{"self":[{"href":"https:\/\/gsalegal.pe\/en\/wp-json\/wp\/v2\/posts\/12012","targetHints":{"allow":["GET"]}}],"collection":[{"href":"https:\/\/gsalegal.pe\/en\/wp-json\/wp\/v2\/posts"}],"about":[{"href":"https:\/\/gsalegal.pe\/en\/wp-json\/wp\/v2\/types\/post"}],"author":[{"embeddable":true,"href":"https:\/\/gsalegal.pe\/en\/wp-json\/wp\/v2\/users\/5"}],"replies":[{"embeddable":true,"href":"https:\/\/gsalegal.pe\/en\/wp-json\/wp\/v2\/comments?post=12012"}],"version-history":[{"count":0,"href":"https:\/\/gsalegal.pe\/en\/wp-json\/wp\/v2\/posts\/12012\/revisions"}],"wp:featuredmedia":[{"embeddable":true,"href":"https:\/\/gsalegal.pe\/en\/wp-json\/"}],"wp:attachment":[{"href":"https:\/\/gsalegal.pe\/en\/wp-json\/wp\/v2\/media?parent=12012"}],"wp:term":[{"taxonomy":"category","embeddable":true,"href":"https:\/\/gsalegal.pe\/en\/wp-json\/wp\/v2\/categories?post=12012"}],"curies":[{"name":"wp","href":"https:\/\/api.w.org\/{rel}","templated":true}]}}