{"id":12016,"date":"2020-08-21T18:03:13","date_gmt":"2020-08-21T23:03:13","guid":{"rendered":"http:\/\/localhost\/wordpress\/?p=12016"},"modified":"2020-08-21T18:03:13","modified_gmt":"2020-08-21T23:03:13","slug":"fondo-de-contingencia-para-remediacion-ambiental-modificacion-del-reglamento","status":"publish","type":"post","link":"https:\/\/gsalegal.pe\/en\/fondo-de-contingencia-para-remediacion-ambiental-modificacion-del-reglamento\/","title":{"rendered":"Fondo de Contingencia para Remediaci\u00f3n Ambiental: Modificaci\u00f3n del Reglamento"},"content":{"rendered":"\t\t<div data-elementor-type=\"wp-post\" data-elementor-id=\"12016\" class=\"elementor elementor-12016\">\n\t\t\t\t\t\t<section class=\"elementor-section elementor-top-section elementor-element elementor-element-fd135a9 elementor-section-boxed elementor-section-height-default elementor-section-height-default\" data-id=\"fd135a9\" data-element_type=\"section\" data-e-type=\"section\">\n\t\t\t\t\t\t<div class=\"elementor-container elementor-column-gap-default\">\n\t\t\t\t\t<div class=\"elementor-column elementor-col-100 elementor-top-column elementor-element elementor-element-16d18cf\" data-id=\"16d18cf\" data-element_type=\"column\" data-e-type=\"column\">\n\t\t\t<div class=\"elementor-widget-wrap elementor-element-populated\">\n\t\t\t\t\t\t<div class=\"elementor-element elementor-element-27a0759 elementor-widget elementor-widget-text-editor\" data-id=\"27a0759\" data-element_type=\"widget\" data-e-type=\"widget\" data-widget_type=\"text-editor.default\">\n\t\t\t\t<div class=\"elementor-widget-container\">\n\t\t\t\t\t\t\t\t\t<p class=\"MsoNormal\" style=\"margin-bottom: 0cm; line-height: normal;\"><span style=\"font-family: 'Arial Narrow',sans-serif; color: black;\">El 18 de agosto de 2020, el Ministerio de Energ\u00eda y Minas (en adelante, \u201cMINEM\u201d), a trav\u00e9s del <\/span><span style=\"font-family: 'Arial Narrow',sans-serif;\">Decreto Supremo N\u00ba<\/span><span style=\"font-family: 'Arial Narrow',sans-serif; mso-bidi-font-family: Arial-BoldMT; mso-bidi-font-weight: bold;\"> 021-2020-EM<\/span><span style=\"font-family: 'Arial Narrow',sans-serif;\">, <span style=\"color: black;\">dispuso la <\/span>publicaci\u00f3n del \u201cDecreto Supremo que <\/span><span style=\"font-family: 'Arial Narrow',sans-serif; mso-bidi-font-family: StagSans-Medium;\">modifica el Reglamento de la Ley N\u00ba 30321, Ley que crea el Fondo de Contingencia para Remediaci\u00f3n Ambiental, aprobado por Decreto Supremo N\u00ba039-2016-EM\u201d, <\/span><span style=\"font-family: 'Arial Narrow',sans-serif; mso-bidi-font-family: ArialMT;\">a fin de optimizar y agilizar el procedimiento para la remediaci\u00f3n ambiental de los sitios impactados<\/span><span style=\"font-family: 'Arial Narrow',sans-serif;\">. <\/span><span style=\"font-family: 'Arial Narrow',sans-serif; mso-bidi-font-family: ArialMT;\">En este sentido, cabe resaltar los siguientes puntos de la modificaci\u00f3n a dicho Reglamento: <\/span><\/p><p class=\"MsoNormal\" style=\"margin-bottom: 0cm; line-height: normal;\"><span style=\"font-family: 'Arial Narrow',sans-serif; mso-bidi-font-family: StagSans-Medium;\">\u00a0<\/span><\/p><p>\u00a0<\/p><table class=\"MsoTableGrid\" style=\"border-collapse: collapse; mso-table-layout-alt: fixed; border: none; mso-border-alt: solid windowtext .5pt; mso-yfti-tbllook: 1184; mso-padding-alt: 0cm 5.4pt 0cm 5.4pt;\" border=\"1\" cellspacing=\"0\" cellpadding=\"0\"><tbody><tr><td style=\"width: 77.75pt; border-width: 1pt; border-top-style: solid; border-right-style: solid; border-left-style: solid; border-color: windowtext; border-image: initial; padding: 0cm 5.4pt;\" width=\"104\"><p class=\"MsoNormal\" style=\"margin-bottom: 0cm; text-align: center; line-height: normal;\" align=\"center\"><span style=\"font-family: 'Arial Narrow',sans-serif;\">Definiciones<\/span><\/p><\/td><td style=\"width: 363.65pt; border-top: 1pt solid windowtext; border-right: 1pt solid windowtext; border-bottom-width: 1pt; border-bottom-color: windowtext; border-image: initial; border-left: none; padding: 0cm 5.4pt;\" valign=\"top\" width=\"485\"><p class=\"MsoNormal\" style=\"text-align: justify; text-indent: -13.65pt; line-height: normal; tab-stops: 13.65pt; mso-layout-grid-align: none; text-autospace: none; margin: 0cm 0cm 0cm 13.65pt;\"><span style=\"font-family: 'Arial Narrow',sans-serif; mso-bidi-font-family: Arial-BoldMT; mso-bidi-font-weight: bold;\">&#8211; \u00a0\u00a0\u00a0 Autoridad sectorial competente:<\/span><span style=\"font-family: 'Arial Narrow',sans-serif; mso-bidi-font-family: ArialMT;\"> Direcci\u00f3n General de Asuntos Ambientales de Hidrocarburos del MINEM.<\/span><\/p><p class=\"MsoNormal\" style=\"text-align: justify; text-indent: -13.65pt; line-height: normal; tab-stops: 13.65pt; mso-layout-grid-align: none; text-autospace: none; margin: 0cm 0cm 0cm 13.65pt;\"><span style=\"font-family: 'Arial Narrow',sans-serif; mso-bidi-font-family: Arial-BoldMT; mso-bidi-font-weight: bold;\">&#8211; \u00a0\u00a0\u00a0 Empresa Consultora:<\/span><span style=\"font-family: 'Arial Narrow',sans-serif; mso-bidi-font-family: ArialMT;\"> Persona jur\u00eddica contratada por PROFONANPE, encargada de la elaboraci\u00f3n del Plan de Rehabilitaci\u00f3n.<\/span><\/p><p class=\"MsoNormal\" style=\"text-align: justify; text-indent: -13.65pt; line-height: normal; tab-stops: 13.65pt; mso-layout-grid-align: none; text-autospace: none; margin: 0cm 0cm 0cm 13.65pt;\"><span style=\"font-family: 'Arial Narrow',sans-serif; mso-bidi-font-family: Arial-BoldMT; mso-bidi-font-weight: bold;\">&#8211; \u00a0\u00a0\u00a0 Empresa Remediadora:<\/span><span style=\"font-family: 'Arial Narrow',sans-serif; mso-bidi-font-family: ArialMT;\"> Persona jur\u00eddica contratada por <\/span><span style=\"font-family: 'Arial Narrow',sans-serif; mso-bidi-font-family: Arial-BoldMT; mso-bidi-font-weight: bold;\">PROFONANPE<\/span><span style=\"font-family: 'Arial Narrow',sans-serif; mso-bidi-font-family: ArialMT;\">, encargada de la ejecuci\u00f3n del Plan de Rehabilitaci\u00f3n. <\/span><\/p><p class=\"MsoNormal\" style=\"text-align: justify; text-indent: -13.65pt; line-height: normal; tab-stops: 13.65pt; mso-layout-grid-align: none; text-autospace: none; margin: 0cm 0cm 0cm 13.65pt;\"><span style=\"font-family: 'Arial Narrow',sans-serif; mso-bidi-font-family: ArialMT;\">&#8211; \u00a0\u00a0\u00a0 Informes de Liquidaci\u00f3n: Informes emitidos por PROFONANPE al OEFA que contienen la rendici\u00f3n de cuentas de los recursos empleados para la remediaci\u00f3n de los sitios impactados y, seg\u00fan la oportunidad en que se emiten, desarrollan los (i) costos de acompa\u00f1amiento y elaboraci\u00f3n del Plan de Rehabilitaci\u00f3n, (ii) costos de evaluaci\u00f3n del Plan de Rehabilitaci\u00f3n; y, (iii) costos de la ejecuci\u00f3n de la remediaci\u00f3n.<\/span><\/p><\/td><\/tr><tr><td style=\"width: 77.75pt; border-right: 1pt solid windowtext; border-bottom-width: 1pt; border-left: 1pt solid windowtext; border-bottom-color: windowtext; border-image: initial; border-top: none; padding: 0cm 5.4pt;\" width=\"104\"><p class=\"MsoNormal\" style=\"margin-bottom: 0cm; text-align: center; line-height: normal;\" align=\"center\"><span style=\"font-family: 'Arial Narrow',sans-serif; mso-bidi-font-family: ArialMT;\">Funciones de la Junta de Administraci\u00f3n<\/span><\/p><\/td><td style=\"width: 363.65pt; border-top: none; border-left: none; border-bottom-width: 1pt; border-bottom-color: windowtext; border-right: 1pt solid windowtext; padding: 0cm 5.4pt;\" valign=\"top\" width=\"485\"><p class=\"MsoNormal\" style=\"text-align: justify; text-indent: -15.05pt; line-height: normal; tab-stops: 15.05pt; margin: 0cm 0cm 0cm 15.05pt;\"><span style=\"font-family: 'Arial Narrow',sans-serif;\">&#8211; \u00a0\u00a0\u00a0 Solicitar a PROFONANPE que inicie las gestiones necesarias para la elaboraci\u00f3n y presentaci\u00f3n ante la Autoridad sectorial competente de un Plan de Rehabilitaci\u00f3n.<\/span><\/p><p class=\"MsoNormal\" style=\"text-align: justify; text-indent: -15.05pt; line-height: normal; tab-stops: 15.05pt; margin: 0cm 0cm 0cm 15.05pt;\"><span style=\"font-family: 'Arial Narrow',sans-serif;\">&#8211; \u00a0\u00a0\u00a0 Aprobar los T\u00e9rminos de Referencia para la contrataci\u00f3n de la Empresa Consultora y de la Empresa Remediadora y hacer seguimiento de los avances del proceso de remediaci\u00f3n.<\/span><\/p><p class=\"MsoNormal\" style=\"margin-bottom: 0cm; text-align: justify; line-height: normal; tab-stops: 15.05pt;\"><span style=\"font-family: 'Arial Narrow',sans-serif;\">&#8211; \u00a0\u00a0\u00a0 Las dem\u00e1s que sean necesarias para el cumplimiento de sus fines.<\/span><\/p><\/td><\/tr><tr><td style=\"width: 77.75pt; border-right: 1pt solid windowtext; border-bottom-width: 1pt; border-left: 1pt solid windowtext; border-bottom-color: windowtext; border-image: initial; border-top: none; padding: 0cm 5.4pt;\" width=\"104\"><p class=\"MsoNormal\" style=\"margin-bottom: 0cm; text-align: center; line-height: normal;\" align=\"center\"><span style=\"font-family: 'Arial Narrow',sans-serif;\">Funciones de PROFONANPE<\/span><\/p><\/td><td style=\"width: 363.65pt; border-top: none; border-left: none; border-bottom-width: 1pt; border-bottom-color: windowtext; border-right: 1pt solid windowtext; padding: 0cm 5.4pt;\" valign=\"top\" width=\"485\"><p class=\"MsoNormal\" style=\"margin-bottom: 0cm; text-align: justify; line-height: normal; tab-stops: 15.05pt;\"><span style=\"font-family: 'Arial Narrow',sans-serif;\">&#8211; \u00a0\u00a0\u00a0 Administrar los recursos del Fondo de Contingencia para Remediaci\u00f3n Ambiental.<\/span><\/p><p class=\"MsoNormal\" style=\"margin-bottom: 0cm; text-align: justify; line-height: normal; tab-stops: 15.05pt;\"><span style=\"font-family: 'Arial Narrow',sans-serif;\">&#8211; \u00a0\u00a0\u00a0 Publicar el listado de priorizaci\u00f3n de los sitios impactados a remediar.<\/span><\/p><p class=\"MsoNormal\" style=\"text-align: justify; text-indent: -15.05pt; line-height: normal; tab-stops: 15.05pt; margin: 0cm 0cm 0cm 15.05pt;\"><span style=\"font-family: 'Arial Narrow',sans-serif;\">&#8211; \u00a0\u00a0\u00a0 Elaborar los T\u00e9rminos de Referencia para la contrataci\u00f3n de la Empresa Consultora y la Empresa Remediadora.<\/span><\/p><\/td><\/tr><tr><td style=\"width: 77.75pt; border-right: 1pt solid windowtext; border-bottom-width: 1pt; border-left: 1pt solid windowtext; border-bottom-color: windowtext; border-image: initial; border-top: none; padding: 0cm 5.4pt;\" width=\"104\"><p class=\"MsoNormal\" style=\"margin-bottom: 0cm; text-align: center; line-height: normal;\" align=\"center\"><span style=\"font-family: 'Arial Narrow',sans-serif; mso-bidi-font-family: ArialMT;\">Funciones del OEFA<\/span><\/p><\/td><td style=\"width: 363.65pt; border-top: none; border-left: none; border-bottom-width: 1pt; border-bottom-color: windowtext; border-right: 1pt solid windowtext; padding: 0cm 5.4pt;\" valign=\"top\" width=\"485\"><p class=\"MsoNormal\" style=\"margin-bottom: 0cm; text-align: justify; line-height: normal; tab-stops: 12.95pt; mso-layout-grid-align: none; text-autospace: none;\"><span style=\"font-family: 'Arial Narrow',sans-serif;\">&#8211; \u00a0\u00a0 Identificar a la empresa responsable en ejercicio de la funci\u00f3n de supervisi\u00f3n<\/span><\/p><p class=\"MsoNormal\" style=\"text-align: justify; text-indent: -12.95pt; line-height: normal; tab-stops: 12.95pt; mso-layout-grid-align: none; text-autospace: none; margin: 0cm 0cm 0cm 12.95pt;\"><span style=\"font-family: 'Arial Narrow',sans-serif; mso-bidi-font-family: ArialMT;\">&#8211;\u00a0\u00a0\u00a0 Verificar el cumplimiento del Plan de Rehabilitaci\u00f3n, en el marco de los contratos suscritos entre PROFONANPE y la Empresa Remediadora<\/span><\/p><p class=\"MsoNormal\" style=\"text-align: justify; text-indent: -12.95pt; line-height: normal; tab-stops: 12.95pt; mso-layout-grid-align: none; text-autospace: none; margin: 0cm 0cm 0cm 12.95pt;\"><span style=\"font-family: 'Arial Narrow',sans-serif; mso-bidi-font-family: ArialMT;\">&#8211;\u00a0\u00a0\u00a0 Supervisar el cumplimiento de los Planes de Rehabilitaci\u00f3n presentados por la Empresa Responsable.<\/span><\/p><\/td><\/tr><tr><td style=\"width: 77.75pt; border-right: 1pt solid windowtext; border-bottom-width: 1pt; border-left: 1pt solid windowtext; border-bottom-color: windowtext; border-image: initial; border-top: none; padding: 0cm 5.4pt;\" width=\"104\"><p class=\"MsoNormal\" style=\"margin-bottom: 0cm; text-align: center; line-height: normal;\" align=\"center\"><span style=\"font-family: 'Arial Narrow',sans-serif;\">Empresas que declaren sitios impactados<\/span><\/p><\/td><td style=\"width: 363.65pt; border-top: none; border-left: none; border-bottom-width: 1pt; border-bottom-color: windowtext; border-right: 1pt solid windowtext; padding: 0cm 5.4pt;\" valign=\"top\" width=\"485\"><p class=\"MsoNormal\" style=\"text-align: justify; text-indent: -13.65pt; line-height: normal; tab-stops: 13.65pt; margin: 0cm 0cm 0cm 13.65pt;\"><span style=\"font-family: 'Arial Narrow',sans-serif;\">&#8211; \u00a0\u00a0\u00a0 Si la empresa declara los sitios impactados, la Empresa Responsable presenta a la Autoridad sectorial competente, con copia al OEFA y PROFONANPE, el Plan de Rehabilitaci\u00f3n para la remediaci\u00f3n ambiental del sitio impactado en un plazo m\u00e1ximo de catorce (14) meses contado desde la declaraci\u00f3n. Excepcionalmente el plazo puede ser prorrogado cuatro (4) meses. La Empresa Responsable informa a la Autoridad sectorial competente el inicio de la elaboraci\u00f3n del Plan de Rehabilitaci\u00f3n, adjuntando el correspondiente plan de trabajo.<\/span><\/p><p class=\"MsoNormal\" style=\"text-align: justify; text-indent: -13.65pt; line-height: normal; tab-stops: 13.65pt; margin: 0cm 0cm 0cm 13.65pt;\"><span style=\"font-family: 'Arial Narrow',sans-serif;\">&#8211; \u00a0\u00a0\u00a0 Si la Empresa Responsable no cumple con presentar el Plan de Rehabilitaci\u00f3n ante la Autoridad sectorial competente en el plazo otorgado, \u00e9sta pone en conocimiento del OEFA el incumplimiento a efectos que inicie el procedimiento administrativo sancionador. &#8211; La Autoridad sectorial competente informa a la Junta de Administraci\u00f3n el hecho a fin de que disponga la ejecuci\u00f3n de los recursos del Fondo de Contingencia. <\/span><\/p><p class=\"MsoNormal\" style=\"text-align: justify; text-indent: -13.65pt; line-height: normal; tab-stops: 13.65pt; margin: 0cm 0cm 0cm 13.65pt;\"><span style=\"font-family: 'Arial Narrow',sans-serif;\">&#8211; \u00a0\u00a0\u00a0 OEFA supervisa el cumplimiento del Plan de Rehabilitaci\u00f3n aprobado. En caso de incumplimiento, OEFA inicia un procedimiento administrativo sancionador.<\/span><\/p><p class=\"MsoNormal\" style=\"text-align: justify; text-indent: -13.65pt; line-height: normal; tab-stops: 13.65pt; margin: 0cm 0cm 0cm 13.65pt;\"><span style=\"font-family: 'Arial Narrow',sans-serif;\">&#8211; \u00a0\u00a0\u00a0 La Junta de Administraci\u00f3n dispone la ejecuci\u00f3n de los recursos del Fondo de Contingencia.<\/span><\/p><p class=\"MsoNormal\" style=\"text-align: justify; text-indent: -13.65pt; line-height: normal; tab-stops: 13.65pt; margin: 0cm 0cm 0cm 13.65pt;\"><span style=\"font-family: 'Arial Narrow',sans-serif;\">&#8211; \u00a0\u00a0\u00a0 La resoluci\u00f3n de OEFA que determine responsabilidad administrativa contiene la imposici\u00f3n de una sanci\u00f3n y una medida correctiva a trav\u00e9s de la cual se ordena el pago del monto utilizado para la remediaci\u00f3n ambiental del sitio impactado a favor del Fondo de Contingencia, conforme a lo que indique el Informe de Liquidaci\u00f3n respectivo.<\/span><\/p><\/td><\/tr><\/tbody><\/table>\t\t\t\t\t\t\t\t<\/div>\n\t\t\t\t<\/div>\n\t\t\t\t\t<\/div>\n\t\t<\/div>\n\t\t\t\t\t<\/div>\n\t\t<\/section>\n\t\t\t\t<section class=\"elementor-section elementor-top-section elementor-element elementor-element-82fd796 elementor-section-boxed elementor-section-height-default elementor-section-height-default\" data-id=\"82fd796\" data-element_type=\"section\" data-e-type=\"section\">\n\t\t\t\t\t\t<div class=\"elementor-container elementor-column-gap-default\">\n\t\t\t\t\t<div class=\"elementor-column elementor-col-100 elementor-top-column elementor-element elementor-element-6728638\" data-id=\"6728638\" data-element_type=\"column\" data-e-type=\"column\">\n\t\t\t<div class=\"elementor-widget-wrap elementor-element-populated\">\n\t\t\t\t\t\t<div class=\"elementor-element elementor-element-65a8c50 elementor-widget-divider--view-line elementor-widget elementor-widget-divider\" data-id=\"65a8c50\" data-element_type=\"widget\" data-e-type=\"widget\" data-widget_type=\"divider.default\">\n\t\t\t\t<div class=\"elementor-widget-container\">\n\t\t\t\t\t\t\t<div class=\"elementor-divider\">\n\t\t\t<span class=\"elementor-divider-separator\">\n\t\t\t\t\t\t<\/span>\n\t\t<\/div>\n\t\t\t\t\t\t<\/div>\n\t\t\t\t<\/div>\n\t\t\t\t\t<\/div>\n\t\t<\/div>\n\t\t\t\t\t<\/div>\n\t\t<\/section>\n\t\t\t\t<section class=\"elementor-section elementor-top-section elementor-element elementor-element-6bacd8d elementor-section-boxed elementor-section-height-default elementor-section-height-default\" data-id=\"6bacd8d\" data-element_type=\"section\" data-e-type=\"section\">\n\t\t\t\t\t\t<div class=\"elementor-container elementor-column-gap-default\">\n\t\t\t\t\t<div class=\"elementor-column elementor-col-100 elementor-top-column elementor-element elementor-element-a13ea15\" data-id=\"a13ea15\" data-element_type=\"column\" data-e-type=\"column\">\n\t\t\t<div class=\"elementor-widget-wrap elementor-element-populated\">\n\t\t\t\t\t\t<div class=\"elementor-element elementor-element-49e9f70 elementor-widget elementor-widget-text-editor\" data-id=\"49e9f70\" data-element_type=\"widget\" data-e-type=\"widget\" data-widget_type=\"text-editor.default\">\n\t\t\t\t<div class=\"elementor-widget-container\">\n\t\t\t\t\t\t\t\t\t<p>Para m\u00e1s informaci\u00f3n sobre los temas tratados contactarse con los abogados de nuestra \u00c1rea de Recursos Naturales y Medio Ambiente:<\/p><p>Jos\u00e9 Miguel Morales Dasso, Alberto Varillas Cueto, Edgardo Portaro van Oordt, Felipe Del \u00c1guila, Samantha Boy Roca y Jos\u00e9 Castillo.<\/p>\t\t\t\t\t\t\t\t<\/div>\n\t\t\t\t<\/div>\n\t\t\t\t\t<\/div>\n\t\t<\/div>\n\t\t\t\t\t<\/div>\n\t\t<\/section>\n\t\t\t\t<section class=\"elementor-section elementor-top-section elementor-element elementor-element-9ae084e elementor-section-boxed elementor-section-height-default elementor-section-height-default\" data-id=\"9ae084e\" data-element_type=\"section\" data-e-type=\"section\">\n\t\t\t\t\t\t<div class=\"elementor-container elementor-column-gap-default\">\n\t\t\t\t\t<div class=\"elementor-column elementor-col-100 elementor-top-column elementor-element elementor-element-3fe4d7d\" data-id=\"3fe4d7d\" data-element_type=\"column\" data-e-type=\"column\">\n\t\t\t<div class=\"elementor-widget-wrap elementor-element-populated\">\n\t\t\t\t\t\t<div class=\"elementor-element elementor-element-a7201c0 elementor-widget-divider--view-line elementor-widget elementor-widget-divider\" data-id=\"a7201c0\" data-element_type=\"widget\" data-e-type=\"widget\" data-widget_type=\"divider.default\">\n\t\t\t\t<div class=\"elementor-widget-container\">\n\t\t\t\t\t\t\t<div class=\"elementor-divider\">\n\t\t\t<span class=\"elementor-divider-separator\">\n\t\t\t\t\t\t<\/span>\n\t\t<\/div>\n\t\t\t\t\t\t<\/div>\n\t\t\t\t<\/div>\n\t\t\t\t\t<\/div>\n\t\t<\/div>\n\t\t\t\t\t<\/div>\n\t\t<\/section>\n\t\t\t\t<section class=\"elementor-section elementor-top-section elementor-element elementor-element-463831b elementor-section-boxed elementor-section-height-default elementor-section-height-default\" data-id=\"463831b\" data-element_type=\"section\" data-e-type=\"section\">\n\t\t\t\t\t\t<div class=\"elementor-container elementor-column-gap-default\">\n\t\t\t\t\t<div class=\"elementor-column elementor-col-100 elementor-top-column elementor-element elementor-element-2504398\" data-id=\"2504398\" data-element_type=\"column\" data-e-type=\"column\">\n\t\t\t<div class=\"elementor-widget-wrap elementor-element-populated\">\n\t\t\t\t\t\t<div class=\"elementor-element elementor-element-3a9ac4b elementor-widget elementor-widget-text-editor\" data-id=\"3a9ac4b\" data-element_type=\"widget\" data-e-type=\"widget\" data-widget_type=\"text-editor.default\">\n\t\t\t\t<div class=\"elementor-widget-container\">\n\t\t\t\t\t\t\t\t\t<p style=\"margin-bottom: 0cm; text-align: justify; line-height: normal; mso-layout-grid-align: none; text-autospace: none;\"><span style=\"font-family: 'Arial Narrow',sans-serif; mso-bidi-font-family: ArialNarrow; color: #818181;\">La informaci\u00f3n contenida en este documento no constituye ni pretende constituir asesor\u00eda o asistencia legal directa o indirecta de ninguna especie, ni establece ning\u00fan tipo de relaci\u00f3n profesional.<\/span><\/p><p>\u00a0<\/p><p style=\"margin-bottom: 0cm; text-align: justify; line-height: normal; mso-layout-grid-align: none; text-autospace: none;\"><span style=\"font-family: 'Arial Narrow',sans-serif; mso-bidi-font-family: ArialNarrow; color: #818181;\">Asimismo, tampoco pretende hacer publicidad de los servicios prestados por nuestra firma ni por ninguno de sus abogados. El \u00fanico prop\u00f3sito es dar informaci\u00f3n de car\u00e1cter general respecto de temas que pueden ser de inter\u00e9s para los clientes y amigos de nuestra firma. Este informativo, as\u00ed como otros informes generales y art\u00edculos de inter\u00e9s preparados por los abogados del Estudio podr\u00e1n encontrarse en nuestra p\u00e1gina web:\u00a0<\/span><a style=\"background-color: #ffffff;\" href=\"http:\/\/localhost\/wordpress.pe\" target=\"_blank\" rel=\"noopener\">www.garciasayan.com.pe<\/a><\/p>\t\t\t\t\t\t\t\t<\/div>\n\t\t\t\t<\/div>\n\t\t\t\t\t<\/div>\n\t\t<\/div>\n\t\t\t\t\t<\/div>\n\t\t<\/section>\n\t\t\t\t<\/div>\n\t\t","protected":false},"excerpt":{"rendered":"<p>El 18 de agosto de 2020, el Ministerio de Energ\u00eda y Minas (en adelante, \u201cMINEM\u201d), a trav\u00e9s del Decreto Supremo N\u00ba 021-2020-EM, dispuso la publicaci\u00f3n del \u201cDecreto Supremo que modifica el Reglamento de la Ley N\u00ba 30321, Ley que crea el Fondo de Contingencia para Remediaci\u00f3n Ambiental, aprobado por Decreto Supremo N\u00ba039-2016-EM\u201d, a fin de [&hellip;]<\/p>\n","protected":false},"author":5,"featured_media":8962,"comment_status":"open","ping_status":"open","sticky":false,"template":"","format":"standard","meta":{"nf_dc_page":"","content-type":"","footnotes":""},"categories":[90,83,79],"class_list":["post-12016","post","type-post","status-publish","format-standard","has-post-thumbnail","hentry","category-boletin-informativo","category-covid-19","category-recursos-naturales"],"_links":{"self":[{"href":"https:\/\/gsalegal.pe\/en\/wp-json\/wp\/v2\/posts\/12016","targetHints":{"allow":["GET"]}}],"collection":[{"href":"https:\/\/gsalegal.pe\/en\/wp-json\/wp\/v2\/posts"}],"about":[{"href":"https:\/\/gsalegal.pe\/en\/wp-json\/wp\/v2\/types\/post"}],"author":[{"embeddable":true,"href":"https:\/\/gsalegal.pe\/en\/wp-json\/wp\/v2\/users\/5"}],"replies":[{"embeddable":true,"href":"https:\/\/gsalegal.pe\/en\/wp-json\/wp\/v2\/comments?post=12016"}],"version-history":[{"count":0,"href":"https:\/\/gsalegal.pe\/en\/wp-json\/wp\/v2\/posts\/12016\/revisions"}],"wp:featuredmedia":[{"embeddable":true,"href":"https:\/\/gsalegal.pe\/en\/wp-json\/"}],"wp:attachment":[{"href":"https:\/\/gsalegal.pe\/en\/wp-json\/wp\/v2\/media?parent=12016"}],"wp:term":[{"taxonomy":"category","embeddable":true,"href":"https:\/\/gsalegal.pe\/en\/wp-json\/wp\/v2\/categories?post=12016"}],"curies":[{"name":"wp","href":"https:\/\/api.w.org\/{rel}","templated":true}]}}