{"id":12051,"date":"2020-08-27T15:01:20","date_gmt":"2020-08-27T20:01:20","guid":{"rendered":"http:\/\/localhost\/wordpress\/?p=12051"},"modified":"2020-08-27T15:01:20","modified_gmt":"2020-08-27T20:01:20","slug":"dictan-medidas-para-la-convocatoria-y-celebracion-de-juntas-y-asambleas-no-presenciales-o-virtuales","status":"publish","type":"post","link":"https:\/\/gsalegal.pe\/en\/dictan-medidas-para-la-convocatoria-y-celebracion-de-juntas-y-asambleas-no-presenciales-o-virtuales\/","title":{"rendered":"Dictan medidas para la convocatoria y celebraci\u00f3n de juntas y asambleas no presenciales o virtuales"},"content":{"rendered":"\t\t<div data-elementor-type=\"wp-post\" data-elementor-id=\"12051\" class=\"elementor elementor-12051\">\n\t\t\t\t\t\t<section class=\"elementor-section elementor-top-section elementor-element elementor-element-6200dd2 elementor-section-boxed elementor-section-height-default elementor-section-height-default\" data-id=\"6200dd2\" data-element_type=\"section\" data-e-type=\"section\">\n\t\t\t\t\t\t<div class=\"elementor-container elementor-column-gap-default\">\n\t\t\t\t\t<div class=\"elementor-column elementor-col-100 elementor-top-column elementor-element elementor-element-77bcb91\" data-id=\"77bcb91\" data-element_type=\"column\" data-e-type=\"column\">\n\t\t\t<div class=\"elementor-widget-wrap elementor-element-populated\">\n\t\t\t\t\t\t<div class=\"elementor-element elementor-element-d1a6798 elementor-widget elementor-widget-text-editor\" data-id=\"d1a6798\" data-element_type=\"widget\" data-e-type=\"widget\" data-widget_type=\"text-editor.default\">\n\t\t\t\t<div class=\"elementor-widget-container\">\n\t\t\t\t\t\t\t\t\t<p>El Gobierno ha emitido el Decreto de Urgencia N\u00b0110-2020 mediante el cual se aprueban medidas que permitan a las sociedades, asociaciones, fundaciones o comit\u00e9s u otras personas jur\u00eddicas privadas reguladas por leyes especiales convocar y celebrar juntas de accionistas y asambleas de manera no presencial o virtual hasta el 31 de diciembre de 2020, toda vez que, debido a la actual situaci\u00f3n del pa\u00eds y las restricciones de desplazamiento y reuni\u00f3n impuestas, se ven impedidas de llevar adelante sus respectivas juntas o asambleas generales y actos electorales de manera presencial, en vista que sus estatutos no han previsto reuniones no presenciales y\/o a la imposibilidad de desplazarse y celebrar reuniones presenciales. En ese sentido, las principales disposiciones son las siguientes:<\/p>\n<ol>\n<li>Las sociedades, asociaciones, fundaciones o comit\u00e9s u otras personas jur\u00eddicas privadas reguladas por leyes especiales<a href=\"#_ftn1\" name=\"_ftnref1\">[1]<\/a> podr\u00e1n convocar y celebrar juntas generales o especiales de accionistas y\/o asambleas generales, de manera no presencial o virtual, hasta el 31 de diciembre de 2020, aun cuando los respectivos estatutos de dichas entidades s\u00f3lo reconozcan la posibilidad de convocar y celebrar juntas o asambleas presenciales.\n<\/li>\n<li>Las juntas y\/o asambleas virtuales o no presenciales se llevar\u00e1n a cabo mediante el uso de medios tecnol\u00f3gicos o telem\u00e1ticos y de comunicaciones o de naturaleza similar, que permitan la comunicaci\u00f3n y garanticen la autenticidad del acuerdo.<\/li>\n<li>Para la inscripci\u00f3n de los acuerdos de las juntas generales o especiales de accionistas y\/o asamblea general, se presentar\u00e1 el acta respectiva ante la Superintendencia Nacional de los Registros P\u00fablicos, la misma que deber\u00e1 contener los siguientes datos:\n<ul>\n<li>\u00d3rgano que sesion\u00f3<\/li>\n<li>Fecha de celebraci\u00f3n de la junta o asamblea<\/li>\n<li>Hora de inicio y de conclusi\u00f3n de la junta o asamblea<\/li>\n<li>Nombre completo y DNI de quienes actuaron como presidente y secretario<\/li>\n<li>N\u00famero de participantes<\/li>\n<li>Asuntos tratados en la sesi\u00f3n<\/li>\n<li>Acuerdos adoptados con indicaci\u00f3n del sentido de los respectivos votos<\/li>\n<li>Medios utilizados para su realizaci\u00f3n<\/li>\n<\/ul>\n<\/li>\n<\/ol>\n<p>As\u00ed consta en el Decreto de Urgencia N\u00b0110-2020 publicado el d\u00eda de hoy, el mismo que tiene vigencia hasta el 31 de diciembre de 2020.<\/p>\n<p><a href=\"#_ftnref1\" name=\"_ftn1\">[1]<\/a> A excepci\u00f3n de las reguladas por los Decretos de Urgencia N\u00b0 056-2020 y N\u00b0 075-2020.<\/p>\t\t\t\t\t\t\t\t<\/div>\n\t\t\t\t<\/div>\n\t\t\t\t\t<\/div>\n\t\t<\/div>\n\t\t\t\t\t<\/div>\n\t\t<\/section>\n\t\t\t\t<section class=\"elementor-section elementor-top-section elementor-element elementor-element-3556652 elementor-section-boxed elementor-section-height-default elementor-section-height-default\" data-id=\"3556652\" data-element_type=\"section\" data-e-type=\"section\">\n\t\t\t\t\t\t<div class=\"elementor-container elementor-column-gap-default\">\n\t\t\t\t\t<div class=\"elementor-column elementor-col-100 elementor-top-column elementor-element elementor-element-5bbbf57\" data-id=\"5bbbf57\" data-element_type=\"column\" data-e-type=\"column\">\n\t\t\t<div class=\"elementor-widget-wrap elementor-element-populated\">\n\t\t\t\t\t\t<div class=\"elementor-element elementor-element-32a73ab elementor-widget-divider--view-line elementor-widget elementor-widget-divider\" data-id=\"32a73ab\" data-element_type=\"widget\" data-e-type=\"widget\" data-widget_type=\"divider.default\">\n\t\t\t\t<div class=\"elementor-widget-container\">\n\t\t\t\t\t\t\t<div class=\"elementor-divider\">\n\t\t\t<span class=\"elementor-divider-separator\">\n\t\t\t\t\t\t<\/span>\n\t\t<\/div>\n\t\t\t\t\t\t<\/div>\n\t\t\t\t<\/div>\n\t\t\t\t\t<\/div>\n\t\t<\/div>\n\t\t\t\t\t<\/div>\n\t\t<\/section>\n\t\t\t\t<section class=\"elementor-section elementor-top-section elementor-element elementor-element-e8cdcb0 elementor-section-boxed elementor-section-height-default elementor-section-height-default\" data-id=\"e8cdcb0\" data-element_type=\"section\" data-e-type=\"section\">\n\t\t\t\t\t\t<div class=\"elementor-container elementor-column-gap-default\">\n\t\t\t\t\t<div class=\"elementor-column elementor-col-100 elementor-top-column elementor-element elementor-element-5ad2a50\" data-id=\"5ad2a50\" data-element_type=\"column\" data-e-type=\"column\">\n\t\t\t<div class=\"elementor-widget-wrap elementor-element-populated\">\n\t\t\t\t\t\t<div class=\"elementor-element elementor-element-e9776cb elementor-widget elementor-widget-text-editor\" data-id=\"e9776cb\" data-element_type=\"widget\" data-e-type=\"widget\" data-widget_type=\"text-editor.default\">\n\t\t\t\t<div class=\"elementor-widget-container\">\n\t\t\t\t\t\t\t\t\t<p>Para mayor informaci\u00f3n sobre el tema tratado contactarse con los abogados del Estudio:<\/p><p>Dr. Luis Gasta\u00f1eta, Dr. Agust\u00edn Yrigoyen, Dra. Shirley C\u00e1rdenas, Dr. Alfonso Tola, Dra. Mar\u00eda Soledad Gasta\u00f1eta y el Dr. Sergio Chang.<\/p>\t\t\t\t\t\t\t\t<\/div>\n\t\t\t\t<\/div>\n\t\t\t\t\t<\/div>\n\t\t<\/div>\n\t\t\t\t\t<\/div>\n\t\t<\/section>\n\t\t\t\t<section class=\"elementor-section elementor-top-section elementor-element elementor-element-bdffc81 elementor-section-boxed elementor-section-height-default elementor-section-height-default\" data-id=\"bdffc81\" data-element_type=\"section\" data-e-type=\"section\">\n\t\t\t\t\t\t<div class=\"elementor-container elementor-column-gap-default\">\n\t\t\t\t\t<div class=\"elementor-column elementor-col-100 elementor-top-column elementor-element elementor-element-6929047\" data-id=\"6929047\" data-element_type=\"column\" data-e-type=\"column\">\n\t\t\t<div class=\"elementor-widget-wrap elementor-element-populated\">\n\t\t\t\t\t\t<div class=\"elementor-element elementor-element-390711d elementor-widget-divider--view-line elementor-widget elementor-widget-divider\" data-id=\"390711d\" data-element_type=\"widget\" data-e-type=\"widget\" data-widget_type=\"divider.default\">\n\t\t\t\t<div class=\"elementor-widget-container\">\n\t\t\t\t\t\t\t<div class=\"elementor-divider\">\n\t\t\t<span class=\"elementor-divider-separator\">\n\t\t\t\t\t\t<\/span>\n\t\t<\/div>\n\t\t\t\t\t\t<\/div>\n\t\t\t\t<\/div>\n\t\t\t\t\t<\/div>\n\t\t<\/div>\n\t\t\t\t\t<\/div>\n\t\t<\/section>\n\t\t\t\t<section class=\"elementor-section elementor-top-section elementor-element elementor-element-1d0ecc9 elementor-section-boxed elementor-section-height-default elementor-section-height-default\" data-id=\"1d0ecc9\" data-element_type=\"section\" data-e-type=\"section\">\n\t\t\t\t\t\t<div class=\"elementor-container elementor-column-gap-default\">\n\t\t\t\t\t<div class=\"elementor-column elementor-col-100 elementor-top-column elementor-element elementor-element-7304c0a\" data-id=\"7304c0a\" data-element_type=\"column\" data-e-type=\"column\">\n\t\t\t<div class=\"elementor-widget-wrap elementor-element-populated\">\n\t\t\t\t\t\t<div class=\"elementor-element elementor-element-2512569 elementor-widget elementor-widget-text-editor\" data-id=\"2512569\" data-element_type=\"widget\" data-e-type=\"widget\" data-widget_type=\"text-editor.default\">\n\t\t\t\t<div class=\"elementor-widget-container\">\n\t\t\t\t\t\t\t\t\t<p style=\"margin-bottom: 0cm; text-align: justify; line-height: normal; mso-layout-grid-align: none; text-autospace: none;\"><span lang=\"ES\" style=\"font-size: 10.0pt; font-family: 'Arial Narrow',sans-serif; mso-fareast-font-family: 'Times New Roman'; mso-bidi-font-family: ArialNarrow; color: gray; mso-ansi-language: ES; mso-fareast-language: ES;\">La informaci\u00f3n contenida en este documento no constituye ni pretende constituir asesor\u00eda o asistencia legal directa o indirecta de ninguna especie, ni establece ning\u00fan tipo de relaci\u00f3n profesional.<\/span><\/p><p>\u00a0<\/p><p style=\"margin-bottom: 0cm; text-align: justify; line-height: normal; mso-layout-grid-align: none; text-autospace: none;\"><span lang=\"ES\" style=\"font-size: 10.0pt; font-family: 'Arial Narrow',sans-serif; mso-fareast-font-family: 'Times New Roman'; mso-bidi-font-family: ArialNarrow; color: gray; mso-ansi-language: ES; mso-fareast-language: ES;\">Asimismo, tampoco pretende hacer publicidad de los servicios prestados por nuestra firma ni por ninguno de sus abogados. El \u00fanico prop\u00f3sito es dar informaci\u00f3n de car\u00e1cter general respecto de temas que pueden ser de inter\u00e9s para los clientes y amigos de nuestra firma. Este informativo, as\u00ed como otros informes generales y art\u00edculos de inter\u00e9s preparados por los abogados del Estudio, podr\u00e1n encontrarse en nuestra p\u00e1gina web:\u00a0<\/span><a style=\"background-color: #ffffff;\" href=\"http:\/\/localhost\/wordpress.pe\" target=\"_blank\" rel=\"noopener\">www.garciasayan.com.pe<\/a><\/p>\t\t\t\t\t\t\t\t<\/div>\n\t\t\t\t<\/div>\n\t\t\t\t\t<\/div>\n\t\t<\/div>\n\t\t\t\t\t<\/div>\n\t\t<\/section>\n\t\t\t\t<\/div>\n\t\t","protected":false},"excerpt":{"rendered":"<p>El Gobierno ha emitido el Decreto de Urgencia N\u00b0110-2020 mediante el cual se aprueban medidas que permitan a las sociedades, asociaciones, fundaciones o comit\u00e9s u otras personas jur\u00eddicas privadas reguladas por leyes especiales convocar y celebrar juntas de accionistas y asambleas de manera no presencial o virtual hasta el 31 de diciembre de 2020, toda [&hellip;]<\/p>\n","protected":false},"author":5,"featured_media":11324,"comment_status":"closed","ping_status":"open","sticky":false,"template":"","format":"standard","meta":{"nf_dc_page":"","content-type":"","footnotes":""},"categories":[90,76,83],"class_list":["post-12051","post","type-post","status-publish","format-standard","has-post-thumbnail","hentry","category-boletin-informativo","category-corporativo","category-covid-19"],"_links":{"self":[{"href":"https:\/\/gsalegal.pe\/en\/wp-json\/wp\/v2\/posts\/12051","targetHints":{"allow":["GET"]}}],"collection":[{"href":"https:\/\/gsalegal.pe\/en\/wp-json\/wp\/v2\/posts"}],"about":[{"href":"https:\/\/gsalegal.pe\/en\/wp-json\/wp\/v2\/types\/post"}],"author":[{"embeddable":true,"href":"https:\/\/gsalegal.pe\/en\/wp-json\/wp\/v2\/users\/5"}],"replies":[{"embeddable":true,"href":"https:\/\/gsalegal.pe\/en\/wp-json\/wp\/v2\/comments?post=12051"}],"version-history":[{"count":0,"href":"https:\/\/gsalegal.pe\/en\/wp-json\/wp\/v2\/posts\/12051\/revisions"}],"wp:featuredmedia":[{"embeddable":true,"href":"https:\/\/gsalegal.pe\/en\/wp-json\/"}],"wp:attachment":[{"href":"https:\/\/gsalegal.pe\/en\/wp-json\/wp\/v2\/media?parent=12051"}],"wp:term":[{"taxonomy":"category","embeddable":true,"href":"https:\/\/gsalegal.pe\/en\/wp-json\/wp\/v2\/categories?post=12051"}],"curies":[{"name":"wp","href":"https:\/\/api.w.org\/{rel}","templated":true}]}}