{"id":12068,"date":"2020-08-28T17:03:26","date_gmt":"2020-08-28T22:03:26","guid":{"rendered":"http:\/\/localhost\/wordpress\/?p=12068"},"modified":"2020-08-28T17:03:26","modified_gmt":"2020-08-28T22:03:26","slug":"prorroga-de-la-emergencia-sanitaria-efectos-laborales-2","status":"publish","type":"post","link":"https:\/\/gsalegal.pe\/en\/prorroga-de-la-emergencia-sanitaria-efectos-laborales-2\/","title":{"rendered":"Pr\u00f3rroga de la Emergencia Sanitaria &#8211; Efectos Laborales"},"content":{"rendered":"\t\t<div data-elementor-type=\"wp-post\" data-elementor-id=\"12068\" class=\"elementor elementor-12068\">\n\t\t\t\t\t\t<section class=\"elementor-section elementor-top-section elementor-element elementor-element-b85e275 elementor-section-boxed elementor-section-height-default elementor-section-height-default\" data-id=\"b85e275\" data-element_type=\"section\" data-e-type=\"section\">\n\t\t\t\t\t\t<div class=\"elementor-container elementor-column-gap-default\">\n\t\t\t\t\t<div class=\"elementor-column elementor-col-100 elementor-top-column elementor-element elementor-element-bb26131\" data-id=\"bb26131\" data-element_type=\"column\" data-e-type=\"column\">\n\t\t\t<div class=\"elementor-widget-wrap elementor-element-populated\">\n\t\t\t\t\t\t<div class=\"elementor-element elementor-element-ee5231d elementor-widget elementor-widget-text-editor\" data-id=\"ee5231d\" data-element_type=\"widget\" data-e-type=\"widget\" data-widget_type=\"text-editor.default\">\n\t\t\t\t<div class=\"elementor-widget-container\">\n\t\t\t\t\t\t\t\t\t<p class=\"MsoNormal\" style=\"margin-bottom: 0cm; text-align: justify; line-height: normal; tab-stops: 53.25pt;\"><span style=\"font-size: 12.0pt; font-family: 'Arial Narrow',sans-serif;\">Hoy, 28 de agosto de 2020, se public\u00f3 el Decreto Supremo N\u00b0 27-2020-SA, el mismo prorroga la Emergencia Sanitaria por un plazo de noventa (90) d\u00edas calendarios; este plazo correr\u00e1 del 8 de setiembre de 2020 hasta el 6 de diciembre de 2020.<\/span><\/p><p class=\"MsoNormal\" style=\"margin-bottom: 0cm; text-align: justify; line-height: normal; tab-stops: 53.25pt;\"><span style=\"font-size: 12.0pt; font-family: 'Arial Narrow',sans-serif;\">Esta norma tiene las siguientes consecuencias laborales:<\/span><\/p><p class=\"MsoNormal\" style=\"margin-bottom: 0cm; text-align: justify; line-height: normal; tab-stops: 53.25pt;\"><span style=\"font-size: 12.0pt; font-family: 'Arial Narrow',sans-serif;\">\u00a0<\/span><\/p><table class=\"MsoTable15Grid4Accent1\" style=\"width: 423.6pt; border-collapse: collapse; border: none; mso-border-alt: solid #95B3D7 .5pt; mso-yfti-tbllook: 1184; mso-padding-alt: 0cm 5.4pt 0cm 5.4pt;\" border=\"1\" width=\"565\" cellspacing=\"0\" cellpadding=\"0\"><tbody><tr><td style=\"width: 111.75pt; border-top: 1pt solid #4f81bd; border-bottom-width: 1pt; border-left: 1pt solid #4f81bd; border-bottom-color: #4f81bd; border-image: initial; border-right: none; background: #366f96; padding: 0cm 5.4pt;\" valign=\"top\" width=\"149\"><p class=\"MsoNormal\" style=\"margin-bottom: 0cm; text-align: center; line-height: normal; tab-stops: 53.25pt; mso-yfti-cnfc: 5;\" align=\"center\"><b><span style=\"font-size: 12.0pt; font-family: 'Arial Narrow',sans-serif; color: #eeece1; mso-themecolor: background2;\">CONSECUENCIA<\/span><\/b><\/p><\/td><td style=\"width: 11cm; border-top: 1pt solid #4f81bd; border-right: 1pt solid #4f81bd; border-bottom-width: 1pt; border-bottom-color: #4f81bd; border-image: initial; border-left: none; background: #366f96; padding: 0cm 5.4pt;\" valign=\"top\" width=\"416\"><p class=\"MsoNormal\" style=\"margin-bottom: 0cm; text-align: center; line-height: normal; tab-stops: 53.25pt; mso-yfti-cnfc: 1;\" align=\"center\"><b><span style=\"font-size: 12.0pt; font-family: 'Arial Narrow',sans-serif; color: #eeece1; mso-themecolor: background2;\">RESUMEN<\/span><\/b><\/p><\/td><\/tr><tr><td style=\"width: 423.6pt; border-right: 1pt solid #95b3d7; border-bottom-width: 1pt; border-left: 1pt solid #95b3d7; border-bottom-color: #95b3d7; border-image: initial; border-top: none; background: #f2f2f2; padding: 0cm 5.4pt;\" colspan=\"2\" valign=\"top\" width=\"565\"><p class=\"MsoNormal\" style=\"margin-bottom: 0cm; text-align: center; line-height: normal; tab-stops: 53.25pt; mso-yfti-cnfc: 68;\" align=\"center\"><b><span style=\"font-size: 12.0pt; font-family: 'Arial Narrow',sans-serif; color: black; mso-color-alt: windowtext;\">En la relaci\u00f3n laboral<\/span><\/b><b><\/b><\/p><\/td><\/tr><tr><td style=\"width: 111.75pt; border-right: 1pt solid #95b3d7; border-bottom-width: 1pt; border-left: 1pt solid #95b3d7; border-bottom-color: #95b3d7; border-image: initial; border-top: none; background: #f2f2f2; padding: 0cm 5.4pt;\" valign=\"top\" width=\"149\"><p class=\"MsoNormal\" style=\"margin-bottom: 0cm; text-align: center; line-height: normal; tab-stops: 53.25pt; mso-yfti-cnfc: 4;\" align=\"center\"><b><span style=\"font-size: 12.0pt; font-family: 'Arial Narrow',sans-serif; color: black; mso-color-alt: windowtext;\">Trabajo Remoto<\/span><\/b><b><\/b><\/p><\/td><td style=\"width: 11cm; border-top: none; border-left: none; border-bottom-width: 1pt; border-bottom-color: #95b3d7; border-right: 1pt solid #95b3d7; padding: 0cm 5.4pt;\" valign=\"top\" width=\"416\"><p class=\"MsoNormal\" style=\"margin-bottom: 0cm; text-align: justify; line-height: normal; tab-stops: 53.25pt;\"><span style=\"font-size: 12.0pt; font-family: 'Arial Narrow',sans-serif;\">Se prorroga su vigencia hasta el 6 de diciembre de 2020 (D.U. N\u00ba026-2020, Cuarta Disposici\u00f3n Complementaria y Final modificada por D.Leg. N\u00b01505).<\/span><\/p><\/td><\/tr><tr><td style=\"width: 111.75pt; border-right: 1pt solid #95b3d7; border-bottom-width: 1pt; border-left: 1pt solid #95b3d7; border-bottom-color: #95b3d7; border-image: initial; border-top: none; background: #f2f2f2; padding: 0cm 5.4pt;\" valign=\"top\" width=\"149\"><p class=\"MsoNormal\" style=\"margin-bottom: 0cm; text-align: center; line-height: normal; tab-stops: 53.25pt; mso-yfti-cnfc: 68;\" align=\"center\"><b><span style=\"font-size: 12.0pt; font-family: 'Arial Narrow',sans-serif; color: black; mso-color-alt: windowtext;\">Suspensi\u00f3n Perfecta de Labores<\/span><\/b><b><\/b><\/p><\/td><td style=\"width: 11cm; border-top: none; border-left: none; border-bottom-width: 1pt; border-bottom-color: #95b3d7; border-right: 1pt solid #95b3d7; padding: 0cm 5.4pt;\" valign=\"top\" width=\"416\"><p class=\"MsoNormal\" style=\"margin-bottom: 0cm; text-align: justify; line-height: normal; tab-stops: 53.25pt; mso-yfti-cnfc: 64;\"><span style=\"font-size: 12.0pt; font-family: 'Arial Narrow',sans-serif;\">Se mantiene la vigencia de sus normas y la posibilidad de solicitar nuevas SPL. Las SPL podr\u00e1n concluir 30 d\u00edas calendario luego de vencida la Emergencia Sanitaria; esto es, el 5 de enero de 2021 (D.U. N\u00ba 038-2020, art\u00edculo 3\u00ba numeral 3.5).<\/span><\/p><\/td><\/tr><tr><td style=\"width: 111.75pt; border-right: 1pt solid #95b3d7; border-bottom-width: 1pt; border-left: 1pt solid #95b3d7; border-bottom-color: #95b3d7; border-image: initial; border-top: none; background: #f2f2f2; padding: 0cm 5.4pt;\" valign=\"top\" width=\"149\"><p class=\"MsoNormal\" style=\"margin-bottom: 0cm; text-align: center; line-height: normal; tab-stops: 53.25pt; mso-yfti-cnfc: 4;\" align=\"center\"><b><span style=\"font-size: 12.0pt; font-family: 'Arial Narrow',sans-serif; color: black; mso-color-alt: windowtext;\">Trabajadores en Grupo de Riesgo<\/span><\/b><b><\/b><\/p><\/td><td style=\"width: 11cm; border-top: none; border-left: none; border-bottom-width: 1pt; border-bottom-color: #95b3d7; border-right: 1pt solid #95b3d7; padding: 0cm 5.4pt;\" valign=\"top\" width=\"416\"><p class=\"MsoNormal\" style=\"margin-bottom: 0cm; text-align: justify; line-height: normal; tab-stops: 53.25pt;\"><span style=\"font-size: 12.0pt; font-family: 'Arial Narrow',sans-serif;\">Se mantiene el trabajo remoto. De no ser aplicable, se contin\u00faa la licencia con goce de haber sujeta a compensaci\u00f3n posterior (D.S. N\u00ba010-2020-TR, Primera Disposici\u00f3n Complementaria Final).<\/span><\/p><\/td><\/tr><tr><td style=\"width: 111.75pt; border-right: 1pt solid #95b3d7; border-bottom-width: 1pt; border-left: 1pt solid #95b3d7; border-bottom-color: #95b3d7; border-image: initial; border-top: none; background: #f2f2f2; padding: 0cm 5.4pt;\" valign=\"top\" width=\"149\"><p class=\"MsoNormal\" style=\"margin-bottom: 0cm; text-align: center; line-height: normal; tab-stops: 53.25pt; mso-yfti-cnfc: 68;\" align=\"center\"><b><span style=\"font-size: 12.0pt; font-family: 'Arial Narrow',sans-serif; color: black; mso-color-alt: windowtext;\">Trabajadores con discapacidad<\/span><\/b><b><\/b><\/p><\/td><td style=\"width: 11cm; border-top: none; border-left: none; border-bottom-width: 1pt; border-bottom-color: #95b3d7; border-right: 1pt solid #95b3d7; padding: 0cm 5.4pt;\" valign=\"top\" width=\"416\"><p class=\"MsoNormal\" style=\"margin-bottom: 0cm; text-align: justify; line-height: normal; tab-stops: 53.25pt; mso-yfti-cnfc: 64;\"><span style=\"font-size: 12.0pt; font-family: 'Arial Narrow',sans-serif;\">Se mantiene el trabajo remoto. De no haberse aplicado \u00e9ste o a falta de acuerdo de las partes, se mantiene la licencia remunerada que ser\u00e1 compensado al culminar la Emergencia Sanitaria (D.Leg. N\u00ba1468, art\u00edculo 4\u00ba).<\/span><\/p><\/td><\/tr><tr><td style=\"width: 111.75pt; border-right: 1pt solid #95b3d7; border-bottom-width: 1pt; border-left: 1pt solid #95b3d7; border-bottom-color: #95b3d7; border-image: initial; border-top: none; background: #f2f2f2; padding: 0cm 5.4pt;\" valign=\"top\" width=\"149\"><p class=\"MsoNormal\" style=\"margin-bottom: 0cm; text-align: center; line-height: normal; tab-stops: 53.25pt; mso-yfti-cnfc: 4;\" align=\"center\"><b><span style=\"font-size: 12.0pt; font-family: 'Arial Narrow',sans-serif; color: black; mso-color-alt: windowtext;\">Trabajadores con familiares diagnosticados con COVID-19 o que son Grupo de Riesgo<\/span><\/b><b><\/b><\/p><\/td><td style=\"width: 11cm; border-top: none; border-left: none; border-bottom-width: 1pt; border-bottom-color: #95b3d7; border-right: 1pt solid #95b3d7; padding: 0cm 5.4pt;\" valign=\"top\" width=\"416\"><p class=\"MsoNormal\" style=\"margin-bottom: 0cm; text-align: justify; line-height: normal; tab-stops: 53.25pt;\"><span style=\"font-size: 12.0pt; font-family: 'Arial Narrow',sans-serif;\">Se mantiene la licencia con goce de haber, sujeta a compensaci\u00f3n posterior y la reducci\u00f3n de la jornada de trabajo, reorganizaci\u00f3n de horarios de trabajo, permisos temporales durante la jornada de trabajo y\/o cualquier facilidad laboral que resulte pertinente. (D.Leg. N\u00ba 1499, art\u00edculo 16\u00ba).<\/span><\/p><\/td><\/tr><tr><td style=\"width: 111.75pt; border-right: 1pt solid #95b3d7; border-bottom-width: 1pt; border-left: 1pt solid #95b3d7; border-bottom-color: #95b3d7; border-image: initial; border-top: none; background: #f2f2f2; padding: 0cm 5.4pt;\" valign=\"top\" width=\"149\"><p class=\"MsoNormal\" style=\"margin-bottom: 0cm; text-align: center; line-height: normal; tab-stops: 53.25pt; mso-yfti-cnfc: 68;\" align=\"center\"><b><span style=\"font-size: 12.0pt; font-family: 'Arial Narrow',sans-serif; color: black; mso-color-alt: windowtext;\">Practicantes (Modalidades formativas)<\/span><\/b><b><\/b><\/p><\/td><td style=\"width: 11cm; border-top: none; border-left: none; border-bottom-width: 1pt; border-bottom-color: #95b3d7; border-right: 1pt solid #95b3d7; padding: 0cm 5.4pt;\" valign=\"top\" width=\"416\"><p class=\"MsoNormal\" style=\"margin-bottom: 0cm; text-align: justify; line-height: normal; tab-stops: 53.25pt; mso-yfti-cnfc: 64;\"><span style=\"font-size: 12.0pt; font-family: 'Arial Narrow',sans-serif;\">Se mantiene el trabajo remoto. De no ser aplicable, se contin\u00faa la licencia con goce de haber sujeta a compensaci\u00f3n posterior (D.S. N\u00ba010-2020-TR, Primera Disposici\u00f3n Complementaria Final).<\/span><\/p><\/td><\/tr><tr><td style=\"width: 423.6pt; border-right: 1pt solid #95b3d7; border-bottom-width: 1pt; border-left: 1pt solid #95b3d7; border-bottom-color: #95b3d7; border-image: initial; border-top: none; background: #f2f2f2; padding: 0cm 5.4pt;\" colspan=\"2\" valign=\"top\" width=\"565\"><p class=\"MsoNormal\" style=\"margin-bottom: 0cm; text-align: center; line-height: normal; tab-stops: 53.25pt; mso-yfti-cnfc: 4;\" align=\"center\"><b><span style=\"font-size: 12.0pt; font-family: 'Arial Narrow',sans-serif; color: black; mso-color-alt: windowtext;\">Seguridad y Salud y Seguridad Social<\/span><\/b><b><\/b><\/p><\/td><\/tr><tr><td style=\"width: 111.75pt; border-right: 1pt solid #95b3d7; border-bottom-width: 1pt; border-left: 1pt solid #95b3d7; border-bottom-color: #95b3d7; border-image: initial; border-top: none; background: #f2f2f2; padding: 0cm 5.4pt;\" valign=\"top\" width=\"149\"><p class=\"MsoNormal\" style=\"margin-bottom: 0cm; text-align: center; line-height: normal; tab-stops: 53.25pt; mso-yfti-cnfc: 68;\" align=\"center\"><b><span style=\"font-size: 12.0pt; font-family: 'Arial Narrow',sans-serif; color: black; mso-color-alt: windowtext;\">Subsidio ESSALUD<\/span><\/b><b><\/b><\/p><\/td><td style=\"width: 11cm; border-top: none; border-left: none; border-bottom-width: 1pt; border-bottom-color: #95b3d7; border-right: 1pt solid #95b3d7; padding: 0cm 5.4pt;\" valign=\"top\" width=\"416\"><p class=\"MsoNormal\" style=\"margin-bottom: 0cm; text-align: justify; line-height: normal; tab-stops: 53.25pt; mso-yfti-cnfc: 64;\"><span style=\"font-size: 12.0pt; font-family: 'Arial Narrow',sans-serif;\">Essalud seguir\u00e1 rembolsando el subsidio especial por los primeros veinte (20) d\u00edas de incapacidad para trabajadores con remuneraci\u00f3n de hasta S\/2,400 siempre y cuando tengan diagn\u00f3stico positivo (confirmado con hisopado) o seg\u00fan el procedimiento que determine la autoridad nacional de salud (D.U. N\u00ba026-2020, art\u00edculo 24).<\/span><\/p><\/td><\/tr><tr><td style=\"width: 111.75pt; border-right: 1pt solid #95b3d7; border-bottom-width: 1pt; border-left: 1pt solid #95b3d7; border-bottom-color: #95b3d7; border-image: initial; border-top: none; background: #f2f2f2; padding: 0cm 5.4pt;\" valign=\"top\" width=\"149\"><p class=\"MsoNormal\" style=\"margin-bottom: 0cm; text-align: center; line-height: normal; tab-stops: 53.25pt; mso-yfti-cnfc: 4;\" align=\"center\"><b><span style=\"font-size: 12.0pt; font-family: 'Arial Narrow',sans-serif; color: black; mso-color-alt: windowtext;\">Ex\u00e1menes M\u00e9dicos Ocupacionales<\/span><\/b><b><\/b><\/p><\/td><td style=\"width: 11cm; border-top: none; border-left: none; border-bottom-width: 1pt; border-bottom-color: #95b3d7; border-right: 1pt solid #95b3d7; padding: 0cm 5.4pt;\" valign=\"top\" width=\"416\"><p class=\"MsoNormal\" style=\"margin-bottom: 0cm; text-align: justify; line-height: normal; tab-stops: 53.25pt;\"><span style=\"font-size: 12.0pt; font-family: 'Arial Narrow',sans-serif;\">Los ex\u00e1menes m\u00e9dicos pre ocupacionales en las actividades calificadas de alto riesgo y la realizaci\u00f3n de ex\u00e1menes m\u00e9dicos ocupacionales peri\u00f3dicos siguen suspendidos.<\/span><\/p><p class=\"MsoNormal\" style=\"margin-bottom: 0cm; text-align: justify; line-height: normal; tab-stops: 53.25pt;\"><span style=\"font-size: 12.0pt; font-family: 'Arial Narrow',sans-serif;\">Se prorroga autom\u00e1ticamente la vigencia de los ex\u00e1menes que hayan vencido o est\u00e9n por vencer durante la Emergencia Sanitaria (D.Legi.N\u00ba1499, art\u00edculo 6\u00ba).<\/span><\/p><\/td><\/tr><tr><td style=\"width: 111.75pt; border-right: 1pt solid #95b3d7; border-bottom-width: 1pt; border-left: 1pt solid #95b3d7; border-bottom-color: #95b3d7; border-image: initial; border-top: none; background: #f2f2f2; padding: 0cm 5.4pt;\" valign=\"top\" width=\"149\"><p class=\"MsoNormal\" style=\"margin-bottom: 0cm; text-align: center; line-height: normal; tab-stops: 53.25pt; mso-yfti-cnfc: 68;\" align=\"center\"><b><span style=\"font-size: 12.0pt; font-family: 'Arial Narrow',sans-serif; color: black; mso-color-alt: windowtext;\">SST: Auditor\u00edas del Sistema de Gesti\u00f3n<\/span><\/b><b><\/b><\/p><\/td><td style=\"width: 11cm; border-top: none; border-left: none; border-bottom-width: 1pt; border-bottom-color: #95b3d7; border-right: 1pt solid #95b3d7; padding: 0cm 5.4pt;\" valign=\"top\" width=\"416\"><p class=\"MsoNormal\" style=\"margin-bottom: 0cm; text-align: justify; line-height: normal; tab-stops: 53.25pt; mso-yfti-cnfc: 64;\"><span style=\"font-size: 12.0pt; font-family: 'Arial Narrow',sans-serif;\">Sigue suspendida la obligatoriedad de las auditor\u00edas al Sistema de Gesti\u00f3n de SST (D.Leg.N\u00ba1499, art\u00edculo 8\u00ba).<\/span><\/p><\/td><\/tr><tr><td style=\"width: 111.75pt; border-right: 1pt solid #95b3d7; border-bottom-width: 1pt; border-left: 1pt solid #95b3d7; border-bottom-color: #95b3d7; border-image: initial; border-top: none; background: #f2f2f2; padding: 0cm 5.4pt;\" valign=\"top\" width=\"149\"><p class=\"MsoNormal\" style=\"margin-bottom: 0cm; text-align: center; line-height: normal; tab-stops: 53.25pt; mso-yfti-cnfc: 4;\" align=\"center\"><b><span style=\"font-size: 12.0pt; font-family: 'Arial Narrow',sans-serif; color: black; mso-color-alt: windowtext;\">SST: Comit\u00e9<\/span><\/b><b><\/b><\/p><\/td><td style=\"width: 11cm; border-top: none; border-left: none; border-bottom-width: 1pt; border-bottom-color: #95b3d7; border-right: 1pt solid #95b3d7; padding: 0cm 5.4pt;\" valign=\"top\" width=\"416\"><p class=\"MsoNormal\" style=\"margin-bottom: 0cm; text-align: justify; line-height: normal; tab-stops: 53.25pt;\"><span style=\"font-size: 12.0pt; font-family: 'Arial Narrow',sans-serif;\">La vigencia del mandato de los representantes de los trabajadores ante el Comit\u00e9 de SST o del Supervisor de SST se mantiene vigente (D.Leg. N\u00ba1499, art\u00edculo 9\u00ba).<\/span><\/p><\/td><\/tr><tr><td style=\"width: 423.6pt; border-right: 1pt solid #95b3d7; border-bottom-width: 1pt; border-left: 1pt solid #95b3d7; border-bottom-color: #95b3d7; border-image: initial; border-top: none; background: #f2f2f2; padding: 0cm 5.4pt;\" colspan=\"2\" valign=\"top\" width=\"565\"><p class=\"MsoNormal\" style=\"margin-bottom: 0cm; text-align: center; line-height: normal; tab-stops: 53.25pt; mso-yfti-cnfc: 68;\" align=\"center\"><b><span style=\"font-size: 12.0pt; font-family: 'Arial Narrow',sans-serif; color: black; mso-color-alt: windowtext;\">Organizaci\u00f3n del Trabajo e Infracciones<\/span><\/b><b><\/b><\/p><\/td><\/tr><tr><td style=\"width: 111.75pt; border-right: 1pt solid #95b3d7; border-bottom-width: 1pt; border-left: 1pt solid #95b3d7; border-bottom-color: #95b3d7; border-image: initial; border-top: none; background: #f2f2f2; padding: 0cm 5.4pt;\" valign=\"top\" width=\"149\"><p class=\"MsoNormal\" style=\"margin-bottom: 0cm; text-align: center; line-height: normal; tab-stops: 53.25pt; mso-yfti-cnfc: 4;\" align=\"center\"><b><span style=\"font-size: 12.0pt; font-family: 'Arial Narrow',sans-serif; color: black; mso-color-alt: windowtext;\">Turnos y horarios de Trabajo<\/span><\/b><b><\/b><\/p><\/td><td style=\"width: 11cm; border-top: none; border-left: none; border-bottom-width: 1pt; border-bottom-color: #95b3d7; border-right: 1pt solid #95b3d7; padding: 0cm 5.4pt;\" valign=\"top\" width=\"416\"><p class=\"MsoNormal\" style=\"margin-bottom: 0cm; text-align: justify; line-height: normal; tab-stops: 53.25pt;\"><span style=\"font-size: 12.0pt; font-family: 'Arial Narrow',sans-serif;\">Los empleadores puedan modificar y establecer de manera escalonada los turnos y horarios de trabajo de sus trabajadores, sin respetando el descanso semanal obligatorio. (D.U. N\u00ba29-2020, art\u00edculo 25\u00ba)<\/span><\/p><\/td><\/tr><tr><td style=\"width: 111.75pt; border-right: 1pt solid #95b3d7; border-bottom-width: 1pt; border-left: 1pt solid #95b3d7; border-bottom-color: #95b3d7; border-image: initial; border-top: none; background: #f2f2f2; padding: 0cm 5.4pt;\" valign=\"top\" width=\"149\"><p class=\"MsoNormal\" style=\"margin-bottom: 0cm; text-align: center; line-height: normal; tab-stops: 53.25pt; mso-yfti-cnfc: 68;\" align=\"center\"><b><span style=\"font-size: 12.0pt; font-family: 'Arial Narrow',sans-serif; color: black; mso-color-alt: windowtext;\">Infracciones muy graves<\/span><\/b><b><\/b><\/p><\/td><td style=\"width: 11cm; border-top: none; border-left: none; border-bottom-width: 1pt; border-bottom-color: #95b3d7; border-right: 1pt solid #95b3d7; padding: 0cm 5.4pt;\" valign=\"top\" width=\"416\"><p class=\"MsoNormal\" style=\"margin-bottom: 0cm; text-align: justify; line-height: normal; tab-stops: 53.25pt; mso-yfti-cnfc: 64;\"><span style=\"font-size: 12.0pt; font-family: 'Arial Narrow',sans-serif;\">Se mantienen vigentes las infracciones administrativas muy graves que afectan el cumplimiento de las disposiciones laborales excepcionales y temporales para prevenir la propagaci\u00f3n del COVID-19 (D.S. N\u00ba010-2020-TR, Primera Disposici\u00f3n Complementaria Final).<\/span><\/p><\/td><\/tr><\/tbody><\/table><p class=\"MsoNormal\" style=\"margin-bottom: 0cm; text-align: justify; line-height: normal; tab-stops: 53.25pt;\">\u00a0<\/p>\t\t\t\t\t\t\t\t<\/div>\n\t\t\t\t<\/div>\n\t\t\t\t\t<\/div>\n\t\t<\/div>\n\t\t\t\t\t<\/div>\n\t\t<\/section>\n\t\t\t\t<section class=\"elementor-section elementor-top-section elementor-element elementor-element-c6f6612 elementor-section-boxed elementor-section-height-default elementor-section-height-default\" data-id=\"c6f6612\" data-element_type=\"section\" data-e-type=\"section\">\n\t\t\t\t\t\t<div class=\"elementor-container elementor-column-gap-default\">\n\t\t\t\t\t<div class=\"elementor-column elementor-col-100 elementor-top-column elementor-element elementor-element-1b7e026\" data-id=\"1b7e026\" data-element_type=\"column\" data-e-type=\"column\">\n\t\t\t<div class=\"elementor-widget-wrap elementor-element-populated\">\n\t\t\t\t\t\t<div class=\"elementor-element elementor-element-bccb42c elementor-widget-divider--view-line elementor-widget elementor-widget-divider\" data-id=\"bccb42c\" data-element_type=\"widget\" data-e-type=\"widget\" data-widget_type=\"divider.default\">\n\t\t\t\t<div class=\"elementor-widget-container\">\n\t\t\t\t\t\t\t<div class=\"elementor-divider\">\n\t\t\t<span class=\"elementor-divider-separator\">\n\t\t\t\t\t\t<\/span>\n\t\t<\/div>\n\t\t\t\t\t\t<\/div>\n\t\t\t\t<\/div>\n\t\t\t\t\t<\/div>\n\t\t<\/div>\n\t\t\t\t\t<\/div>\n\t\t<\/section>\n\t\t\t\t<section class=\"elementor-section elementor-top-section elementor-element elementor-element-ee3ea69 elementor-section-boxed elementor-section-height-default elementor-section-height-default\" data-id=\"ee3ea69\" data-element_type=\"section\" data-e-type=\"section\">\n\t\t\t\t\t\t<div class=\"elementor-container elementor-column-gap-default\">\n\t\t\t\t\t<div class=\"elementor-column elementor-col-100 elementor-top-column elementor-element elementor-element-ed1aa77\" data-id=\"ed1aa77\" data-element_type=\"column\" data-e-type=\"column\">\n\t\t\t<div class=\"elementor-widget-wrap elementor-element-populated\">\n\t\t\t\t\t\t<div class=\"elementor-element elementor-element-31a4da6 elementor-widget elementor-widget-text-editor\" data-id=\"31a4da6\" data-element_type=\"widget\" data-e-type=\"widget\" data-widget_type=\"text-editor.default\">\n\t\t\t\t<div class=\"elementor-widget-container\">\n\t\t\t\t\t\t\t\t\t<p>Para mayor informaci\u00f3n sobre el tema tratado contactarse con los abogados de nuestra \u00c1rea Laboral:<\/p>\n<p>Alberto Varillas Cueto, Jaime Durand Planas, Macarena Morales Mailhe, Claudia Seminario G\u00f3mez, Fressia Sanchez Tu\u00f1oque, Sara Kalinicos Garc\u00eda, Jos\u00e9 Andr\u00e9s Piedra Pereira; y Grecia Elena Aldonate Pinto.<\/p>\t\t\t\t\t\t\t\t<\/div>\n\t\t\t\t<\/div>\n\t\t\t\t\t<\/div>\n\t\t<\/div>\n\t\t\t\t\t<\/div>\n\t\t<\/section>\n\t\t\t\t<section class=\"elementor-section elementor-top-section elementor-element elementor-element-ce1bea2 elementor-section-boxed elementor-section-height-default elementor-section-height-default\" data-id=\"ce1bea2\" data-element_type=\"section\" data-e-type=\"section\">\n\t\t\t\t\t\t<div class=\"elementor-container elementor-column-gap-default\">\n\t\t\t\t\t<div class=\"elementor-column elementor-col-100 elementor-top-column elementor-element elementor-element-a08e7ab\" data-id=\"a08e7ab\" data-element_type=\"column\" data-e-type=\"column\">\n\t\t\t<div class=\"elementor-widget-wrap elementor-element-populated\">\n\t\t\t\t\t\t<div class=\"elementor-element elementor-element-3dde9aa elementor-widget-divider--view-line elementor-widget elementor-widget-divider\" data-id=\"3dde9aa\" data-element_type=\"widget\" data-e-type=\"widget\" data-widget_type=\"divider.default\">\n\t\t\t\t<div class=\"elementor-widget-container\">\n\t\t\t\t\t\t\t<div class=\"elementor-divider\">\n\t\t\t<span class=\"elementor-divider-separator\">\n\t\t\t\t\t\t<\/span>\n\t\t<\/div>\n\t\t\t\t\t\t<\/div>\n\t\t\t\t<\/div>\n\t\t\t\t\t<\/div>\n\t\t<\/div>\n\t\t\t\t\t<\/div>\n\t\t<\/section>\n\t\t\t\t<section class=\"elementor-section elementor-top-section elementor-element elementor-element-b4edda5 elementor-section-boxed elementor-section-height-default elementor-section-height-default\" data-id=\"b4edda5\" data-element_type=\"section\" data-e-type=\"section\">\n\t\t\t\t\t\t<div class=\"elementor-container elementor-column-gap-default\">\n\t\t\t\t\t<div class=\"elementor-column elementor-col-100 elementor-top-column elementor-element elementor-element-ffe626e\" data-id=\"ffe626e\" data-element_type=\"column\" data-e-type=\"column\">\n\t\t\t<div class=\"elementor-widget-wrap elementor-element-populated\">\n\t\t\t\t\t\t<div class=\"elementor-element elementor-element-1f2f8aa elementor-widget elementor-widget-text-editor\" data-id=\"1f2f8aa\" data-element_type=\"widget\" data-e-type=\"widget\" data-widget_type=\"text-editor.default\">\n\t\t\t\t<div class=\"elementor-widget-container\">\n\t\t\t\t\t\t\t\t\t<p class=\"MsoNormal\" style=\"margin-bottom: 0cm; text-align: justify; line-height: normal; tab-stops: 27.0pt;\"><span style=\"font-size: 12.0pt; font-family: 'Arial Narrow',sans-serif;\">La informaci\u00f3n contenida en este documento no constituye ni pretende constituir asesor\u00eda o asistencia legal directa o indirecta de ninguna especie, ni establece ning\u00fan tipo de relaci\u00f3n profesional. Asimismo, tampoco pretende hacer publicidad de los servicios prestados por nuestra firma ni por ninguno de sus abogados. El \u00fanico prop\u00f3sito es dar informaci\u00f3n de car\u00e1cter general respecto de temas que pueden ser de inter\u00e9s para los clientes y amigos de nuestra firma. Este informativo, as\u00ed como otros informes generales y art\u00edculos de inter\u00e9s preparados por los abogados del Estudio podr\u00e1n encontrarse en nuestra p\u00e1gina web: <\/span><a href=\"http:\/\/localhost\/wordpress.pe\/\" target=\"_blank\" rel=\"noopener\"><span style=\"font-size: 12.0pt; font-family: 'Arial Narrow',sans-serif; color: blue;\">www.garciasayan.com.pe<\/span><\/a><\/p>\t\t\t\t\t\t\t\t<\/div>\n\t\t\t\t<\/div>\n\t\t\t\t\t<\/div>\n\t\t<\/div>\n\t\t\t\t\t<\/div>\n\t\t<\/section>\n\t\t\t\t<\/div>\n\t\t","protected":false},"excerpt":{"rendered":"<p>Hoy, 28 de agosto de 2020, se public\u00f3 el Decreto Supremo N\u00b0 27-2020-SA, el mismo prorroga la Emergencia Sanitaria por un plazo de noventa (90) d\u00edas calendarios; este plazo correr\u00e1 del 8 de setiembre de 2020 hasta el 6 de diciembre de 2020. Esta norma tiene las siguientes consecuencias laborales: \u00a0 CONSECUENCIA RESUMEN En la [&hellip;]<\/p>\n","protected":false},"author":5,"featured_media":11046,"comment_status":"closed","ping_status":"open","sticky":false,"template":"","format":"standard","meta":{"nf_dc_page":"","content-type":"","footnotes":""},"categories":[90,83,37],"class_list":["post-12068","post","type-post","status-publish","format-standard","has-post-thumbnail","hentry","category-boletin-informativo","category-covid-19","category-laboral"],"_links":{"self":[{"href":"https:\/\/gsalegal.pe\/en\/wp-json\/wp\/v2\/posts\/12068","targetHints":{"allow":["GET"]}}],"collection":[{"href":"https:\/\/gsalegal.pe\/en\/wp-json\/wp\/v2\/posts"}],"about":[{"href":"https:\/\/gsalegal.pe\/en\/wp-json\/wp\/v2\/types\/post"}],"author":[{"embeddable":true,"href":"https:\/\/gsalegal.pe\/en\/wp-json\/wp\/v2\/users\/5"}],"replies":[{"embeddable":true,"href":"https:\/\/gsalegal.pe\/en\/wp-json\/wp\/v2\/comments?post=12068"}],"version-history":[{"count":0,"href":"https:\/\/gsalegal.pe\/en\/wp-json\/wp\/v2\/posts\/12068\/revisions"}],"wp:featuredmedia":[{"embeddable":true,"href":"https:\/\/gsalegal.pe\/en\/wp-json\/"}],"wp:attachment":[{"href":"https:\/\/gsalegal.pe\/en\/wp-json\/wp\/v2\/media?parent=12068"}],"wp:term":[{"taxonomy":"category","embeddable":true,"href":"https:\/\/gsalegal.pe\/en\/wp-json\/wp\/v2\/categories?post=12068"}],"curies":[{"name":"wp","href":"https:\/\/api.w.org\/{rel}","templated":true}]}}