{"id":12096,"date":"2020-09-01T13:04:02","date_gmt":"2020-09-01T18:04:02","guid":{"rendered":"http:\/\/localhost\/wordpress\/?p=12096"},"modified":"2020-09-01T13:04:02","modified_gmt":"2020-09-01T18:04:02","slug":"trabajo-de-adolescentes-procedimiento-de-autorizacion","status":"publish","type":"post","link":"https:\/\/gsalegal.pe\/en\/trabajo-de-adolescentes-procedimiento-de-autorizacion\/","title":{"rendered":"Trabajo de Adolescentes: Procedimiento de autorizaci\u00f3n"},"content":{"rendered":"\t\t<div data-elementor-type=\"wp-post\" data-elementor-id=\"12096\" class=\"elementor elementor-12096\">\n\t\t\t\t\t\t<section class=\"elementor-section elementor-top-section elementor-element elementor-element-6ad7994 elementor-section-boxed elementor-section-height-default elementor-section-height-default\" data-id=\"6ad7994\" data-element_type=\"section\" data-e-type=\"section\">\n\t\t\t\t\t\t<div class=\"elementor-container elementor-column-gap-default\">\n\t\t\t\t\t<div class=\"elementor-column elementor-col-100 elementor-top-column elementor-element elementor-element-9dc1998\" data-id=\"9dc1998\" data-element_type=\"column\" data-e-type=\"column\">\n\t\t\t<div class=\"elementor-widget-wrap elementor-element-populated\">\n\t\t\t\t\t\t<div class=\"elementor-element elementor-element-1c7be1d elementor-widget elementor-widget-text-editor\" data-id=\"1c7be1d\" data-element_type=\"widget\" data-e-type=\"widget\" data-widget_type=\"text-editor.default\">\n\t\t\t\t<div class=\"elementor-widget-container\">\n\t\t\t\t\t\t\t\t\t<p style=\"margin-right: -7.15pt; text-align: justify;\"><span lang=\"ES\" style=\"font-size: 12.0pt; font-family: 'Arial Narrow',sans-serif;\">Con fecha 25 de agosto de 2020, mediante Decreto Supremo N\u00b0 018-2020-TR el Ministerio de Trabajo y Promoci\u00f3n del Empleo (MTPE) dispuso la creaci\u00f3n del procedimiento administrativo de autorizaci\u00f3n previa a los adolescentes para que realicen trabajo por cuenta ajena o en relaci\u00f3n de dependencia. Los anexos a dicha norma se han publicado en la fecha.<\/span><\/p>\n<p style=\"margin-right: -7.15pt; text-align: justify;\"><span lang=\"ES\" style=\"font-size: 12.0pt; font-family: 'Arial Narrow',sans-serif;\">Las disposiciones son las siguientes:<\/span><\/p>\n<div align=\"center\">\n<table style=\"border-collapse: collapse; border: none; mso-border-alt: solid windowtext .5pt; mso-yfti-tbllook: 1184; mso-padding-alt: 0cm 5.4pt 0cm 5.4pt; mso-border-insideh: .5pt solid windowtext; mso-border-insidev: .5pt solid windowtext;\" border=\"1\" cellspacing=\"0\" cellpadding=\"0\">\n<tbody>\n<tr>\n<td style=\"width: 108.1pt; border-width: 1pt; border-top-style: solid; border-right-style: solid; border-left-style: solid; border-color: windowtext; border-image: initial; background: #8db3e2; padding: 0cm 5.4pt;\" valign=\"top\" width=\"144\">\n<p style=\"text-align: center;\" align=\"center\"><b><span style=\"font-size: 12.0pt; line-height: 107%; font-family: 'Arial Narrow',sans-serif;\">\u00a0<\/span><\/b><\/p>\n<\/td>\n<td style=\"width: 11cm; border-top: 1pt solid windowtext; border-right: 1pt solid windowtext; border-bottom-width: 1pt; border-bottom-color: windowtext; border-image: initial; border-left: none; background: #8db3e2; padding: 0cm 5.4pt;\" valign=\"top\" width=\"416\">\n<p style=\"text-align: center;\" align=\"center\"><b><span style=\"font-size: 12.0pt; line-height: 107%; font-family: 'Arial Narrow',sans-serif;\">\u00a0<\/span><\/b><\/p>\n<\/td>\n<\/tr>\n<tr>\n<td style=\"width: 108.1pt; border-right: 1pt solid windowtext; border-bottom-width: 1pt; border-left: 1pt solid windowtext; border-bottom-color: windowtext; border-image: initial; border-top: none; padding: 0cm 5.4pt;\" width=\"144\">\n<p style=\"text-align: center;\" align=\"center\"><b><span style=\"font-size: 12.0pt; line-height: 107%; font-family: 'Arial Narrow',sans-serif;\">Entidades competentes <\/span><\/b><\/p>\n<\/td>\n<td style=\"width: 11cm; border-top: none; border-left: none; border-bottom-width: 1pt; border-bottom-color: windowtext; border-right: 1pt solid windowtext; padding: 0cm 5.4pt;\" valign=\"top\" width=\"416\">\n<p style=\"margin-bottom: 0cm; text-align: justify; line-height: normal;\"><span style=\"font-size: 12.0pt; font-family: 'Arial Narrow',sans-serif; mso-bidi-font-weight: bold;\">La Direcci\u00f3n o Gerencia Regional de Trabajo y Promoci\u00f3n del Empleo, o la que haga sus veces en el gobierno regional (en adelante, Entidades) son las competentes para emitir las autorizaciones correspondientes. Asimismo, dichas Entidades son las encargadas de llevar un registro de cada autorizaci\u00f3n de trabajo otorgada.<\/span><\/p>\n<\/td>\n<\/tr>\n<tr>\n<td style=\"width: 108.1pt; border-right: 1pt solid windowtext; border-bottom-width: 1pt; border-left: 1pt solid windowtext; border-bottom-color: windowtext; border-image: initial; border-top: none; padding: 0cm 5.4pt;\" width=\"144\">\n<p style=\"text-align: center;\" align=\"center\"><b><span style=\"font-size: 12.0pt; line-height: 107%; font-family: 'Arial Narrow',sans-serif;\">Procedimiento Administrativo de Autorizaci\u00f3n<\/span><\/b><\/p>\n<\/td>\n<td style=\"width: 11cm; border-top: none; border-left: none; border-bottom-width: 1pt; border-bottom-color: windowtext; border-right: 1pt solid windowtext; padding: 0cm 5.4pt;\" valign=\"top\" width=\"416\">\n<p style=\"margin-bottom: 0cm; line-height: normal;\"><b><u><span style=\"font-size: 12.0pt; font-family: 'Arial Narrow',sans-serif;\">Presentaci\u00f3n de la solicitud <\/span><\/u><\/b><\/p>\n<p style=\"margin-bottom: 0cm; text-align: justify; line-height: normal;\"><span style=\"font-size: 12.0pt; font-family: 'Arial Narrow',sans-serif; mso-bidi-font-weight: bold;\">La solicitud se formula por escrito y puede ser presentada por cualquier persona ante la Direcci\u00f3n o Gerencia del MTPE del lugar donde se localiza el Centro de Trabajo, presencialmente o por v\u00eda electr\u00f3nica.<\/span><\/p>\n<p style=\"margin-bottom: 0cm; text-align: justify; line-height: normal;\"><span style=\"font-size: 12.0pt; font-family: 'Arial Narrow',sans-serif; mso-bidi-font-weight: bold;\">Los documentos a presentarse son los siguientes: (i) formato de solicitud \u2013 Anexo 1, (ii) copia simple del contrato de trabajo, (iii) copia simple de la constancia emitida por el centro de estudios, (iv) copia simple del certificado m\u00e9dico del adolescente; y, (v) si el trabajo se realiza en horario nocturo, se debe presentar una copia simple de la resoluci\u00f3n del juez competente que autorice el trabajo. <\/span><\/p>\n<p style=\"margin-bottom: 0cm; text-align: justify; line-height: normal;\"><b><u><span style=\"font-size: 12.0pt; font-family: 'Arial Narrow',sans-serif;\">Evaluaci\u00f3n de la solicitud <\/span><\/u><\/b><\/p>\n<p style=\"margin-bottom: 0cm; text-align: justify; line-height: normal;\"><span style=\"font-size: 12.0pt; font-family: 'Arial Narrow',sans-serif; mso-bidi-font-weight: bold;\">Las Entidades cuentan con quince (15) d\u00edas h\u00e1biles para evaluar la solicitud desde su recepci\u00f3n.<\/span><\/p>\n<p style=\"margin-bottom: 0cm; text-align: justify; line-height: normal;\"><b><u><span style=\"font-size: 12.0pt; font-family: 'Arial Narrow',sans-serif;\">Otorgamiento de la autorizaci\u00f3n<\/span><\/u><\/b><\/p>\n<p style=\"margin-bottom: 0cm; text-align: justify; line-height: normal;\"><span style=\"font-size: 12.0pt; font-family: 'Arial Narrow',sans-serif; mso-bidi-font-weight: bold;\">El acto administrativo que otorga la autorizaci\u00f3n debe contar con una debida motivaci\u00f3n. Si la solicitud fue presentada por correo electr\u00f3nico, las Entidades tienen un plazo de tres (3) d\u00edas h\u00e1biles contados desde la emisi\u00f3n del acto administrativo para enviar la aprobaci\u00f3n al correo electr\u00f3nico desde donde se remiti\u00f3 la solicitud original. <\/span><\/p>\n<p style=\"margin-bottom: 0cm; text-align: justify; line-height: normal;\"><span style=\"font-size: 12.0pt; font-family: 'Arial Narrow',sans-serif; mso-bidi-font-weight: bold;\">Cuando las Entidades emitan el acto administrativo que deniega la solicitud de autorizaci\u00f3n, se debe indicar el o los requisitos faltantes para el otorgamiento de la respectiva autorizaci\u00f3n. <\/span><\/p>\n<p style=\"margin-bottom: 0cm; text-align: justify; line-height: normal;\"><b><u><span style=\"font-size: 12.0pt; font-family: 'Arial Narrow',sans-serif;\">Libreta del adolescente<\/span><\/u><\/b><\/p>\n<p style=\"margin-bottom: 0cm; text-align: justify; line-height: normal;\"><span style=\"font-size: 12.0pt; font-family: 'Arial Narrow',sans-serif; mso-bidi-font-weight: bold;\">Las Entidades otorgan a los adolescentes autorizados la Libreta del Adolescente (Anexo 2). <\/span><\/p>\n<p style=\"margin-bottom: 0cm; text-align: justify; line-height: normal;\"><b><u><span style=\"font-size: 12.0pt; font-family: 'Arial Narrow',sans-serif;\">Duraci\u00f3n de la autorizaci\u00f3n<\/span><\/u><\/b><\/p>\n<p style=\"margin-bottom: 0cm; text-align: justify; line-height: normal;\"><span style=\"font-size: 12.0pt; font-family: 'Arial Narrow',sans-serif; mso-bidi-font-weight: bold;\">La autorizaci\u00f3n tiene la misma duraci\u00f3n que se haya establecido para el v\u00ednculo laboral en el contrato de trabajo, proyecto de contrato de trabajo o declaraci\u00f3n jurada firmada por el empleador. <\/span><\/p>\n<p style=\"margin-bottom: 0cm; text-align: justify; line-height: normal;\"><span style=\"font-size: 12.0pt; font-family: 'Arial Narrow',sans-serif; mso-bidi-font-weight: bold;\">Se puede solicitar la ampliaci\u00f3n del plazo de autorizaci\u00f3n de trabajo siempre que se trate de una ampliaci\u00f3n del contrato de trabajo y se conserve todas las caracter\u00edsticas de la contrataci\u00f3n primigenia. No obstante, en caso exista un cambio de funciones respecto al contrato primigenio, es necesario presentar una nueva solicitud de autorizaci\u00f3n de trabajo. <\/span><\/p>\n<\/td>\n<\/tr>\n<\/tbody>\n<\/table>\n<\/div>\t\t\t\t\t\t\t\t<\/div>\n\t\t\t\t<\/div>\n\t\t\t\t\t<\/div>\n\t\t<\/div>\n\t\t\t\t\t<\/div>\n\t\t<\/section>\n\t\t\t\t<section class=\"elementor-section elementor-top-section elementor-element elementor-element-9c4d883 elementor-section-boxed elementor-section-height-default elementor-section-height-default\" data-id=\"9c4d883\" data-element_type=\"section\" data-e-type=\"section\">\n\t\t\t\t\t\t<div class=\"elementor-container elementor-column-gap-default\">\n\t\t\t\t\t<div class=\"elementor-column elementor-col-100 elementor-top-column elementor-element elementor-element-cccf069\" data-id=\"cccf069\" data-element_type=\"column\" data-e-type=\"column\">\n\t\t\t<div class=\"elementor-widget-wrap elementor-element-populated\">\n\t\t\t\t\t\t<div class=\"elementor-element elementor-element-a694ade elementor-widget-divider--view-line elementor-widget elementor-widget-divider\" data-id=\"a694ade\" data-element_type=\"widget\" data-e-type=\"widget\" data-widget_type=\"divider.default\">\n\t\t\t\t<div class=\"elementor-widget-container\">\n\t\t\t\t\t\t\t<div class=\"elementor-divider\">\n\t\t\t<span class=\"elementor-divider-separator\">\n\t\t\t\t\t\t<\/span>\n\t\t<\/div>\n\t\t\t\t\t\t<\/div>\n\t\t\t\t<\/div>\n\t\t\t\t\t<\/div>\n\t\t<\/div>\n\t\t\t\t\t<\/div>\n\t\t<\/section>\n\t\t\t\t<section class=\"elementor-section elementor-top-section elementor-element elementor-element-808033d elementor-section-boxed elementor-section-height-default elementor-section-height-default\" data-id=\"808033d\" data-element_type=\"section\" data-e-type=\"section\">\n\t\t\t\t\t\t<div class=\"elementor-container elementor-column-gap-default\">\n\t\t\t\t\t<div class=\"elementor-column elementor-col-100 elementor-top-column elementor-element elementor-element-a121690\" data-id=\"a121690\" data-element_type=\"column\" data-e-type=\"column\">\n\t\t\t<div class=\"elementor-widget-wrap elementor-element-populated\">\n\t\t\t\t\t\t<div class=\"elementor-element elementor-element-1a2ea67 elementor-widget elementor-widget-text-editor\" data-id=\"1a2ea67\" data-element_type=\"widget\" data-e-type=\"widget\" data-widget_type=\"text-editor.default\">\n\t\t\t\t<div class=\"elementor-widget-container\">\n\t\t\t\t\t\t\t\t\t<p>Para mayor informaci\u00f3n sobre el tema tratado contactarse con los abogados de nuestra \u00c1rea Laboral:<\/p><p>Alberto Varillas Cueto, Jaime Durand Planas, Macarena Morales Mailhe, Claudia Seminario G\u00f3mez, Fressia Sanchez Tu\u00f1oque, Sara Kalinicos Garc\u00eda, Jos\u00e9 Andr\u00e9s Piedra Pereira; y Grecia Elena Aldonate Pinto.<\/p>\t\t\t\t\t\t\t\t<\/div>\n\t\t\t\t<\/div>\n\t\t\t\t\t<\/div>\n\t\t<\/div>\n\t\t\t\t\t<\/div>\n\t\t<\/section>\n\t\t\t\t<section class=\"elementor-section elementor-top-section elementor-element elementor-element-8261b07 elementor-section-boxed elementor-section-height-default elementor-section-height-default\" data-id=\"8261b07\" data-element_type=\"section\" data-e-type=\"section\">\n\t\t\t\t\t\t<div class=\"elementor-container elementor-column-gap-default\">\n\t\t\t\t\t<div class=\"elementor-column elementor-col-100 elementor-top-column elementor-element elementor-element-afa5a26\" data-id=\"afa5a26\" data-element_type=\"column\" data-e-type=\"column\">\n\t\t\t<div class=\"elementor-widget-wrap elementor-element-populated\">\n\t\t\t\t\t\t<div class=\"elementor-element elementor-element-8efa1f4 elementor-widget-divider--view-line elementor-widget elementor-widget-divider\" data-id=\"8efa1f4\" data-element_type=\"widget\" data-e-type=\"widget\" data-widget_type=\"divider.default\">\n\t\t\t\t<div class=\"elementor-widget-container\">\n\t\t\t\t\t\t\t<div class=\"elementor-divider\">\n\t\t\t<span class=\"elementor-divider-separator\">\n\t\t\t\t\t\t<\/span>\n\t\t<\/div>\n\t\t\t\t\t\t<\/div>\n\t\t\t\t<\/div>\n\t\t\t\t\t<\/div>\n\t\t<\/div>\n\t\t\t\t\t<\/div>\n\t\t<\/section>\n\t\t\t\t<section class=\"elementor-section elementor-top-section elementor-element elementor-element-403424c elementor-section-boxed elementor-section-height-default elementor-section-height-default\" data-id=\"403424c\" data-element_type=\"section\" data-e-type=\"section\">\n\t\t\t\t\t\t<div class=\"elementor-container elementor-column-gap-default\">\n\t\t\t\t\t<div class=\"elementor-column elementor-col-100 elementor-top-column elementor-element elementor-element-f0e9b67\" data-id=\"f0e9b67\" data-element_type=\"column\" data-e-type=\"column\">\n\t\t\t<div class=\"elementor-widget-wrap elementor-element-populated\">\n\t\t\t\t\t\t<div class=\"elementor-element elementor-element-dda9e4d elementor-widget elementor-widget-text-editor\" data-id=\"dda9e4d\" data-element_type=\"widget\" data-e-type=\"widget\" data-widget_type=\"text-editor.default\">\n\t\t\t\t<div class=\"elementor-widget-container\">\n\t\t\t\t\t\t\t\t\t<p class=\"MsoNormal\" style=\"margin-bottom: 0cm; text-align: justify; line-height: normal; tab-stops: 27.0pt;\"><span style=\"font-size: 10.0pt; font-family: 'Arial Narrow',sans-serif;\">La informaci\u00f3n contenida en este documento no constituye ni pretende constituir asesor\u00eda o asistencia legal directa o indirecta de ninguna especie, ni establece ning\u00fan tipo de relaci\u00f3n profesional. Asimismo, tampoco pretende hacer publicidad de los servicios prestados por nuestra firma ni por ninguno de sus abogados. El \u00fanico prop\u00f3sito es dar informaci\u00f3n de car\u00e1cter general respecto de temas que pueden ser de inter\u00e9s para los clientes y amigos de nuestra firma. Este informativo, as\u00ed como otros informes generales y art\u00edculos de inter\u00e9s preparados por los abogados del Estudio podr\u00e1n encontrarse en nuestra p\u00e1gina web: <u><span style=\"color: blue;\">www.garciasayan.com.pe<\/span><\/u><\/span><\/p>\t\t\t\t\t\t\t\t<\/div>\n\t\t\t\t<\/div>\n\t\t\t\t\t<\/div>\n\t\t<\/div>\n\t\t\t\t\t<\/div>\n\t\t<\/section>\n\t\t\t\t<\/div>\n\t\t","protected":false},"excerpt":{"rendered":"<p>Con fecha 25 de agosto de 2020, mediante Decreto Supremo N\u00b0 018-2020-TR el Ministerio de Trabajo y Promoci\u00f3n del Empleo (MTPE) dispuso la creaci\u00f3n del procedimiento administrativo de autorizaci\u00f3n previa a los adolescentes para que realicen trabajo por cuenta ajena o en relaci\u00f3n de dependencia. Los anexos a dicha norma se han publicado en la [&hellip;]<\/p>\n","protected":false},"author":5,"featured_media":12101,"comment_status":"closed","ping_status":"open","sticky":false,"template":"","format":"standard","meta":{"nf_dc_page":"","content-type":"","footnotes":""},"categories":[90,83,37],"class_list":["post-12096","post","type-post","status-publish","format-standard","has-post-thumbnail","hentry","category-boletin-informativo","category-covid-19","category-laboral"],"_links":{"self":[{"href":"https:\/\/gsalegal.pe\/en\/wp-json\/wp\/v2\/posts\/12096","targetHints":{"allow":["GET"]}}],"collection":[{"href":"https:\/\/gsalegal.pe\/en\/wp-json\/wp\/v2\/posts"}],"about":[{"href":"https:\/\/gsalegal.pe\/en\/wp-json\/wp\/v2\/types\/post"}],"author":[{"embeddable":true,"href":"https:\/\/gsalegal.pe\/en\/wp-json\/wp\/v2\/users\/5"}],"replies":[{"embeddable":true,"href":"https:\/\/gsalegal.pe\/en\/wp-json\/wp\/v2\/comments?post=12096"}],"version-history":[{"count":0,"href":"https:\/\/gsalegal.pe\/en\/wp-json\/wp\/v2\/posts\/12096\/revisions"}],"wp:featuredmedia":[{"embeddable":true,"href":"https:\/\/gsalegal.pe\/en\/wp-json\/"}],"wp:attachment":[{"href":"https:\/\/gsalegal.pe\/en\/wp-json\/wp\/v2\/media?parent=12096"}],"wp:term":[{"taxonomy":"category","embeddable":true,"href":"https:\/\/gsalegal.pe\/en\/wp-json\/wp\/v2\/categories?post=12096"}],"curies":[{"name":"wp","href":"https:\/\/api.w.org\/{rel}","templated":true}]}}