{"id":12104,"date":"2020-09-02T12:54:11","date_gmt":"2020-09-02T17:54:11","guid":{"rendered":"http:\/\/localhost\/wordpress\/?p=12104"},"modified":"2020-09-02T12:54:11","modified_gmt":"2020-09-02T17:54:11","slug":"nueva-suspension-de-plazos-administrativos-relacionados-a-funciones-y-atribuciones-de-la-sbs-4","status":"publish","type":"post","link":"https:\/\/gsalegal.pe\/en\/nueva-suspension-de-plazos-administrativos-relacionados-a-funciones-y-atribuciones-de-la-sbs-4\/","title":{"rendered":"Nueva suspensi\u00f3n de plazos administrativos relacionados a funciones y atribuciones de la SBS"},"content":{"rendered":"\t\t<div data-elementor-type=\"wp-post\" data-elementor-id=\"12104\" class=\"elementor elementor-12104\">\n\t\t\t\t\t\t<section class=\"elementor-section elementor-top-section elementor-element elementor-element-bbf7c67 elementor-section-boxed elementor-section-height-default elementor-section-height-default\" data-id=\"bbf7c67\" data-element_type=\"section\" data-e-type=\"section\">\n\t\t\t\t\t\t<div class=\"elementor-container elementor-column-gap-default\">\n\t\t\t\t\t<div class=\"elementor-column elementor-col-100 elementor-top-column elementor-element elementor-element-f3739b2\" data-id=\"f3739b2\" data-element_type=\"column\" data-e-type=\"column\">\n\t\t\t<div class=\"elementor-widget-wrap elementor-element-populated\">\n\t\t\t\t\t\t<div class=\"elementor-element elementor-element-752f5a7 elementor-widget elementor-widget-text-editor\" data-id=\"752f5a7\" data-element_type=\"widget\" data-e-type=\"widget\" data-widget_type=\"text-editor.default\">\n\t\t\t\t<div class=\"elementor-widget-container\">\n\t\t\t\t\t\t\t\t\t<p style=\"text-align: justify; background-image: initial; background-position: initial; background-size: initial; background-repeat: initial; background-attachment: initial; background-origin: initial; background-clip: initial;\"><span style=\"font-family: 'Arial Narrow',sans-serif; color: black; mso-color-alt: windowtext; mso-fareast-language: ES;\">La Superintendencia de Banca, Seguros y Administradoras Privadas de Fondos de Pensiones (SBS) dispuso mantener la suspensi\u00f3n de los plazos administrativos relacionados con las funciones y atribuciones que corresponden a la SBS,<\/span><span style=\"font-family: 'Arial Narrow',sans-serif; mso-bidi-font-family: Arial; color: #0a0a0a;\"> incluyendo los establecidos para la entrega de informaci\u00f3n requerida de manera virtual y los plazos a los que se refieren los art\u00edculos 252 y 253 del Texto \u00danico Ordenado de la Ley N\u00b0 27444, Ley del Procedimiento Administrativo General, <\/span><span style=\"font-family: 'Arial Narrow',sans-serif; color: black; mso-color-alt: windowtext; mso-fareast-language: ES;\">plazos que ya hab\u00edan sido suspendidos a trav\u00e9s de la Resoluci\u00f3n de Superintendencia N\u00b0 1259-2020<a title=\"\" href=\"file:\/\/\/C:\/Users\/dgarcia\/AppData\/Local\/Microsoft\/Windows\/INetCache\/Content.Outlook\/DUJZMMF7\/MEMORANDUM%20SUSPENSION%20DE%20PLAZOS%20SETIEMBRE%20FINAL.docx#_ftn1\" name=\"_ftnref1\"><span class=\"MsoFootnoteReference\"><!-- [if !supportFootnotes]--><span class=\"MsoFootnoteReference\"><span style=\"font-size: 12pt; line-height: 106%; color: black;\">[1]<\/span><\/span><!--[endif]--><\/span><\/a>. <\/span><\/p><p style=\"text-align: justify; background-image: initial; background-position: initial; background-size: initial; background-repeat: initial; background-attachment: initial; background-origin: initial; background-clip: initial;\"><span style=\"font-family: 'Arial Narrow',sans-serif; color: black; mso-color-alt: windowtext; mso-fareast-language: ES;\">Esta suspensi\u00f3n de plazos solo ser\u00e1 aplicable para los administrados cuyos domicilios principales se encuentren ubicados en cualquiera de las provincias o departamentos en los que se haya dispuesto la cuarentena focalizada<a title=\"\" href=\"file:\/\/\/C:\/Users\/dgarcia\/AppData\/Local\/Microsoft\/Windows\/INetCache\/Content.Outlook\/DUJZMMF7\/MEMORANDUM%20SUSPENSION%20DE%20PLAZOS%20SETIEMBRE%20FINAL.docx#_ftn2\" name=\"_ftnref2\"><span class=\"MsoFootnoteReference\"><!-- [if !supportFootnotes]--><span class=\"MsoFootnoteReference\"><span style=\"font-size: 12pt; line-height: 106%; color: black;\">[2]<\/span><\/span><!--[endif]--><\/span><\/a>. La suspensi\u00f3n tendr\u00e1 vigencia anticipada desde el 1 de agosto de 2020 y continuar\u00e1 vigente en tanto se mantenga la cuarentena focalizada. Asimismo, la suspensi\u00f3n tambi\u00e9n ser\u00e1 aplicable en aquellos lugares en los que posteriormente se disponga cuarentena focalizada. <\/span><\/p><p style=\"text-align: justify; background-image: initial; background-position: initial; background-size: initial; background-repeat: initial; background-attachment: initial; background-origin: initial; background-clip: initial;\"><span style=\"font-family: 'Arial Narrow',sans-serif; color: black; mso-color-alt: windowtext; mso-fareast-language: ES;\">Esta medida no ser\u00e1 aplicable a aquellos plazos cuyo c\u00f3mputo se hubiera ya reanudado por disposici\u00f3n expresa de la SBS. Asimismo, la SBS podr\u00e1 establecer medidas, instrucciones complementarias y excepciones aplicables a los sistemas que supervisa a trav\u00e9s de oficios m\u00faltiples.<\/span><\/p><p style=\"text-align: justify; background-image: initial; background-position: initial; background-size: initial; background-repeat: initial; background-attachment: initial; background-origin: initial; background-clip: initial;\"><span style=\"font-family: 'Arial Narrow',sans-serif; mso-bidi-font-family: Arial; color: #0a0a0a;\">As\u00ed consta en la Resoluci\u00f3n SBS N\u00b0 2115-2020 del 1 de setiembre de 2020.<\/span><\/p><div><hr align=\"left\" size=\"1\" width=\"33%\" \/><p><!--[endif]--><\/p><div id=\"ftn1\"><p class=\"MsoFootnoteText\" style=\"text-align: justify;\"><a title=\"\" href=\"file:\/\/\/C:\/Users\/dgarcia\/AppData\/Local\/Microsoft\/Windows\/INetCache\/Content.Outlook\/DUJZMMF7\/MEMORANDUM%20SUSPENSION%20DE%20PLAZOS%20SETIEMBRE%20FINAL.docx#_ftnref1\" name=\"_ftn1\"><span class=\"MsoFootnoteReference\"><span style=\"font-family: 'Arial Narrow',sans-serif;\"><!-- [if !supportFootnotes]--><span class=\"MsoFootnoteReference\"><span style=\"font-size: 10pt; line-height: 106%;\">[1]<\/span><\/span><!--[endif]--><\/span><\/span><\/a> <span lang=\"ES-MX\" style=\"font-family: 'Arial Narrow',sans-serif; mso-ansi-language: ES-MX;\">El 16 de marzo la SBS dispuso suspender durante 15 d\u00edas calendario el c\u00f3mputo de plazos administrativos relacionados con las funciones y atribuciones que corresponden a la SBS. Posteriormente, la suspensi\u00f3n se ampli\u00f3 hasta el 12 de abril, inclusive, mediante Resoluci\u00f3n SBS N\u00b01268-2020 y posteriormente, hasta el 26 de abril a trav\u00e9s de la Resoluci\u00f3n SBS N\u00b0 1280-2020. Ante las medidas adoptadas por el Gobierno, la suspensi\u00f3n se prorrog\u00f3 hasta el 10 de mayo de 2020 a trav\u00e9s de la Resoluci\u00f3n SBS N\u00b01311-2020, luego hasta el 24 de mayo de 2020, tal como consta en la Resoluci\u00f3n SBS N\u00b01356-2020, hasta el 10 de junio de 2020 a trav\u00e9s de la Resoluci\u00f3n SBS N\u00b01407-2020, hasta el 30 de junio mediante resoluci\u00f3n SBS N\u00b01537-2020 y, finalmente, hasta el 31 de julio de 2020 a trav\u00e9s de la resoluci\u00f3n SBS N\u00b01753-2020.<\/span><\/p><\/div><div id=\"ftn2\"><p class=\"MsoFootnoteText\" style=\"text-align: justify;\"><a title=\"\" href=\"file:\/\/\/C:\/Users\/dgarcia\/AppData\/Local\/Microsoft\/Windows\/INetCache\/Content.Outlook\/DUJZMMF7\/MEMORANDUM%20SUSPENSION%20DE%20PLAZOS%20SETIEMBRE%20FINAL.docx#_ftnref2\" name=\"_ftn2\"><!-- [if !supportFootnotes]--><span class=\"MsoFootnoteReference\"><span style=\"font-size: 10.0pt; line-height: 106%; font-family: 'Calibri',sans-serif; mso-ascii-theme-font: minor-latin; mso-fareast-font-family: Calibri; mso-fareast-theme-font: minor-latin; mso-hansi-theme-font: minor-latin; mso-bidi-font-family: 'Times New Roman'; mso-bidi-theme-font: minor-bidi; mso-ansi-language: ES-PE; mso-fareast-language: EN-US; mso-bidi-language: AR-SA;\">[2]<\/span><\/span><!--[endif]--><\/a> <span style=\"font-family: 'Arial Narrow',sans-serif;\">Provincias y departamentos indicados en el numeral 2.2 del art\u00edculo 2 del Decreto Supremo N\u00ba 116-2020-PCM modificado por el Decreto Supremo N\u00ba 139-2020-PCM.<\/span><\/p><\/div><\/div>\t\t\t\t\t\t\t\t<\/div>\n\t\t\t\t<\/div>\n\t\t\t\t\t<\/div>\n\t\t<\/div>\n\t\t\t\t\t<\/div>\n\t\t<\/section>\n\t\t\t\t<section class=\"elementor-section elementor-top-section elementor-element elementor-element-2faecf5 elementor-section-boxed elementor-section-height-default elementor-section-height-default\" data-id=\"2faecf5\" data-element_type=\"section\" data-e-type=\"section\">\n\t\t\t\t\t\t<div class=\"elementor-container elementor-column-gap-default\">\n\t\t\t\t\t<div class=\"elementor-column elementor-col-100 elementor-top-column elementor-element elementor-element-db17570\" data-id=\"db17570\" data-element_type=\"column\" data-e-type=\"column\">\n\t\t\t<div class=\"elementor-widget-wrap elementor-element-populated\">\n\t\t\t\t\t\t<div class=\"elementor-element elementor-element-e9e1e43 elementor-widget-divider--view-line elementor-widget elementor-widget-divider\" data-id=\"e9e1e43\" data-element_type=\"widget\" data-e-type=\"widget\" data-widget_type=\"divider.default\">\n\t\t\t\t<div class=\"elementor-widget-container\">\n\t\t\t\t\t\t\t<div class=\"elementor-divider\">\n\t\t\t<span class=\"elementor-divider-separator\">\n\t\t\t\t\t\t<\/span>\n\t\t<\/div>\n\t\t\t\t\t\t<\/div>\n\t\t\t\t<\/div>\n\t\t\t\t\t<\/div>\n\t\t<\/div>\n\t\t\t\t\t<\/div>\n\t\t<\/section>\n\t\t\t\t<section class=\"elementor-section elementor-top-section elementor-element elementor-element-eb65a1b elementor-section-boxed elementor-section-height-default elementor-section-height-default\" data-id=\"eb65a1b\" data-element_type=\"section\" data-e-type=\"section\">\n\t\t\t\t\t\t<div class=\"elementor-container elementor-column-gap-default\">\n\t\t\t\t\t<div class=\"elementor-column elementor-col-100 elementor-top-column elementor-element elementor-element-a94c415\" data-id=\"a94c415\" data-element_type=\"column\" data-e-type=\"column\">\n\t\t\t<div class=\"elementor-widget-wrap elementor-element-populated\">\n\t\t\t\t\t\t<div class=\"elementor-element elementor-element-cc5bf11 elementor-widget elementor-widget-text-editor\" data-id=\"cc5bf11\" data-element_type=\"widget\" data-e-type=\"widget\" data-widget_type=\"text-editor.default\">\n\t\t\t\t<div class=\"elementor-widget-container\">\n\t\t\t\t\t\t\t\t\t<p>Para mayor informaci\u00f3n sobre el tema tratado contactarse con los abogados del Estudio:<\/p><p>Dr. Luis Gasta\u00f1eta, Dr. Agust\u00edn Yrigoyen, Dra. Shirley C\u00e1rdenas, Dr. Alfonso Tola, Dra. Mar\u00eda Soledad Gasta\u00f1eta y el Dr. Sergio Chang.<\/p>\t\t\t\t\t\t\t\t<\/div>\n\t\t\t\t<\/div>\n\t\t\t\t\t<\/div>\n\t\t<\/div>\n\t\t\t\t\t<\/div>\n\t\t<\/section>\n\t\t\t\t<section class=\"elementor-section elementor-top-section elementor-element elementor-element-c97bb55 elementor-section-boxed elementor-section-height-default elementor-section-height-default\" data-id=\"c97bb55\" data-element_type=\"section\" data-e-type=\"section\">\n\t\t\t\t\t\t<div class=\"elementor-container elementor-column-gap-default\">\n\t\t\t\t\t<div class=\"elementor-column elementor-col-100 elementor-top-column elementor-element elementor-element-5d720eb\" data-id=\"5d720eb\" data-element_type=\"column\" data-e-type=\"column\">\n\t\t\t<div class=\"elementor-widget-wrap elementor-element-populated\">\n\t\t\t\t\t\t<div class=\"elementor-element elementor-element-0730b12 elementor-widget-divider--view-line elementor-widget elementor-widget-divider\" data-id=\"0730b12\" data-element_type=\"widget\" data-e-type=\"widget\" data-widget_type=\"divider.default\">\n\t\t\t\t<div class=\"elementor-widget-container\">\n\t\t\t\t\t\t\t<div class=\"elementor-divider\">\n\t\t\t<span class=\"elementor-divider-separator\">\n\t\t\t\t\t\t<\/span>\n\t\t<\/div>\n\t\t\t\t\t\t<\/div>\n\t\t\t\t<\/div>\n\t\t\t\t\t<\/div>\n\t\t<\/div>\n\t\t\t\t\t<\/div>\n\t\t<\/section>\n\t\t\t\t<section class=\"elementor-section elementor-top-section elementor-element elementor-element-9cc7618 elementor-section-boxed elementor-section-height-default elementor-section-height-default\" data-id=\"9cc7618\" data-element_type=\"section\" data-e-type=\"section\">\n\t\t\t\t\t\t<div class=\"elementor-container elementor-column-gap-default\">\n\t\t\t\t\t<div class=\"elementor-column elementor-col-100 elementor-top-column elementor-element elementor-element-3b5ddf4\" data-id=\"3b5ddf4\" data-element_type=\"column\" data-e-type=\"column\">\n\t\t\t<div class=\"elementor-widget-wrap elementor-element-populated\">\n\t\t\t\t\t\t<div class=\"elementor-element elementor-element-ad67a41 elementor-widget elementor-widget-text-editor\" data-id=\"ad67a41\" data-element_type=\"widget\" data-e-type=\"widget\" data-widget_type=\"text-editor.default\">\n\t\t\t\t<div class=\"elementor-widget-container\">\n\t\t\t\t\t\t\t\t\t<p class=\"MsoNormal\" style=\"margin-bottom: 0cm; text-align: justify; line-height: normal; mso-layout-grid-align: none; text-autospace: none;\"><span lang=\"ES\" style=\"font-size: 10.0pt; font-family: 'Arial Narrow',sans-serif; mso-fareast-font-family: 'Times New Roman'; mso-bidi-font-family: ArialNarrow; color: gray; mso-ansi-language: ES; mso-fareast-language: ES;\">La informaci\u00f3n contenida en este documento no constituye ni pretende constituir asesor\u00eda o asistencia legal directa o indirecta de ninguna especie, ni establece ning\u00fan tipo de relaci\u00f3n profesional. <\/span><span lang=\"ES\" style=\"font-size: 10.0pt; font-family: 'Arial Narrow',sans-serif; mso-fareast-font-family: 'Times New Roman'; mso-bidi-font-family: ArialNarrow; color: gray; mso-ansi-language: ES; mso-fareast-language: ES;\">Asimismo, tampoco pretende hacer publicidad de los servicios prestados por nuestra firma ni por ninguno de sus abogados. El \u00fanico prop\u00f3sito es dar informaci\u00f3n de car\u00e1cter general respecto de temas que pueden ser de inter\u00e9s para los clientes y amigos de nuestra firma. Este informativo, as\u00ed como otros informes generales y art\u00edculos de inter\u00e9s preparados por los abogados del Estudio, podr\u00e1n encontrarse en nuestra p\u00e1gina web:\u00a0<\/span><a style=\"background-color: #ffffff;\" href=\"www.garciasayan.com.pe\" target=\"_blank\" rel=\"noopener\">www.garciasayan.com.pe<\/a><\/p>\t\t\t\t\t\t\t\t<\/div>\n\t\t\t\t<\/div>\n\t\t\t\t\t<\/div>\n\t\t<\/div>\n\t\t\t\t\t<\/div>\n\t\t<\/section>\n\t\t\t\t<\/div>\n\t\t","protected":false},"excerpt":{"rendered":"<p>La Superintendencia de Banca, Seguros y Administradoras Privadas de Fondos de Pensiones (SBS) dispuso mantener la suspensi\u00f3n de los plazos administrativos relacionados con las funciones y atribuciones que corresponden a la SBS, incluyendo los establecidos para la entrega de informaci\u00f3n requerida de manera virtual y los plazos a los que se refieren los art\u00edculos 252 [&hellip;]<\/p>\n","protected":false},"author":5,"featured_media":9745,"comment_status":"closed","ping_status":"open","sticky":false,"template":"","format":"standard","meta":{"nf_dc_page":"","content-type":"","footnotes":""},"categories":[90,76,83],"class_list":["post-12104","post","type-post","status-publish","format-standard","has-post-thumbnail","hentry","category-boletin-informativo","category-corporativo","category-covid-19"],"_links":{"self":[{"href":"https:\/\/gsalegal.pe\/en\/wp-json\/wp\/v2\/posts\/12104","targetHints":{"allow":["GET"]}}],"collection":[{"href":"https:\/\/gsalegal.pe\/en\/wp-json\/wp\/v2\/posts"}],"about":[{"href":"https:\/\/gsalegal.pe\/en\/wp-json\/wp\/v2\/types\/post"}],"author":[{"embeddable":true,"href":"https:\/\/gsalegal.pe\/en\/wp-json\/wp\/v2\/users\/5"}],"replies":[{"embeddable":true,"href":"https:\/\/gsalegal.pe\/en\/wp-json\/wp\/v2\/comments?post=12104"}],"version-history":[{"count":0,"href":"https:\/\/gsalegal.pe\/en\/wp-json\/wp\/v2\/posts\/12104\/revisions"}],"wp:featuredmedia":[{"embeddable":true,"href":"https:\/\/gsalegal.pe\/en\/wp-json\/"}],"wp:attachment":[{"href":"https:\/\/gsalegal.pe\/en\/wp-json\/wp\/v2\/media?parent=12104"}],"wp:term":[{"taxonomy":"category","embeddable":true,"href":"https:\/\/gsalegal.pe\/en\/wp-json\/wp\/v2\/categories?post=12104"}],"curies":[{"name":"wp","href":"https:\/\/api.w.org\/{rel}","templated":true}]}}