{"id":12108,"date":"2020-09-02T13:02:42","date_gmt":"2020-09-02T18:02:42","guid":{"rendered":"http:\/\/localhost\/wordpress\/?p=12108"},"modified":"2020-09-02T13:02:42","modified_gmt":"2020-09-02T18:02:42","slug":"licencia-con-goce-de-haber-para-el-trabajador-cuyo-hijo-sea-diagnosticado-de-cancer","status":"publish","type":"post","link":"https:\/\/gsalegal.pe\/en\/licencia-con-goce-de-haber-para-el-trabajador-cuyo-hijo-sea-diagnosticado-de-cancer\/","title":{"rendered":"Licencia con goce de haber para el trabajador cuyo hijo sea diagnosticado de c\u00e1ncer"},"content":{"rendered":"\t\t<div data-elementor-type=\"wp-post\" data-elementor-id=\"12108\" class=\"elementor elementor-12108\">\n\t\t\t\t\t\t<section class=\"elementor-section elementor-top-section elementor-element elementor-element-a2d4680 elementor-section-boxed elementor-section-height-default elementor-section-height-default\" data-id=\"a2d4680\" data-element_type=\"section\" data-e-type=\"section\">\n\t\t\t\t\t\t<div class=\"elementor-container elementor-column-gap-default\">\n\t\t\t\t\t<div class=\"elementor-column elementor-col-100 elementor-top-column elementor-element elementor-element-04a5746\" data-id=\"04a5746\" data-element_type=\"column\" data-e-type=\"column\">\n\t\t\t<div class=\"elementor-widget-wrap elementor-element-populated\">\n\t\t\t\t\t\t<div class=\"elementor-element elementor-element-9c56107 elementor-widget elementor-widget-text-editor\" data-id=\"9c56107\" data-element_type=\"widget\" data-e-type=\"widget\" data-widget_type=\"text-editor.default\">\n\t\t\t\t<div class=\"elementor-widget-container\">\n\t\t\t\t\t\t\t\t\t<p class=\"MsoNormal\" style=\"margin-bottom: 0cm; text-align: justify; line-height: normal; tab-stops: 53.25pt;\"><span style=\"font-size: 12.0pt; font-family: 'Arial Narrow',sans-serif;\">Con fecha 2 de septiembre de 2020, se ha promulgado la Ley N\u00ba31041, Ley de Urgencia M\u00e9dica para la Atenci\u00f3n Oportuna y Atenci\u00f3n Integral del C\u00e1ncer del Ni\u00f1o y del Adolescente. Esta ley, modifica los art\u00edculos 1\u00ba y 2\u00ba de la Ley N\u00ba 30012, por la cual se concede el derecho de licencia a trabajadores con familiares directos que se encuentran con enfermedad en estado grave o terminal o que sufran accidente grave. <\/span><\/p><p class=\"MsoNormal\" style=\"margin-bottom: 0cm; text-align: justify; line-height: normal; tab-stops: 53.25pt;\"><span style=\"font-size: 12.0pt; font-family: 'Arial Narrow',sans-serif;\">\u00a0<\/span><\/p><p class=\"MsoNormal\" style=\"margin-bottom: 0cm; text-align: justify; line-height: normal; tab-stops: 53.25pt;\"><span style=\"font-size: 12.0pt; font-family: 'Arial Narrow',sans-serif;\">Las modificaciones son las siguientes:<\/span><\/p><p class=\"MsoNormal\" style=\"margin-bottom: 0cm; text-align: justify; line-height: normal; tab-stops: 53.25pt;\"><span style=\"font-size: 12.0pt; font-family: 'Arial Narrow',sans-serif;\">\u00a0<\/span><\/p><p>\u00a0<\/p><table class=\"MsoTableGrid\" style=\"width: 417.95pt; border-collapse: collapse; border: none; mso-border-alt: solid windowtext .5pt; mso-yfti-tbllook: 1184; mso-padding-alt: 0cm 5.4pt 0cm 5.4pt;\" border=\"1\" width=\"557\" cellspacing=\"0\" cellpadding=\"0\"><tbody><tr><td style=\"width: 205.25pt; border-width: 1pt; border-top-style: solid; border-right-style: solid; border-left-style: solid; border-color: windowtext; border-image: initial; background: #365f91; padding: 0cm 5.4pt;\" valign=\"top\" width=\"274\"><p class=\"MsoNormal\" style=\"text-align: center; text-indent: -70.9pt; line-height: normal; tab-stops: 35.45pt 70.9pt 106.35pt 141.8pt center 205.5pt left 225.5pt; margin: 0cm -7.15pt 0cm 70.9pt;\" align=\"center\"><b><span style=\"font-size: 12.0pt; font-family: 'Arial Narrow',sans-serif;\">Texto anterior<\/span><\/b><\/p><\/td><td style=\"width: 212.7pt; border-top: 1pt solid windowtext; border-right: 1pt solid windowtext; border-bottom-width: 1pt; border-bottom-color: windowtext; border-image: initial; border-left: none; background: #365f91; padding: 0cm 5.4pt;\" valign=\"top\" width=\"284\"><p class=\"MsoNormal\" style=\"margin-bottom: 0cm; text-align: center; line-height: normal; tab-stops: 53.25pt;\" align=\"center\"><b><span style=\"font-size: 12.0pt; font-family: 'Arial Narrow',sans-serif; color: black; mso-color-alt: windowtext;\">Texto vigente<\/span><\/b><b><\/b><\/p><\/td><\/tr><tr><td style=\"width: 205.25pt; border-right: 1pt solid windowtext; border-bottom-width: 1pt; border-left: 1pt solid windowtext; border-bottom-color: windowtext; border-image: initial; border-top: none; padding: 0cm 5.4pt;\" valign=\"top\" width=\"274\"><p class=\"MsoNormal\" style=\"margin-bottom: 0cm; text-align: justify; line-height: normal; tab-stops: 53.25pt;\"><b><span style=\"font-size: 12.0pt; font-family: 'Arial Narrow',sans-serif;\">Art\u00edculo 1. Objeto de la Ley<\/span><\/b><\/p><p class=\"MsoNormal\" style=\"margin-bottom: 0cm; text-align: justify; line-height: normal; tab-stops: 53.25pt;\"><b><span style=\"font-size: 12.0pt; font-family: 'Arial Narrow',sans-serif;\">\u00a0<\/span><\/b><\/p><p class=\"MsoNormal\" style=\"margin-bottom: 0cm; text-align: justify; line-height: normal;\"><span style=\"font-size: 12.0pt; font-family: 'Arial Narrow',sans-serif;\">La presente Ley tiene por objeto establecer el derecho del trabajador de la actividad p\u00fablica y privada a gozar de licencia en los casos de tener un hijo, padre o madre, c\u00f3nyuge o conviviente enfermo diagnosticado en estado grave o terminal, o que sufra accidente que ponga en serio riesgo su vida, con el objeto de asistirlo.<\/span><\/p><\/td><td style=\"width: 212.7pt; border-top: none; border-left: none; border-bottom-width: 1pt; border-bottom-color: windowtext; border-right: 1pt solid windowtext; padding: 0cm 5.4pt;\" valign=\"top\" width=\"284\"><p class=\"MsoNormal\" style=\"margin-bottom: 0cm; text-align: justify; line-height: normal; tab-stops: 53.25pt;\"><b><span style=\"font-size: 12.0pt; font-family: 'Arial Narrow',sans-serif;\">Art\u00edculo 1<\/span><\/b><span style=\"font-size: 12.0pt; font-family: 'Arial Narrow',sans-serif;\">. <b>Objeto de la Ley<\/b> <\/span><\/p><p class=\"MsoNormal\" style=\"margin-bottom: 0cm; text-align: justify; line-height: normal; tab-stops: 53.25pt;\"><span style=\"font-size: 12.0pt; font-family: 'Arial Narrow',sans-serif;\">\u00a0<\/span><\/p><p style=\"margin: 0cm; text-align: justify;\"><span style=\"font-family: 'Arial Narrow',sans-serif; mso-fareast-font-family: Calibri; mso-fareast-language: EN-US;\">La presente ley tiene por objeto establecer el derecho del trabajador de la actividad pu\u0301blica y privada a gozar de licencia en los casos de tener un hijo, padre o madre, co\u0301nyuge o conviviente, <b><i><u>o persona bajo su curatela o tutela<\/u><\/i><\/b>, enfermo diagnosticado en estado grave o terminal, o que sufra accidente que ponga en serio riesgo su vida, con el objeto de asistirlo.<\/span><\/p><\/td><\/tr><tr><td style=\"width: 205.25pt; border-right: 1pt solid windowtext; border-bottom-width: 1pt; border-left: 1pt solid windowtext; border-bottom-color: windowtext; border-image: initial; border-top: none; padding: 0cm 5.4pt;\" valign=\"top\" width=\"274\"><p class=\"MsoNormal\" style=\"margin-bottom: 0cm; text-align: justify; line-height: normal; tab-stops: 53.25pt;\"><b><span style=\"font-size: 12.0pt; font-family: 'Arial Narrow',sans-serif;\">Art\u00edculo 2. Licencia por enfermedad grave o terminal o por accidente grave<\/span><\/b><\/p><p class=\"MsoNormal\" style=\"margin-bottom: 0cm; text-align: justify; line-height: normal; tab-stops: 53.25pt;\"><span style=\"font-size: 10.0pt; font-family: 'Arial',sans-serif; color: black;\">\u00a0<\/span><\/p><p class=\"MsoNormal\" style=\"margin-bottom: 0cm; text-align: justify; line-height: normal; tab-stops: 53.25pt;\"><span style=\"font-size: 12.0pt; font-family: 'Arial Narrow',sans-serif;\">La licencia a que se refiere el art\u00edculo 1 es otorgada por el plazo m\u00e1ximo de siete d\u00edas calendario, con goce de haber. De ser necesario m\u00e1s d\u00edas de licencia, estos son concedidos por un lapso adicional no mayor de treinta d\u00edas, a cuenta del derecho vacacional.<\/span><\/p><p class=\"MsoNormal\" style=\"margin-bottom: 0cm; text-align: justify; line-height: normal; tab-stops: 53.25pt;\"><span style=\"font-size: 12.0pt; font-family: 'Arial Narrow',sans-serif;\">De existir una situaci\u00f3n excepcional que tenga ineludible la asistencia al familiar directo, fuera del plazo previsto en el p\u00e1rrafo precedente, se pueden compensar las horas utilizadas para dicho fin con horas extraordinarias de labores, previo acuerdo con el empleador.<\/span><\/p><p class=\"MsoNormal\" style=\"margin-bottom: 0cm; text-align: justify; line-height: normal; tab-stops: 53.25pt;\"><span style=\"font-size: 12.0pt; font-family: 'Arial Narrow',sans-serif;\">\u00a0<\/span><\/p><p class=\"MsoNormal\" style=\"margin-bottom: 0cm; text-align: justify; line-height: normal; tab-stops: 53.25pt;\"><span style=\"font-size: 12.0pt; font-family: 'Arial Narrow',sans-serif;\">\u00a0<\/span><\/p><\/td><td style=\"width: 212.7pt; border-top: none; border-left: none; border-bottom-width: 1pt; border-bottom-color: windowtext; border-right: 1pt solid windowtext; padding: 0cm 5.4pt;\" valign=\"top\" width=\"284\"><p class=\"MsoNormal\" style=\"margin-bottom: 0cm; text-align: justify; line-height: normal; tab-stops: 53.25pt;\"><b><span style=\"font-size: 12.0pt; font-family: 'Arial Narrow',sans-serif;\">Art\u00edculo 2. Licencia por enfermedad grave o terminal o por accidente grave<\/span><\/b><\/p><p class=\"MsoNormal\" style=\"margin-bottom: 0cm; text-align: justify; line-height: normal; tab-stops: 53.25pt;\"><span style=\"font-size: 8.0pt; font-family: 'ArialMT',serif;\">\u00a0<\/span><\/p><p class=\"MsoNormal\" style=\"margin-bottom: 0cm; text-align: justify; line-height: normal; tab-stops: 53.25pt;\"><span style=\"font-size: 12.0pt; font-family: 'Arial Narrow',sans-serif;\">La licencia a que se refiere el arti\u0301culo 1 es otorgada por el plazo ma\u0301ximo de siete di\u0301as calendario, con goce de haber. De ser necesario ma\u0301s di\u0301as de licencia, estos son concedidos por un lapso adicional no mayor de treinta di\u0301as, a cuenta del derecho vacacional. <\/span><\/p><p class=\"MsoNormal\" style=\"margin-bottom: 0cm; text-align: justify; line-height: normal; tab-stops: 53.25pt;\"><span style=\"font-size: 12.0pt; font-family: 'Arial Narrow',sans-serif;\">\u00a0<\/span><\/p><p class=\"MsoNormal\" style=\"margin-bottom: 0cm; text-align: justify; line-height: normal; tab-stops: 53.25pt;\"><span style=\"font-size: 12.0pt; font-family: 'Arial Narrow',sans-serif;\">De existir una situacio\u0301n excepcional que haga ineludible la asistencia al familiar directo, fuera del plazo previsto en el pa\u0301rrafo precedente, se pueden compensar las horas utilizadas para dicho fin con horas extraordinarias de labores, previo acuerdo con el empleador. <\/span><\/p><p class=\"MsoNormal\" style=\"margin-bottom: 0cm; text-align: justify; line-height: normal; tab-stops: 53.25pt;\"><span style=\"font-size: 12.0pt; font-family: 'Arial Narrow',sans-serif;\">\u00a0<\/span><\/p><p class=\"MsoNormal\" style=\"margin-bottom: 0cm; text-align: justify; line-height: normal; tab-stops: 53.25pt;\"><b><i><u><span style=\"font-size: 12.0pt; font-family: 'Arial Narrow',sans-serif;\">De manera excepcional y u\u0301nica se otorga licencia con goce de haber por el periodo no mayor a un an\u0303o y de acuerdo con las necesidades del trabajador cuyo hijo, nin\u0303o o adolescente menor de 18 an\u0303os sea diagnosticado de ca\u0301ncer por el me\u0301dico especialista, el cual debera\u0301 ser cubierto los primeros veintiu\u0301n (21) di\u0301as por el empleador y el tiempo restante por EsSalud.<\/span><\/u><\/i><\/b><\/p><\/td><\/tr><\/tbody><\/table>\t\t\t\t\t\t\t\t<\/div>\n\t\t\t\t<\/div>\n\t\t\t\t\t<\/div>\n\t\t<\/div>\n\t\t\t\t\t<\/div>\n\t\t<\/section>\n\t\t\t\t<section class=\"elementor-section elementor-top-section elementor-element elementor-element-97a8a81 elementor-section-boxed elementor-section-height-default elementor-section-height-default\" data-id=\"97a8a81\" data-element_type=\"section\" data-e-type=\"section\">\n\t\t\t\t\t\t<div class=\"elementor-container elementor-column-gap-default\">\n\t\t\t\t\t<div class=\"elementor-column elementor-col-100 elementor-top-column elementor-element elementor-element-e3005bd\" data-id=\"e3005bd\" data-element_type=\"column\" data-e-type=\"column\">\n\t\t\t<div class=\"elementor-widget-wrap elementor-element-populated\">\n\t\t\t\t\t\t<div class=\"elementor-element elementor-element-78328c1 elementor-widget-divider--view-line elementor-widget elementor-widget-divider\" data-id=\"78328c1\" data-element_type=\"widget\" data-e-type=\"widget\" data-widget_type=\"divider.default\">\n\t\t\t\t<div class=\"elementor-widget-container\">\n\t\t\t\t\t\t\t<div class=\"elementor-divider\">\n\t\t\t<span class=\"elementor-divider-separator\">\n\t\t\t\t\t\t<\/span>\n\t\t<\/div>\n\t\t\t\t\t\t<\/div>\n\t\t\t\t<\/div>\n\t\t\t\t\t<\/div>\n\t\t<\/div>\n\t\t\t\t\t<\/div>\n\t\t<\/section>\n\t\t\t\t<section class=\"elementor-section elementor-top-section elementor-element elementor-element-61c8fbf elementor-section-boxed elementor-section-height-default elementor-section-height-default\" data-id=\"61c8fbf\" data-element_type=\"section\" data-e-type=\"section\">\n\t\t\t\t\t\t<div class=\"elementor-container elementor-column-gap-default\">\n\t\t\t\t\t<div class=\"elementor-column elementor-col-100 elementor-top-column elementor-element elementor-element-13cfc21\" data-id=\"13cfc21\" data-element_type=\"column\" data-e-type=\"column\">\n\t\t\t<div class=\"elementor-widget-wrap elementor-element-populated\">\n\t\t\t\t\t\t<div class=\"elementor-element elementor-element-ae7d99b elementor-widget elementor-widget-text-editor\" data-id=\"ae7d99b\" data-element_type=\"widget\" data-e-type=\"widget\" data-widget_type=\"text-editor.default\">\n\t\t\t\t<div class=\"elementor-widget-container\">\n\t\t\t\t\t\t\t\t\t<p>Para mayor informaci\u00f3n sobre el tema tratado contactarse con los abogados de nuestra \u00c1rea Laboral:<\/p><p>Alberto Varillas Cueto, Jaime Durand Planas, Macarena Morales Mailhe, Fressia Sanchez Tu\u00f1oque, Sara Kalinicos Garc\u00eda, Jos\u00e9 Andr\u00e9s Piedra Pereira; y Grecia Elena Aldonate Pinto.<\/p>\t\t\t\t\t\t\t\t<\/div>\n\t\t\t\t<\/div>\n\t\t\t\t\t<\/div>\n\t\t<\/div>\n\t\t\t\t\t<\/div>\n\t\t<\/section>\n\t\t\t\t<section class=\"elementor-section elementor-top-section elementor-element elementor-element-68b341a elementor-section-boxed elementor-section-height-default elementor-section-height-default\" data-id=\"68b341a\" data-element_type=\"section\" data-e-type=\"section\">\n\t\t\t\t\t\t<div class=\"elementor-container elementor-column-gap-default\">\n\t\t\t\t\t<div class=\"elementor-column elementor-col-100 elementor-top-column elementor-element elementor-element-4e7a551\" data-id=\"4e7a551\" data-element_type=\"column\" data-e-type=\"column\">\n\t\t\t<div class=\"elementor-widget-wrap elementor-element-populated\">\n\t\t\t\t\t\t<div class=\"elementor-element elementor-element-5a5754f elementor-widget-divider--view-line elementor-widget elementor-widget-divider\" data-id=\"5a5754f\" data-element_type=\"widget\" data-e-type=\"widget\" data-widget_type=\"divider.default\">\n\t\t\t\t<div class=\"elementor-widget-container\">\n\t\t\t\t\t\t\t<div class=\"elementor-divider\">\n\t\t\t<span class=\"elementor-divider-separator\">\n\t\t\t\t\t\t<\/span>\n\t\t<\/div>\n\t\t\t\t\t\t<\/div>\n\t\t\t\t<\/div>\n\t\t\t\t\t<\/div>\n\t\t<\/div>\n\t\t\t\t\t<\/div>\n\t\t<\/section>\n\t\t\t\t<section class=\"elementor-section elementor-top-section elementor-element elementor-element-b6dbcdf elementor-section-boxed elementor-section-height-default elementor-section-height-default\" data-id=\"b6dbcdf\" data-element_type=\"section\" data-e-type=\"section\">\n\t\t\t\t\t\t<div class=\"elementor-container elementor-column-gap-default\">\n\t\t\t\t\t<div class=\"elementor-column elementor-col-100 elementor-top-column elementor-element elementor-element-c6c56b2\" data-id=\"c6c56b2\" data-element_type=\"column\" data-e-type=\"column\">\n\t\t\t<div class=\"elementor-widget-wrap elementor-element-populated\">\n\t\t\t\t\t\t<div class=\"elementor-element elementor-element-012c50e elementor-widget elementor-widget-text-editor\" data-id=\"012c50e\" data-element_type=\"widget\" data-e-type=\"widget\" data-widget_type=\"text-editor.default\">\n\t\t\t\t<div class=\"elementor-widget-container\">\n\t\t\t\t\t\t\t\t\t<p class=\"MsoNormal\" style=\"margin-bottom: 0cm; text-align: justify; line-height: normal; tab-stops: 27.0pt;\"><span style=\"font-size: 10.0pt; font-family: 'Arial Narrow',sans-serif;\">La informaci\u00f3n contenida en este documento no constituye ni pretende constituir asesor\u00eda o asistencia legal directa o indirecta de ninguna especie, ni establece ning\u00fan tipo de relaci\u00f3n profesional. Asimismo, tampoco pretende hacer publicidad de los servicios prestados por nuestra firma ni por ninguno de sus abogados. El \u00fanico prop\u00f3sito es dar informaci\u00f3n de car\u00e1cter general respecto de temas que pueden ser de inter\u00e9s para los clientes y amigos de nuestra firma. Este informativo, as\u00ed como otros informes generales y art\u00edculos de inter\u00e9s preparados por los abogados del Estudio podr\u00e1n encontrarse en nuestra p\u00e1gina web: <\/span><a href=\"http:\/\/localhost\/wordpress.pe\/\" target=\"_blank\" rel=\"noopener\"><span style=\"font-size: 10.0pt; font-family: 'Arial Narrow',sans-serif; color: blue;\">www.garciasayan.com.pe<\/span><\/a><\/p>\t\t\t\t\t\t\t\t<\/div>\n\t\t\t\t<\/div>\n\t\t\t\t\t<\/div>\n\t\t<\/div>\n\t\t\t\t\t<\/div>\n\t\t<\/section>\n\t\t\t\t<\/div>\n\t\t","protected":false},"excerpt":{"rendered":"<p>Con fecha 2 de septiembre de 2020, se ha promulgado la Ley N\u00ba31041, Ley de Urgencia M\u00e9dica para la Atenci\u00f3n Oportuna y Atenci\u00f3n Integral del C\u00e1ncer del Ni\u00f1o y del Adolescente. Esta ley, modifica los art\u00edculos 1\u00ba y 2\u00ba de la Ley N\u00ba 30012, por la cual se concede el derecho de licencia a trabajadores [&hellip;]<\/p>\n","protected":false},"author":5,"featured_media":9524,"comment_status":"closed","ping_status":"open","sticky":false,"template":"","format":"standard","meta":{"nf_dc_page":"","content-type":"","footnotes":""},"categories":[90,83,37],"class_list":["post-12108","post","type-post","status-publish","format-standard","has-post-thumbnail","hentry","category-boletin-informativo","category-covid-19","category-laboral"],"_links":{"self":[{"href":"https:\/\/gsalegal.pe\/en\/wp-json\/wp\/v2\/posts\/12108","targetHints":{"allow":["GET"]}}],"collection":[{"href":"https:\/\/gsalegal.pe\/en\/wp-json\/wp\/v2\/posts"}],"about":[{"href":"https:\/\/gsalegal.pe\/en\/wp-json\/wp\/v2\/types\/post"}],"author":[{"embeddable":true,"href":"https:\/\/gsalegal.pe\/en\/wp-json\/wp\/v2\/users\/5"}],"replies":[{"embeddable":true,"href":"https:\/\/gsalegal.pe\/en\/wp-json\/wp\/v2\/comments?post=12108"}],"version-history":[{"count":0,"href":"https:\/\/gsalegal.pe\/en\/wp-json\/wp\/v2\/posts\/12108\/revisions"}],"wp:featuredmedia":[{"embeddable":true,"href":"https:\/\/gsalegal.pe\/en\/wp-json\/"}],"wp:attachment":[{"href":"https:\/\/gsalegal.pe\/en\/wp-json\/wp\/v2\/media?parent=12108"}],"wp:term":[{"taxonomy":"category","embeddable":true,"href":"https:\/\/gsalegal.pe\/en\/wp-json\/wp\/v2\/categories?post=12108"}],"curies":[{"name":"wp","href":"https:\/\/api.w.org\/{rel}","templated":true}]}}