{"id":12139,"date":"2020-09-11T16:34:22","date_gmt":"2020-09-11T21:34:22","guid":{"rendered":"http:\/\/localhost\/wordpress\/?p=12139"},"modified":"2020-09-11T16:34:22","modified_gmt":"2020-09-11T21:34:22","slug":"oefa-reglamento-para-la-elaboracion-administracion-y-actualizacion-del-inventario-nacional-de-areas-degradadas-por-residuos-solidos-municipales","status":"publish","type":"post","link":"https:\/\/gsalegal.pe\/en\/oefa-reglamento-para-la-elaboracion-administracion-y-actualizacion-del-inventario-nacional-de-areas-degradadas-por-residuos-solidos-municipales\/","title":{"rendered":"OEFA: Reglamento para la elaboraci\u00f3n, administraci\u00f3n y actualizaci\u00f3n del Inventario Nacional de \u00c1reas Degradadas por Residuos S\u00f3lidos Municipales"},"content":{"rendered":"\t\t<div data-elementor-type=\"wp-post\" data-elementor-id=\"12139\" class=\"elementor elementor-12139\">\n\t\t\t\t\t\t<section class=\"elementor-section elementor-top-section elementor-element elementor-element-c642cdd elementor-section-boxed elementor-section-height-default elementor-section-height-default\" data-id=\"c642cdd\" data-element_type=\"section\" data-e-type=\"section\">\n\t\t\t\t\t\t<div class=\"elementor-container elementor-column-gap-default\">\n\t\t\t\t\t<div class=\"elementor-column elementor-col-100 elementor-top-column elementor-element elementor-element-36009fa\" data-id=\"36009fa\" data-element_type=\"column\" data-e-type=\"column\">\n\t\t\t<div class=\"elementor-widget-wrap elementor-element-populated\">\n\t\t\t\t\t\t<div class=\"elementor-element elementor-element-e0978c2 elementor-widget elementor-widget-text-editor\" data-id=\"e0978c2\" data-element_type=\"widget\" data-e-type=\"widget\" data-widget_type=\"text-editor.default\">\n\t\t\t\t<div class=\"elementor-widget-container\">\n\t\t\t\t\t\t\t\t\t<p class=\"literal\" style=\"margin: 0cm 0cm 7.5pt; text-align: justify; line-height: 115%; background-image: initial; background-position: initial; background-size: initial; background-repeat: initial; background-attachment: initial; background-origin: initial; background-clip: initial;\"><span style=\"font-size: 11.0pt; line-height: 115%; font-family: 'Arial Narrow',sans-serif; mso-bidi-font-family: Arial; color: black;\">El 11 de septiembre de 2020, el Organismo de Evaluaci\u00f3n y Fiscalizaci\u00f3n Ambiental (en adelante, \u201cel OEFA\u201d), a trav\u00e9s de la Resoluci\u00f3n <\/span><span style=\"font-size: 11.0pt; line-height: 115%; font-family: 'Arial Narrow',sans-serif; color: black; mso-color-alt: windowtext;\">del Consejo Directivo N\u00b0 00015-2020-OEFA\/CD, aprob\u00f3 el \u201cReglamento para la elaboraci\u00f3n, administraci\u00f3n y actualizaci\u00f3n del Inventario Nacional de \u00c1reas Degradadas por Residuos S\u00f3lidos Municipales\u201d y modific\u00f3 la Resoluci\u00f3n del Consejo Directivo N\u00b0 026-2018-OEFA\/CD. En relaci\u00f3n al Reglamento, cabe resaltar los siguientes puntos: <\/span><\/p><p>\u00a0<\/p><table class=\"MsoTableGrid\" style=\"border-collapse: collapse; border: none; mso-border-alt: solid windowtext .5pt; mso-yfti-tbllook: 1184; mso-padding-alt: 0cm 5.4pt 0cm 5.4pt;\" border=\"1\" cellspacing=\"0\" cellpadding=\"0\"><tbody><tr style=\"mso-yfti-irow: 0; mso-yfti-firstrow: yes; height: 46.4pt;\"><td style=\"width: 56.45pt; border-width: 1pt; border-top-style: solid; border-right-style: solid; border-left-style: solid; border-color: windowtext; border-image: initial; background: #f2f2f2; padding: 0cm 5.4pt; height: 46.4pt;\" width=\"75\"><p class=\"literal\" style=\"margin: 0cm; text-align: center; line-height: 115%;\" align=\"center\"><span style=\"font-size: 11.0pt; line-height: 115%; font-family: 'Arial Narrow',sans-serif;\">Objeto<\/span><\/p><\/td><td style=\"width: 378.35pt; border-top: 1pt solid windowtext; border-right: 1pt solid windowtext; border-bottom-width: 1pt; border-bottom-color: windowtext; border-image: initial; border-left: none; padding: 0cm 5.4pt; height: 46.4pt;\" valign=\"top\" width=\"504\"><p class=\"literal\" style=\"margin: 0cm; text-align: justify; line-height: 115%;\"><span style=\"font-size: 11.0pt; line-height: 115%; font-family: 'Arial Narrow',sans-serif;\">Establecer disposiciones para la elaboraci\u00f3n, administraci\u00f3n y actualizaci\u00f3n del Inventario Nacional de \u00c1reas Degradadas por Residuos S\u00f3lidos Municipales, aprobado a trav\u00e9s de la Resoluci\u00f3n del Consejo Directivo N\u00b0 026- 2018-OEFA\/CD.<\/span><\/p><\/td><\/tr><tr style=\"mso-yfti-irow: 1; height: 20.9pt;\"><td style=\"width: 56.45pt; border-right: 1pt solid windowtext; border-bottom-width: 1pt; border-left: 1pt solid windowtext; border-bottom-color: windowtext; border-image: initial; border-top: none; background: #f2f2f2; padding: 0cm 5.4pt; height: 20.9pt;\" width=\"75\"><p class=\"literal\" style=\"margin: 0cm; text-align: center; line-height: 115%;\" align=\"center\"><span style=\"font-size: 11.0pt; line-height: 115%; font-family: 'Arial Narrow',sans-serif; color: black; mso-color-alt: windowtext;\">\u00c1mbito de aplicaci\u00f3n<\/span><\/p><\/td><td style=\"width: 378.35pt; border-top: none; border-left: none; border-bottom-width: 1pt; border-bottom-color: windowtext; border-right: 1pt solid windowtext; padding: 0cm 5.4pt; height: 20.9pt;\" valign=\"top\" width=\"504\"><p class=\"literal\" style=\"margin: 0cm; text-align: justify; line-height: 115%;\"><span style=\"font-size: 11.0pt; line-height: 115%; font-family: 'Arial Narrow',sans-serif;\">Es de cumplimiento para los \u00f3rganos, unidades org\u00e1nicas, coordinaciones, oficinas desconcentradas y de enlace del OEFA. <\/span><\/p><\/td><\/tr><tr style=\"mso-yfti-irow: 2; height: 56.45pt;\"><td style=\"width: 56.45pt; border-right: 1pt solid windowtext; border-bottom-width: 1pt; border-left: 1pt solid windowtext; border-bottom-color: windowtext; border-image: initial; border-top: none; background: #f2f2f2; padding: 0cm 5.4pt; height: 56.45pt;\" width=\"75\"><p class=\"literal\" style=\"margin: 0cm; text-align: center; line-height: 115%;\" align=\"center\"><span style=\"font-size: 11.0pt; line-height: 115%; font-family: 'Arial Narrow',sans-serif; color: black; mso-color-alt: windowtext;\">De la elaboraci\u00f3n y administraci\u00f3n del Inventario<\/span><\/p><\/td><td style=\"width: 378.35pt; border-top: none; border-left: none; border-bottom-width: 1pt; border-bottom-color: windowtext; border-right: 1pt solid windowtext; padding: 0cm 5.4pt; height: 56.45pt;\" valign=\"top\" width=\"504\"><p class=\"literal\" style=\"margin: 0cm; text-align: justify; line-height: 115%;\"><span style=\"font-size: 11.0pt; line-height: 115%; font-family: 'Arial Narrow',sans-serif;\">Est\u00e1 a cargo de la Direcci\u00f3n de Supervisi\u00f3n Ambiental en Infraestructura y Servicios (DSIS) e incluye las siguientes acciones:<\/span><\/p><p class=\"literal\" style=\"margin: 0cm; text-align: justify; line-height: 115%;\"><span style=\"font-size: 11.0pt; line-height: 115%; font-family: 'Arial Narrow',sans-serif;\">i) Sistematizar la informaci\u00f3n, para el Inventario Nacional de \u00c1reas Degradadas por Residuos S\u00f3lidos Municipales, proveniente de i) acciones de supervisi\u00f3n, ii) informaci\u00f3n proporcionada por los Gobiernos Regionales y Municipalidades, iii) otras fuentes como denuncias ambientales.<\/span><\/p><p class=\"literal\" style=\"margin: 0cm; text-align: justify; line-height: 115%;\"><span style=\"font-size: 11.0pt; line-height: 115%; font-family: 'Arial Narrow',sans-serif;\">ii) Categorizar las \u00c1reas Degradadas, para recuperaci\u00f3n o reconversi\u00f3n, de acuerdo a los criterios establecidos por el Ministerio del Ambiente \u2013 MINAM<\/span><\/p><p class=\"literal\" style=\"margin: 0cm; text-align: justify; line-height: 115%;\"><span style=\"font-size: 11.0pt; line-height: 115%; font-family: 'Arial Narrow',sans-serif;\">&#8211; Las \u00e1reas categorizadas para Recuperaci\u00f3n son aquellas que no cumplen con los criterios dispuestos por el Reglamento del Decreto Legislativo N\u00b0 1278 para su reconversi\u00f3n en infraestructura autorizada de disposici\u00f3n final de residuos s\u00f3lidos municipales.<\/span><\/p><\/td><\/tr><tr style=\"mso-yfti-irow: 3; mso-yfti-lastrow: yes; height: 56.45pt;\"><td style=\"width: 56.45pt; border-right: 1pt solid windowtext; border-bottom-width: 1pt; border-left: 1pt solid windowtext; border-bottom-color: windowtext; border-image: initial; border-top: none; background: #f2f2f2; padding: 0cm 5.4pt; height: 56.45pt;\" width=\"75\"><p class=\"literal\" style=\"margin: 0cm; text-align: center; line-height: 115%;\" align=\"center\"><span style=\"font-size: 11.0pt; line-height: 115%; font-family: 'Arial Narrow',sans-serif; color: black; mso-color-alt: windowtext;\">De la informaci\u00f3n m\u00ednima en el Inventario<\/span><\/p><\/td><td style=\"width: 378.35pt; border-top: none; border-left: none; border-bottom-width: 1pt; border-bottom-color: windowtext; border-right: 1pt solid windowtext; padding: 0cm 5.4pt; height: 56.45pt;\" valign=\"top\" width=\"504\"><p class=\"literal\" style=\"margin: 0cm; text-align: justify; line-height: 115%;\"><span style=\"font-size: 11.0pt; line-height: 115%; font-family: 'Arial Narrow',sans-serif;\">El Inventario Nacional de \u00c1reas Degradadas por Residuos S\u00f3lidos Municipales contiene la siguiente informaci\u00f3n: i) ubicaci\u00f3n, ii) municipalidades (aquella que administra el \u00e1rea degradada, aquella que dispone de sus residuos s\u00f3lidos), iii) denominaci\u00f3n, iv) extensi\u00f3n, v) infraestructura para la disposici\u00f3n final, vi) terreno, vii) documentos (expediente t\u00e9cnico, instrumento de gesti\u00f3n ambiental), viii) categor\u00eda.<\/span><\/p><p class=\"literal\" style=\"margin: 0cm; text-align: justify; line-height: 115%;\"><span style=\"font-size: 11.0pt; line-height: 115%; font-family: 'Arial Narrow',sans-serif;\">Se incluir\u00e1 informaci\u00f3n complementaria relacionada a las caracter\u00edsticas del \u00c1rea, tales como Tiempo de actividad el \u00e1rea degradada o la Cantidad de residuos que se disponen diariamente, y fotograf\u00edas. <\/span><\/p><\/td><\/tr><\/tbody><\/table>\t\t\t\t\t\t\t\t<\/div>\n\t\t\t\t<\/div>\n\t\t\t\t\t<\/div>\n\t\t<\/div>\n\t\t\t\t\t<\/div>\n\t\t<\/section>\n\t\t\t\t<section class=\"elementor-section elementor-top-section elementor-element elementor-element-e181b06 elementor-section-boxed elementor-section-height-default elementor-section-height-default\" data-id=\"e181b06\" data-element_type=\"section\" data-e-type=\"section\">\n\t\t\t\t\t\t<div class=\"elementor-container elementor-column-gap-default\">\n\t\t\t\t\t<div class=\"elementor-column elementor-col-100 elementor-top-column elementor-element elementor-element-92c65b2\" data-id=\"92c65b2\" data-element_type=\"column\" data-e-type=\"column\">\n\t\t\t<div class=\"elementor-widget-wrap elementor-element-populated\">\n\t\t\t\t\t\t<div class=\"elementor-element elementor-element-dc16455 elementor-widget-divider--view-line elementor-widget elementor-widget-divider\" data-id=\"dc16455\" data-element_type=\"widget\" data-e-type=\"widget\" data-widget_type=\"divider.default\">\n\t\t\t\t<div class=\"elementor-widget-container\">\n\t\t\t\t\t\t\t<div class=\"elementor-divider\">\n\t\t\t<span class=\"elementor-divider-separator\">\n\t\t\t\t\t\t<\/span>\n\t\t<\/div>\n\t\t\t\t\t\t<\/div>\n\t\t\t\t<\/div>\n\t\t\t\t\t<\/div>\n\t\t<\/div>\n\t\t\t\t\t<\/div>\n\t\t<\/section>\n\t\t\t\t<section class=\"elementor-section elementor-top-section elementor-element elementor-element-6efc484 elementor-section-boxed elementor-section-height-default elementor-section-height-default\" data-id=\"6efc484\" data-element_type=\"section\" data-e-type=\"section\">\n\t\t\t\t\t\t<div class=\"elementor-container elementor-column-gap-default\">\n\t\t\t\t\t<div class=\"elementor-column elementor-col-100 elementor-top-column elementor-element elementor-element-781e279\" data-id=\"781e279\" data-element_type=\"column\" data-e-type=\"column\">\n\t\t\t<div class=\"elementor-widget-wrap elementor-element-populated\">\n\t\t\t\t\t\t<div class=\"elementor-element elementor-element-23a60c6 elementor-widget elementor-widget-text-editor\" data-id=\"23a60c6\" data-element_type=\"widget\" data-e-type=\"widget\" data-widget_type=\"text-editor.default\">\n\t\t\t\t<div class=\"elementor-widget-container\">\n\t\t\t\t\t\t\t\t\t<p>Para m\u00e1s informaci\u00f3n sobre los temas tratados contactarse con los abogados de nuestra \u00c1rea de Recursos Naturales y Medio Ambiente:<\/p><p>Jos\u00e9 Miguel Morales Dasso, Alberto Varillas Cueto, Edgardo Portaro van Oordt, Felipe Del \u00c1guila, Samantha Boy Roca y Jos\u00e9 Castillo.<\/p>\t\t\t\t\t\t\t\t<\/div>\n\t\t\t\t<\/div>\n\t\t\t\t\t<\/div>\n\t\t<\/div>\n\t\t\t\t\t<\/div>\n\t\t<\/section>\n\t\t\t\t<section class=\"elementor-section elementor-top-section elementor-element elementor-element-6344567 elementor-section-boxed elementor-section-height-default elementor-section-height-default\" data-id=\"6344567\" data-element_type=\"section\" data-e-type=\"section\">\n\t\t\t\t\t\t<div class=\"elementor-container elementor-column-gap-default\">\n\t\t\t\t\t<div class=\"elementor-column elementor-col-100 elementor-top-column elementor-element elementor-element-0807d49\" data-id=\"0807d49\" data-element_type=\"column\" data-e-type=\"column\">\n\t\t\t<div class=\"elementor-widget-wrap elementor-element-populated\">\n\t\t\t\t\t\t<div class=\"elementor-element elementor-element-a20c639 elementor-widget-divider--view-line elementor-widget elementor-widget-divider\" data-id=\"a20c639\" data-element_type=\"widget\" data-e-type=\"widget\" data-widget_type=\"divider.default\">\n\t\t\t\t<div class=\"elementor-widget-container\">\n\t\t\t\t\t\t\t<div class=\"elementor-divider\">\n\t\t\t<span class=\"elementor-divider-separator\">\n\t\t\t\t\t\t<\/span>\n\t\t<\/div>\n\t\t\t\t\t\t<\/div>\n\t\t\t\t<\/div>\n\t\t\t\t\t<\/div>\n\t\t<\/div>\n\t\t\t\t\t<\/div>\n\t\t<\/section>\n\t\t\t\t<section class=\"elementor-section elementor-top-section elementor-element elementor-element-83e7b42 elementor-section-boxed elementor-section-height-default elementor-section-height-default\" data-id=\"83e7b42\" data-element_type=\"section\" data-e-type=\"section\">\n\t\t\t\t\t\t<div class=\"elementor-container elementor-column-gap-default\">\n\t\t\t\t\t<div class=\"elementor-column elementor-col-100 elementor-top-column elementor-element elementor-element-dee5b58\" data-id=\"dee5b58\" data-element_type=\"column\" data-e-type=\"column\">\n\t\t\t<div class=\"elementor-widget-wrap elementor-element-populated\">\n\t\t\t\t\t\t<div class=\"elementor-element elementor-element-288db2e elementor-widget elementor-widget-text-editor\" data-id=\"288db2e\" data-element_type=\"widget\" data-e-type=\"widget\" data-widget_type=\"text-editor.default\">\n\t\t\t\t<div class=\"elementor-widget-container\">\n\t\t\t\t\t\t\t\t\t<p class=\"MsoNormal\" style=\"margin-bottom:0cm;text-align:justify;line-height:\nnormal;mso-layout-grid-align:none;text-autospace:none\"><span style=\"font-family:\n&quot;Arial Narrow&quot;,sans-serif;mso-bidi-font-family:ArialNarrow;color:#818181\">La\ninformaci\u00f3n contenida en este documento no constituye ni pretende constituir\nasesor\u00eda o asistencia legal directa o indirecta de ninguna especie, ni\nestablece ning\u00fan tipo de relaci\u00f3n profesional.<o:p><\/o:p><\/span><\/p><p>\n\n<\/p><p class=\"MsoNormal\" style=\"margin-bottom:0cm;text-align:justify;line-height:\nnormal;mso-layout-grid-align:none;text-autospace:none\"><span style=\"font-family:\n&quot;Arial Narrow&quot;,sans-serif;mso-bidi-font-family:ArialNarrow;color:#818181\">Asimismo,\ntampoco pretende hacer publicidad de los servicios prestados por nuestra firma\nni por ninguno de sus abogados. El \u00fanico prop\u00f3sito es dar informaci\u00f3n de\ncar\u00e1cter general respecto de temas que pueden ser de inter\u00e9s para los clientes\ny amigos de nuestra firma. Este informativo, as\u00ed como otros informes generales\ny art\u00edculos de inter\u00e9s preparados por los abogados del Estudio podr\u00e1n\nencontrarse en nuestra p\u00e1gina web: www.garciasayan.com.pe<\/span><o:p><\/o:p><\/p>\t\t\t\t\t\t\t\t<\/div>\n\t\t\t\t<\/div>\n\t\t\t\t\t<\/div>\n\t\t<\/div>\n\t\t\t\t\t<\/div>\n\t\t<\/section>\n\t\t\t\t<\/div>\n\t\t","protected":false},"excerpt":{"rendered":"<p>El 11 de septiembre de 2020, el Organismo de Evaluaci\u00f3n y Fiscalizaci\u00f3n Ambiental (en adelante, \u201cel OEFA\u201d), a trav\u00e9s de la Resoluci\u00f3n del Consejo Directivo N\u00b0 00015-2020-OEFA\/CD, aprob\u00f3 el \u201cReglamento para la elaboraci\u00f3n, administraci\u00f3n y actualizaci\u00f3n del Inventario Nacional de \u00c1reas Degradadas por Residuos S\u00f3lidos Municipales\u201d y modific\u00f3 la Resoluci\u00f3n del Consejo Directivo N\u00b0 026-2018-OEFA\/CD. [&hellip;]<\/p>\n","protected":false},"author":5,"featured_media":9659,"comment_status":"closed","ping_status":"open","sticky":false,"template":"","format":"standard","meta":{"nf_dc_page":"","content-type":"","footnotes":""},"categories":[90,83,79],"class_list":["post-12139","post","type-post","status-publish","format-standard","has-post-thumbnail","hentry","category-boletin-informativo","category-covid-19","category-recursos-naturales"],"_links":{"self":[{"href":"https:\/\/gsalegal.pe\/en\/wp-json\/wp\/v2\/posts\/12139","targetHints":{"allow":["GET"]}}],"collection":[{"href":"https:\/\/gsalegal.pe\/en\/wp-json\/wp\/v2\/posts"}],"about":[{"href":"https:\/\/gsalegal.pe\/en\/wp-json\/wp\/v2\/types\/post"}],"author":[{"embeddable":true,"href":"https:\/\/gsalegal.pe\/en\/wp-json\/wp\/v2\/users\/5"}],"replies":[{"embeddable":true,"href":"https:\/\/gsalegal.pe\/en\/wp-json\/wp\/v2\/comments?post=12139"}],"version-history":[{"count":0,"href":"https:\/\/gsalegal.pe\/en\/wp-json\/wp\/v2\/posts\/12139\/revisions"}],"wp:featuredmedia":[{"embeddable":true,"href":"https:\/\/gsalegal.pe\/en\/wp-json\/"}],"wp:attachment":[{"href":"https:\/\/gsalegal.pe\/en\/wp-json\/wp\/v2\/media?parent=12139"}],"wp:term":[{"taxonomy":"category","embeddable":true,"href":"https:\/\/gsalegal.pe\/en\/wp-json\/wp\/v2\/categories?post=12139"}],"curies":[{"name":"wp","href":"https:\/\/api.w.org\/{rel}","templated":true}]}}