{"id":12152,"date":"2020-09-17T12:23:56","date_gmt":"2020-09-17T17:23:56","guid":{"rendered":"http:\/\/localhost\/wordpress\/?p=12152"},"modified":"2020-09-17T12:23:56","modified_gmt":"2020-09-17T17:23:56","slug":"disposiciones-para-el-procedimiento-de-autorizacion-de-funcionamiento-de-la-concesion-de-beneficio-y-de-su-modificacion-en-el-marco-de-la-emergencia-sanitaria","status":"publish","type":"post","link":"https:\/\/gsalegal.pe\/en\/disposiciones-para-el-procedimiento-de-autorizacion-de-funcionamiento-de-la-concesion-de-beneficio-y-de-su-modificacion-en-el-marco-de-la-emergencia-sanitaria\/","title":{"rendered":"Disposiciones para el procedimiento de autorizaci\u00f3n de funcionamiento de la concesi\u00f3n de beneficio y de su modificaci\u00f3n en el marco de la Emergencia Sanitaria"},"content":{"rendered":"\t\t<div data-elementor-type=\"wp-post\" data-elementor-id=\"12152\" class=\"elementor elementor-12152\">\n\t\t\t\t\t\t<section class=\"elementor-section elementor-top-section elementor-element elementor-element-d5d7e1d elementor-section-boxed elementor-section-height-default elementor-section-height-default\" data-id=\"d5d7e1d\" data-element_type=\"section\" data-e-type=\"section\">\n\t\t\t\t\t\t<div class=\"elementor-container elementor-column-gap-default\">\n\t\t\t\t\t<div class=\"elementor-column elementor-col-100 elementor-top-column elementor-element elementor-element-3258a72\" data-id=\"3258a72\" data-element_type=\"column\" data-e-type=\"column\">\n\t\t\t<div class=\"elementor-widget-wrap elementor-element-populated\">\n\t\t\t\t\t\t<div class=\"elementor-element elementor-element-2eaba79 elementor-widget elementor-widget-text-editor\" data-id=\"2eaba79\" data-element_type=\"widget\" data-e-type=\"widget\" data-widget_type=\"text-editor.default\">\n\t\t\t\t<div class=\"elementor-widget-container\">\n\t\t\t\t\t\t\t\t\t<p class=\"MsoNormal\" style=\"text-align: justify;\"><span style=\"font-family: 'Arial Narrow',sans-serif; mso-bidi-font-family: Arial; color: black;\">El 16 de septiembre de 2020, a trav\u00e9s del Decreto Supremo <\/span><span style=\"font-family: 'Arial Narrow',sans-serif;\">N\u00b0 024-2020-EM, se public\u00f3 las \u201cDisposiciones para el procedimiento de autorizaci\u00f3n de funcionamiento de la concesi\u00f3n de beneficio y de su modificaci\u00f3n en el marco de la Emergencia Sanitaria\u201d. De dicha norma caben resaltar los siguientes puntos:<\/span><\/p><p>\u00a0<\/p><table class=\"MsoTableGrid\" style=\"border-collapse: collapse; border: none; mso-border-alt: solid windowtext .5pt; mso-yfti-tbllook: 1184; mso-table-lspace: 7.05pt; margin-left: 4.8pt; mso-table-rspace: 7.05pt; margin-right: 4.8pt; mso-table-anchor-vertical: paragraph; mso-table-anchor-horizontal: margin; mso-table-left: left; mso-table-top: .35pt; mso-padding-alt: 0cm 5.4pt 0cm 5.4pt;\" border=\"1\" cellspacing=\"0\" cellpadding=\"0\" align=\"left\"><tbody><tr><td style=\"width: 63.55pt; border-width: 1pt; border-top-style: solid; border-right-style: solid; border-left-style: solid; border-color: windowtext; border-image: initial; background: #f2f2f2; padding: 0cm 5.4pt;\" width=\"85\"><p class=\"literal\" style=\"margin: 0cm; text-align: center; mso-element: frame; mso-element-frame-hspace: 7.05pt; mso-element-wrap: around; mso-element-anchor-vertical: paragraph; mso-element-anchor-horizontal: margin; mso-element-top: .35pt; mso-height-rule: exactly;\" align=\"center\"><span style=\"font-size: 11.0pt; font-family: 'Arial Narrow',sans-serif;\">Objeto<\/span><\/p><\/td><td style=\"width: 377.85pt; border-top: 1pt solid windowtext; border-right: 1pt solid windowtext; border-bottom-width: 1pt; border-bottom-color: windowtext; border-image: initial; border-left: none; padding: 0cm 5.4pt;\" valign=\"top\" width=\"504\"><p class=\"literal\" style=\"margin: 0cm; text-align: justify; mso-element: frame; mso-element-frame-hspace: 7.05pt; mso-element-wrap: around; mso-element-anchor-vertical: paragraph; mso-element-anchor-horizontal: margin; mso-element-top: .35pt; mso-height-rule: exactly;\"><span style=\"font-size: 11.0pt; font-family: 'Arial Narrow',sans-serif;\">Establecer disposiciones de car\u00e1cter excepcional para el procedimiento de autorizaci\u00f3n de funcionamiento de la concesi\u00f3n de beneficio y de su modificaci\u00f3n; en tanto se encuentre en vigencia la Emergencia Sanitaria a nivel nacional. <\/span><\/p><\/td><\/tr><tr style=\"mso-yfti-irow: 1; height: 241.8pt;\"><td style=\"width: 63.55pt; border-right: 1pt solid windowtext; border-bottom-width: 1pt; border-left: 1pt solid windowtext; border-bottom-color: windowtext; border-image: initial; border-top: none; background: #f2f2f2; padding: 0cm 5.4pt; height: 241.8pt;\" width=\"85\"><p class=\"literal\" style=\"margin: 0cm; text-align: center; mso-element: frame; mso-element-frame-hspace: 7.05pt; mso-element-wrap: around; mso-element-anchor-vertical: paragraph; mso-element-anchor-horizontal: margin; mso-element-top: .35pt; mso-height-rule: exactly;\" align=\"center\"><span style=\"font-size: 11.0pt; font-family: 'Arial Narrow',sans-serif; color: black; mso-color-alt: windowtext;\">Disposiciones<\/span><\/p><p class=\"literal\" style=\"margin-bottom: 0cm; text-align: center; mso-element: frame; mso-element-frame-hspace: 7.05pt; mso-element-wrap: around; mso-element-anchor-vertical: paragraph; mso-element-anchor-horizontal: margin; mso-element-top: .35pt; mso-height-rule: exactly;\" align=\"center\"><span style=\"font-size: 11.0pt; font-family: 'Arial Narrow',sans-serif;\">\u00a0<\/span><\/p><\/td><td style=\"width: 377.85pt; border-top: none; border-left: none; border-bottom-width: 1pt; border-bottom-color: windowtext; border-right: 1pt solid windowtext; padding: 0cm 5.4pt; height: 241.8pt;\" valign=\"top\" width=\"504\"><p class=\"literal\" style=\"margin: 0cm; text-align: justify; mso-element: frame; mso-element-frame-hspace: 7.05pt; mso-element-wrap: around; mso-element-anchor-vertical: paragraph; mso-element-anchor-horizontal: margin; mso-element-top: .35pt; mso-height-rule: exactly;\"><span style=\"font-size: 11.0pt; font-family: 'Arial Narrow',sans-serif;\">&#8211; El titular de una concesi\u00f3n de beneficio solicita a la Direcci\u00f3n General de Miner\u00eda (DGM) o Gobierno Regional la autorizaci\u00f3n de funcionamiento de la concesi\u00f3n de beneficio, comunicando la culminaci\u00f3n de las obras de construcci\u00f3n e instalaci\u00f3n de los componentes de la concesi\u00f3n de beneficio otorgada o de la modificaci\u00f3n aprobada, as\u00ed tambi\u00e9n la ejecuci\u00f3n de pruebas pre operativas\/comisionamiento, a trav\u00e9s del formulario electr\u00f3nico v\u00eda extranet del portal web del Ministerio, con los requisitos exigidos en el Reglamento de Procedimientos Mineros, Decreto Supremo N\u00b0 020-2020- EM.<\/span><\/p><p class=\"literal\" style=\"margin: 0cm; text-align: justify; mso-element: frame; mso-element-frame-hspace: 7.05pt; mso-element-wrap: around; mso-element-anchor-vertical: paragraph; mso-element-anchor-horizontal: margin; mso-element-top: .35pt; mso-height-rule: exactly;\"><span style=\"font-size: 11.0pt; font-family: 'Arial Narrow',sans-serif;\">&#8211; Recibida la solicitud, la DGM o Gobierno Regional elabora y aprueba los T\u00e9rminos de Referencia mediante Resoluci\u00f3n Directoral, y notifica al titular en el plazo de diez (10) d\u00edas.<\/span><\/p><p class=\"MsoNormal\" style=\"margin-bottom: 0cm; text-align: justify; line-height: normal; mso-layout-grid-align: none; text-autospace: none; mso-element: frame; mso-element-frame-hspace: 7.05pt; mso-element-wrap: around; mso-element-anchor-vertical: paragraph; mso-element-anchor-horizontal: margin; mso-element-top: .35pt; mso-height-rule: exactly;\"><span style=\"font-family: 'Arial Narrow',sans-serif; mso-bidi-font-family: ArialMT;\">&#8211; El titular presenta v\u00eda extranet, dentro de los diez (10) d\u00edas h\u00e1biles siguientes de la fecha de notificaci\u00f3n de los T\u00e9rminos de Referencia, una Declaraci\u00f3n Jurada (DJ) de verificaci\u00f3n y la ejecuci\u00f3n de pruebas pre operativas\/comisionamiento, las cuales deben encontrarse conforme a la autorizaci\u00f3n de construcci\u00f3n y a los T\u00e9rminos de Referencia aprobados.<\/span><\/p><p class=\"MsoNormal\" style=\"margin-bottom: 0cm; text-align: justify; line-height: normal; mso-layout-grid-align: none; text-autospace: none; mso-element: frame; mso-element-frame-hspace: 7.05pt; mso-element-wrap: around; mso-element-anchor-vertical: paragraph; mso-element-anchor-horizontal: margin; mso-element-top: .35pt; mso-height-rule: exactly;\"><span style=\"font-family: 'Arial Narrow',sans-serif; mso-bidi-font-family: ArialMT;\">&#8211; La DGM o Gobierno Regional procede a la evaluaci\u00f3n de los documentos presentados, a fin de determinar diferencias\/ cambios significativos\/ajustes entre la ingenier\u00eda aprobada en la autorizaci\u00f3n de construcci\u00f3n y lo construido.<\/span><\/p><p class=\"MsoNormal\" style=\"margin-bottom: 0cm; text-align: justify; line-height: normal; mso-layout-grid-align: none; text-autospace: none; mso-element: frame; mso-element-frame-hspace: 7.05pt; mso-element-wrap: around; mso-element-anchor-vertical: paragraph; mso-element-anchor-horizontal: margin; mso-element-top: .35pt; mso-height-rule: exactly;\"><span style=\"font-family: 'Arial Narrow',sans-serif; mso-bidi-font-family: ArialMT;\">&#8211; El procedimiento de autorizaci\u00f3n de funcionamiento de concesi\u00f3n de beneficio es de evaluaci\u00f3n previa, tiene un plazo m\u00e1ximo de evaluaci\u00f3n de treinta (30) d\u00edas h\u00e1biles, sujeto al silencio administrativo positivo.<\/span><\/p><\/td><\/tr><tr style=\"mso-yfti-irow: 2; mso-yfti-lastrow: yes; height: 52.1pt;\"><td style=\"width: 63.55pt; border-right: 1pt solid windowtext; border-bottom-width: 1pt; border-left: 1pt solid windowtext; border-bottom-color: windowtext; border-image: initial; border-top: none; background: #f2f2f2; padding: 0cm 5.4pt; height: 52.1pt;\" width=\"85\"><p class=\"literal\" style=\"margin: 0cm; text-align: center; mso-element: frame; mso-element-frame-hspace: 7.05pt; mso-element-wrap: around; mso-element-anchor-vertical: paragraph; mso-element-anchor-horizontal: margin; mso-element-top: .35pt; mso-height-rule: exactly;\" align=\"center\"><span style=\"font-size: 11.0pt; font-family: 'Arial Narrow',sans-serif; color: black; mso-color-alt: windowtext;\">Procedimientos en tr\u00e1mite<\/span><\/p><\/td><td style=\"width: 377.85pt; border-top: none; border-left: none; border-bottom-width: 1pt; border-bottom-color: windowtext; border-right: 1pt solid windowtext; padding: 0cm 5.4pt; height: 52.1pt;\" valign=\"top\" width=\"504\"><p class=\"MsoNormal\" style=\"margin-bottom: 0cm; text-align: justify; line-height: normal; mso-layout-grid-align: none; text-autospace: none; mso-element: frame; mso-element-frame-hspace: 7.05pt; mso-element-wrap: around; mso-element-anchor-vertical: paragraph; mso-element-anchor-horizontal: margin; mso-element-top: .35pt; mso-height-rule: exactly;\"><span style=\"font-family: 'Arial Narrow',sans-serif; mso-bidi-font-family: ArialMT;\">Los titulares de actividad minera que, culminado la construcci\u00f3n de la concesi\u00f3n de beneficio en el marco del procedimiento de solicitud de concesi\u00f3n de beneficio, hayan solicitado la inspecci\u00f3n antes o durante la vigencia de la Emergencia Sanitaria a nivel nacional, dispuesta mediante Decreto Supremo N\u00b0 008-2020-SA y sus respectivas pr\u00f3rrogas; deber\u00e1n adecuarse a lo establecido en el Decreto Supremo en referencia.<\/span><\/p><\/td><\/tr><\/tbody><\/table>\t\t\t\t\t\t\t\t<\/div>\n\t\t\t\t<\/div>\n\t\t\t\t\t<\/div>\n\t\t<\/div>\n\t\t\t\t\t<\/div>\n\t\t<\/section>\n\t\t\t\t<section class=\"elementor-section elementor-top-section elementor-element elementor-element-02ce7e3 elementor-section-boxed elementor-section-height-default elementor-section-height-default\" data-id=\"02ce7e3\" data-element_type=\"section\" data-e-type=\"section\">\n\t\t\t\t\t\t<div class=\"elementor-container elementor-column-gap-default\">\n\t\t\t\t\t<div class=\"elementor-column elementor-col-100 elementor-top-column elementor-element elementor-element-a0eec51\" data-id=\"a0eec51\" data-element_type=\"column\" data-e-type=\"column\">\n\t\t\t<div class=\"elementor-widget-wrap elementor-element-populated\">\n\t\t\t\t\t\t<div class=\"elementor-element elementor-element-635e0f8 elementor-widget-divider--view-line elementor-widget elementor-widget-divider\" data-id=\"635e0f8\" data-element_type=\"widget\" data-e-type=\"widget\" data-widget_type=\"divider.default\">\n\t\t\t\t<div class=\"elementor-widget-container\">\n\t\t\t\t\t\t\t<div class=\"elementor-divider\">\n\t\t\t<span class=\"elementor-divider-separator\">\n\t\t\t\t\t\t<\/span>\n\t\t<\/div>\n\t\t\t\t\t\t<\/div>\n\t\t\t\t<\/div>\n\t\t\t\t\t<\/div>\n\t\t<\/div>\n\t\t\t\t\t<\/div>\n\t\t<\/section>\n\t\t\t\t<section class=\"elementor-section elementor-top-section elementor-element elementor-element-7642936 elementor-section-boxed elementor-section-height-default elementor-section-height-default\" data-id=\"7642936\" data-element_type=\"section\" data-e-type=\"section\">\n\t\t\t\t\t\t<div class=\"elementor-container elementor-column-gap-default\">\n\t\t\t\t\t<div class=\"elementor-column elementor-col-100 elementor-top-column elementor-element elementor-element-912e870\" data-id=\"912e870\" data-element_type=\"column\" data-e-type=\"column\">\n\t\t\t<div class=\"elementor-widget-wrap elementor-element-populated\">\n\t\t\t\t\t\t<div class=\"elementor-element elementor-element-f102a22 elementor-widget elementor-widget-text-editor\" data-id=\"f102a22\" data-element_type=\"widget\" data-e-type=\"widget\" data-widget_type=\"text-editor.default\">\n\t\t\t\t<div class=\"elementor-widget-container\">\n\t\t\t\t\t\t\t\t\t<p>Para m\u00e1s informaci\u00f3n sobre los temas tratados contactarse con los abogados de nuestra \u00c1rea de Recursos Naturales y Medio Ambiente:<\/p><p>Jos\u00e9 Miguel Morales Dasso, Alberto Varillas Cueto, Edgardo Portaro van Oordt, Felipe Del \u00c1guila, Samantha Boy Roca y Jos\u00e9 Castillo.<\/p>\t\t\t\t\t\t\t\t<\/div>\n\t\t\t\t<\/div>\n\t\t\t\t\t<\/div>\n\t\t<\/div>\n\t\t\t\t\t<\/div>\n\t\t<\/section>\n\t\t\t\t<section class=\"elementor-section elementor-top-section elementor-element elementor-element-4c29165 elementor-section-boxed elementor-section-height-default elementor-section-height-default\" data-id=\"4c29165\" data-element_type=\"section\" data-e-type=\"section\">\n\t\t\t\t\t\t<div class=\"elementor-container elementor-column-gap-default\">\n\t\t\t\t\t<div class=\"elementor-column elementor-col-100 elementor-top-column elementor-element elementor-element-a147323\" data-id=\"a147323\" data-element_type=\"column\" data-e-type=\"column\">\n\t\t\t<div class=\"elementor-widget-wrap elementor-element-populated\">\n\t\t\t\t\t\t<div class=\"elementor-element elementor-element-8a5290c elementor-widget-divider--view-line elementor-widget elementor-widget-divider\" data-id=\"8a5290c\" data-element_type=\"widget\" data-e-type=\"widget\" data-widget_type=\"divider.default\">\n\t\t\t\t<div class=\"elementor-widget-container\">\n\t\t\t\t\t\t\t<div class=\"elementor-divider\">\n\t\t\t<span class=\"elementor-divider-separator\">\n\t\t\t\t\t\t<\/span>\n\t\t<\/div>\n\t\t\t\t\t\t<\/div>\n\t\t\t\t<\/div>\n\t\t\t\t\t<\/div>\n\t\t<\/div>\n\t\t\t\t\t<\/div>\n\t\t<\/section>\n\t\t\t\t<section class=\"elementor-section elementor-top-section elementor-element elementor-element-28f3a80 elementor-section-boxed elementor-section-height-default elementor-section-height-default\" data-id=\"28f3a80\" data-element_type=\"section\" data-e-type=\"section\">\n\t\t\t\t\t\t<div class=\"elementor-container elementor-column-gap-default\">\n\t\t\t\t\t<div class=\"elementor-column elementor-col-100 elementor-top-column elementor-element elementor-element-3888a53\" data-id=\"3888a53\" data-element_type=\"column\" data-e-type=\"column\">\n\t\t\t<div class=\"elementor-widget-wrap elementor-element-populated\">\n\t\t\t\t\t\t<div class=\"elementor-element elementor-element-3be6c25 elementor-widget elementor-widget-text-editor\" data-id=\"3be6c25\" data-element_type=\"widget\" data-e-type=\"widget\" data-widget_type=\"text-editor.default\">\n\t\t\t\t<div class=\"elementor-widget-container\">\n\t\t\t\t\t\t\t\t\t<p class=\"MsoNormal\" style=\"margin-bottom: 0cm; text-align: justify; line-height: normal; mso-layout-grid-align: none; text-autospace: none;\"><span style=\"font-family: 'Arial Narrow',sans-serif; mso-bidi-font-family: ArialNarrow; color: #818181;\">La informaci\u00f3n contenida en este documento no constituye ni pretende constituir asesor\u00eda o asistencia legal directa o indirecta de ninguna especie, ni establece ning\u00fan tipo de relaci\u00f3n profesional.<\/span><\/p><p>\u00a0<\/p><p class=\"MsoNormal\" style=\"margin-bottom: 0cm; text-align: justify; line-height: normal; mso-layout-grid-align: none; text-autospace: none;\"><span style=\"font-family: 'Arial Narrow',sans-serif; mso-bidi-font-family: ArialNarrow; color: #818181;\">Asimismo, tampoco pretende hacer publicidad de los servicios prestados por nuestra firma ni por ninguno de sus abogados. El \u00fanico prop\u00f3sito es dar informaci\u00f3n de car\u00e1cter general respecto de temas que pueden ser de inter\u00e9s para los clientes y amigos de nuestra firma. Este informativo, as\u00ed como otros informes generales y art\u00edculos de inter\u00e9s preparados por los abogados del Estudio podr\u00e1n encontrarse en nuestra p\u00e1gina web: www.garciasayan.com.pe<\/span><\/p>\t\t\t\t\t\t\t\t<\/div>\n\t\t\t\t<\/div>\n\t\t\t\t\t<\/div>\n\t\t<\/div>\n\t\t\t\t\t<\/div>\n\t\t<\/section>\n\t\t\t\t<\/div>\n\t\t","protected":false},"excerpt":{"rendered":"<p>El 16 de septiembre de 2020, a trav\u00e9s del Decreto Supremo N\u00b0 024-2020-EM, se public\u00f3 las \u201cDisposiciones para el procedimiento de autorizaci\u00f3n de funcionamiento de la concesi\u00f3n de beneficio y de su modificaci\u00f3n en el marco de la Emergencia Sanitaria\u201d. De dicha norma caben resaltar los siguientes puntos: \u00a0 Objeto Establecer disposiciones de car\u00e1cter excepcional [&hellip;]<\/p>\n","protected":false},"author":5,"featured_media":11402,"comment_status":"closed","ping_status":"open","sticky":false,"template":"","format":"standard","meta":{"nf_dc_page":"","content-type":"","footnotes":""},"categories":[90,83,79],"class_list":["post-12152","post","type-post","status-publish","format-standard","has-post-thumbnail","hentry","category-boletin-informativo","category-covid-19","category-recursos-naturales"],"_links":{"self":[{"href":"https:\/\/gsalegal.pe\/en\/wp-json\/wp\/v2\/posts\/12152","targetHints":{"allow":["GET"]}}],"collection":[{"href":"https:\/\/gsalegal.pe\/en\/wp-json\/wp\/v2\/posts"}],"about":[{"href":"https:\/\/gsalegal.pe\/en\/wp-json\/wp\/v2\/types\/post"}],"author":[{"embeddable":true,"href":"https:\/\/gsalegal.pe\/en\/wp-json\/wp\/v2\/users\/5"}],"replies":[{"embeddable":true,"href":"https:\/\/gsalegal.pe\/en\/wp-json\/wp\/v2\/comments?post=12152"}],"version-history":[{"count":0,"href":"https:\/\/gsalegal.pe\/en\/wp-json\/wp\/v2\/posts\/12152\/revisions"}],"wp:featuredmedia":[{"embeddable":true,"href":"https:\/\/gsalegal.pe\/en\/wp-json\/"}],"wp:attachment":[{"href":"https:\/\/gsalegal.pe\/en\/wp-json\/wp\/v2\/media?parent=12152"}],"wp:term":[{"taxonomy":"category","embeddable":true,"href":"https:\/\/gsalegal.pe\/en\/wp-json\/wp\/v2\/categories?post=12152"}],"curies":[{"name":"wp","href":"https:\/\/api.w.org\/{rel}","templated":true}]}}