{"id":12169,"date":"2020-09-22T12:42:30","date_gmt":"2020-09-22T17:42:30","guid":{"rendered":"http:\/\/localhost\/wordpress\/?p=12169"},"modified":"2020-09-22T12:42:30","modified_gmt":"2020-09-22T17:42:30","slug":"essalud-autorizan-la-presentacion-de-certificados-medicos-particulares-emitidos-fuera-del-plazo-de-30-dias-habiles","status":"publish","type":"post","link":"https:\/\/gsalegal.pe\/en\/essalud-autorizan-la-presentacion-de-certificados-medicos-particulares-emitidos-fuera-del-plazo-de-30-dias-habiles\/","title":{"rendered":"ESSALUD: Autorizan la presentaci\u00f3n de certificados m\u00e9dicos particulares emitidos fuera del plazo de 30 d\u00edas h\u00e1biles"},"content":{"rendered":"\t\t<div data-elementor-type=\"wp-post\" data-elementor-id=\"12169\" class=\"elementor elementor-12169\">\n\t\t\t\t\t\t<section class=\"elementor-section elementor-top-section elementor-element elementor-element-9258fc5 elementor-section-boxed elementor-section-height-default elementor-section-height-default\" data-id=\"9258fc5\" data-element_type=\"section\" data-e-type=\"section\">\n\t\t\t\t\t\t<div class=\"elementor-container elementor-column-gap-default\">\n\t\t\t\t\t<div class=\"elementor-column elementor-col-100 elementor-top-column elementor-element elementor-element-0a20741\" data-id=\"0a20741\" data-element_type=\"column\" data-e-type=\"column\">\n\t\t\t<div class=\"elementor-widget-wrap elementor-element-populated\">\n\t\t\t\t\t\t<div class=\"elementor-element elementor-element-6e6f2de elementor-widget elementor-widget-text-editor\" data-id=\"6e6f2de\" data-element_type=\"widget\" data-e-type=\"widget\" data-widget_type=\"text-editor.default\">\n\t\t\t\t<div class=\"elementor-widget-container\">\n\t\t\t\t\t\t\t\t\t<p class=\"MsoNormal\" style=\"text-align: justify;\"><span style=\"font-family: 'Arial Narrow',sans-serif;\">En la fecha, el Seguro Social de Salud &#8211; Essalud public\u00f3 la Resoluci\u00f3n de Gerencia General N\u00b0 063-GG-ESSALUD-2020, la misma que dispone autorizar, de manera excepcional, la presentaci\u00f3n de los certificados m\u00e9dicos particulares emitidos fuera del plazo de treinta d\u00edas h\u00e1biles para el procedimiento de Validaci\u00f3n de Certificados M\u00e9dicos, mientras dure la emergencia sanitaria a causa del COVID-19.<\/span><\/p><p class=\"MsoNormal\" style=\"text-align: justify;\"><span style=\"font-family: 'Arial Narrow',sans-serif;\">En ese sentido, Essalud precisa que se aceptar\u00e1 la presentaci\u00f3n de los siguientes certificados m\u00e9dicos:<\/span><\/p><p class=\"MsoListParagraphCxSpFirst\" style=\"text-align: justify; text-indent: -18.0pt; mso-list: l0 level1 lfo1;\"><!-- [if !supportLists]--><span style=\"font-family: 'Arial Narrow',sans-serif; mso-fareast-font-family: 'Arial Narrow'; mso-bidi-font-family: 'Arial Narrow';\">a)<span style=\"font-variant-numeric: normal; font-variant-east-asian: normal; font-stretch: normal; font-size: 7pt; line-height: normal; font-family: 'Times New Roman';\">\u00a0\u00a0\u00a0<\/span><\/span><span style=\"font-family: 'Arial Narrow',sans-serif;\">Certificados m\u00e9dicos emitidos treinta d\u00edas h\u00e1biles antes del inicio de la declaratoria de la emergencia sanitaria a nivel nacional por el COVID-19.<\/span><\/p><p>\u00a0<\/p><p class=\"MsoListParagraphCxSpLast\" style=\"text-align: justify; text-indent: -18.0pt; mso-list: l0 level1 lfo1;\"><!-- [if !supportLists]--><span style=\"font-family: 'Arial Narrow',sans-serif; mso-fareast-font-family: 'Arial Narrow'; mso-bidi-font-family: 'Arial Narrow';\">b)<span style=\"font-variant-numeric: normal; font-variant-east-asian: normal; font-stretch: normal; font-size: 7pt; line-height: normal; font-family: 'Times New Roman';\">\u00a0\u00a0\u00a0\u00a0\u00a0 <\/span><\/span><!--[endif]--><span style=\"font-family: 'Arial Narrow',sans-serif;\">Certificados m\u00e9dicos emitidos durante la emergencia sanitaria a nivel nacional por la existencia del COVID-19<\/span><span style=\"font-family: 'Arial Narrow',sans-serif; mso-fareast-font-family: Calibri; mso-fareast-theme-font: minor-latin; mso-bidi-font-family: ArialMT; color: #231f20; mso-fareast-language: EN-US;\">.<\/span><\/p>\t\t\t\t\t\t\t\t<\/div>\n\t\t\t\t<\/div>\n\t\t\t\t\t<\/div>\n\t\t<\/div>\n\t\t\t\t\t<\/div>\n\t\t<\/section>\n\t\t\t\t<section class=\"elementor-section elementor-top-section elementor-element elementor-element-3f0bb0b elementor-section-boxed elementor-section-height-default elementor-section-height-default\" data-id=\"3f0bb0b\" data-element_type=\"section\" data-e-type=\"section\">\n\t\t\t\t\t\t<div class=\"elementor-container elementor-column-gap-default\">\n\t\t\t\t\t<div class=\"elementor-column elementor-col-100 elementor-top-column elementor-element elementor-element-39c488d\" data-id=\"39c488d\" data-element_type=\"column\" data-e-type=\"column\">\n\t\t\t<div class=\"elementor-widget-wrap elementor-element-populated\">\n\t\t\t\t\t\t<div class=\"elementor-element elementor-element-ef9e8fd elementor-widget-divider--view-line elementor-widget elementor-widget-divider\" data-id=\"ef9e8fd\" data-element_type=\"widget\" data-e-type=\"widget\" data-widget_type=\"divider.default\">\n\t\t\t\t<div class=\"elementor-widget-container\">\n\t\t\t\t\t\t\t<div class=\"elementor-divider\">\n\t\t\t<span class=\"elementor-divider-separator\">\n\t\t\t\t\t\t<\/span>\n\t\t<\/div>\n\t\t\t\t\t\t<\/div>\n\t\t\t\t<\/div>\n\t\t\t\t\t<\/div>\n\t\t<\/div>\n\t\t\t\t\t<\/div>\n\t\t<\/section>\n\t\t\t\t<section class=\"elementor-section elementor-top-section elementor-element elementor-element-72c2714 elementor-section-boxed elementor-section-height-default elementor-section-height-default\" data-id=\"72c2714\" data-element_type=\"section\" data-e-type=\"section\">\n\t\t\t\t\t\t<div class=\"elementor-container elementor-column-gap-default\">\n\t\t\t\t\t<div class=\"elementor-column elementor-col-100 elementor-top-column elementor-element elementor-element-724b5dd\" data-id=\"724b5dd\" data-element_type=\"column\" data-e-type=\"column\">\n\t\t\t<div class=\"elementor-widget-wrap elementor-element-populated\">\n\t\t\t\t\t\t<div class=\"elementor-element elementor-element-0c27041 elementor-widget elementor-widget-text-editor\" data-id=\"0c27041\" data-element_type=\"widget\" data-e-type=\"widget\" data-widget_type=\"text-editor.default\">\n\t\t\t\t<div class=\"elementor-widget-container\">\n\t\t\t\t\t\t\t\t\t<p>Para mayor informaci\u00f3n sobre el tema tratado contactarse con los abogados de nuestra \u00c1rea Laboral:<\/p><p><span style=\"color: var( --e-global-color-text ); font-family: var( --e-global-typography-text-font-family ); font-weight: var( --e-global-typography-text-font-weight );\">Alberto Varillas Cueto, Jaime Durand Planas, Macarena Morales Mailhe, Fressia Sanchez Tu\u00f1oque, Sara Kalinicos Garc\u00eda, Jos\u00e9 Andr\u00e9s Piedra Pereira; y Grecia Elena Aldonate Pinto.<\/span><\/p>\t\t\t\t\t\t\t\t<\/div>\n\t\t\t\t<\/div>\n\t\t\t\t\t<\/div>\n\t\t<\/div>\n\t\t\t\t\t<\/div>\n\t\t<\/section>\n\t\t\t\t<section class=\"elementor-section elementor-top-section elementor-element elementor-element-9f72ffc elementor-section-boxed elementor-section-height-default elementor-section-height-default\" data-id=\"9f72ffc\" data-element_type=\"section\" data-e-type=\"section\">\n\t\t\t\t\t\t<div class=\"elementor-container elementor-column-gap-default\">\n\t\t\t\t\t<div class=\"elementor-column elementor-col-100 elementor-top-column elementor-element elementor-element-7bc349d\" data-id=\"7bc349d\" data-element_type=\"column\" data-e-type=\"column\">\n\t\t\t<div class=\"elementor-widget-wrap elementor-element-populated\">\n\t\t\t\t\t\t<div class=\"elementor-element elementor-element-a8fb1a9 elementor-widget-divider--view-line elementor-widget elementor-widget-divider\" data-id=\"a8fb1a9\" data-element_type=\"widget\" data-e-type=\"widget\" data-widget_type=\"divider.default\">\n\t\t\t\t<div class=\"elementor-widget-container\">\n\t\t\t\t\t\t\t<div class=\"elementor-divider\">\n\t\t\t<span class=\"elementor-divider-separator\">\n\t\t\t\t\t\t<\/span>\n\t\t<\/div>\n\t\t\t\t\t\t<\/div>\n\t\t\t\t<\/div>\n\t\t\t\t\t<\/div>\n\t\t<\/div>\n\t\t\t\t\t<\/div>\n\t\t<\/section>\n\t\t\t\t<section class=\"elementor-section elementor-top-section elementor-element elementor-element-536d830 elementor-section-boxed elementor-section-height-default elementor-section-height-default\" data-id=\"536d830\" data-element_type=\"section\" data-e-type=\"section\">\n\t\t\t\t\t\t<div class=\"elementor-container elementor-column-gap-default\">\n\t\t\t\t\t<div class=\"elementor-column elementor-col-100 elementor-top-column elementor-element elementor-element-83f5a2f\" data-id=\"83f5a2f\" data-element_type=\"column\" data-e-type=\"column\">\n\t\t\t<div class=\"elementor-widget-wrap elementor-element-populated\">\n\t\t\t\t\t\t<div class=\"elementor-element elementor-element-0375e5a elementor-widget elementor-widget-text-editor\" data-id=\"0375e5a\" data-element_type=\"widget\" data-e-type=\"widget\" data-widget_type=\"text-editor.default\">\n\t\t\t\t<div class=\"elementor-widget-container\">\n\t\t\t\t\t\t\t\t\t<p class=\"MsoNormal\" style=\"text-align: justify; tab-stops: 27.0pt;\"><span style=\"font-family: 'Arial Narrow',sans-serif;\">La informaci\u00f3n contenida en este documento no constituye ni pretende constituir asesor\u00eda o asistencia legal directa o indirecta de ninguna especie, ni establece ning\u00fan tipo de relaci\u00f3n profesional. Asimismo, tampoco pretende hacer publicidad de los servicios prestados por nuestra firma ni por ninguno de sus abogados. El \u00fanico prop\u00f3sito es dar informaci\u00f3n de car\u00e1cter general respecto de temas que pueden ser de inter\u00e9s para los clientes y amigos de nuestra firma. Este informativo, as\u00ed como otros informes generales y art\u00edculos de inter\u00e9s preparados por los abogados del Estudio podr\u00e1n encontrarse en nuestra p\u00e1gina web: <u><span style=\"color: blue;\">www.garciasayan.com.pe<\/span><\/u><\/span><\/p>\t\t\t\t\t\t\t\t<\/div>\n\t\t\t\t<\/div>\n\t\t\t\t\t<\/div>\n\t\t<\/div>\n\t\t\t\t\t<\/div>\n\t\t<\/section>\n\t\t\t\t<\/div>\n\t\t","protected":false},"excerpt":{"rendered":"<p>En la fecha, el Seguro Social de Salud &#8211; Essalud public\u00f3 la Resoluci\u00f3n de Gerencia General N\u00b0 063-GG-ESSALUD-2020, la misma que dispone autorizar, de manera excepcional, la presentaci\u00f3n de los certificados m\u00e9dicos particulares emitidos fuera del plazo de treinta d\u00edas h\u00e1biles para el procedimiento de Validaci\u00f3n de Certificados M\u00e9dicos, mientras dure la emergencia sanitaria a [&hellip;]<\/p>\n","protected":false},"author":5,"featured_media":9524,"comment_status":"closed","ping_status":"open","sticky":false,"template":"","format":"standard","meta":{"nf_dc_page":"","content-type":"","footnotes":""},"categories":[90,83,37],"class_list":["post-12169","post","type-post","status-publish","format-standard","has-post-thumbnail","hentry","category-boletin-informativo","category-covid-19","category-laboral"],"_links":{"self":[{"href":"https:\/\/gsalegal.pe\/en\/wp-json\/wp\/v2\/posts\/12169","targetHints":{"allow":["GET"]}}],"collection":[{"href":"https:\/\/gsalegal.pe\/en\/wp-json\/wp\/v2\/posts"}],"about":[{"href":"https:\/\/gsalegal.pe\/en\/wp-json\/wp\/v2\/types\/post"}],"author":[{"embeddable":true,"href":"https:\/\/gsalegal.pe\/en\/wp-json\/wp\/v2\/users\/5"}],"replies":[{"embeddable":true,"href":"https:\/\/gsalegal.pe\/en\/wp-json\/wp\/v2\/comments?post=12169"}],"version-history":[{"count":0,"href":"https:\/\/gsalegal.pe\/en\/wp-json\/wp\/v2\/posts\/12169\/revisions"}],"wp:featuredmedia":[{"embeddable":true,"href":"https:\/\/gsalegal.pe\/en\/wp-json\/"}],"wp:attachment":[{"href":"https:\/\/gsalegal.pe\/en\/wp-json\/wp\/v2\/media?parent=12169"}],"wp:term":[{"taxonomy":"category","embeddable":true,"href":"https:\/\/gsalegal.pe\/en\/wp-json\/wp\/v2\/categories?post=12169"}],"curies":[{"name":"wp","href":"https:\/\/api.w.org\/{rel}","templated":true}]}}