{"id":12199,"date":"2020-09-26T12:54:53","date_gmt":"2020-09-26T17:54:53","guid":{"rendered":"http:\/\/localhost\/wordpress\/?p=12199"},"modified":"2020-09-26T12:54:53","modified_gmt":"2020-09-26T17:54:53","slug":"aprueban-la-fase-4-de-la-reanudacion-de-actividades","status":"publish","type":"post","link":"https:\/\/gsalegal.pe\/en\/aprueban-la-fase-4-de-la-reanudacion-de-actividades\/","title":{"rendered":"Aprueban la FASE 4 de la Reanudaci\u00f3n de Actividades"},"content":{"rendered":"\t\t<div data-elementor-type=\"wp-post\" data-elementor-id=\"12199\" class=\"elementor elementor-12199\">\n\t\t\t\t\t\t<section class=\"elementor-section elementor-top-section elementor-element elementor-element-508ea3f elementor-section-boxed elementor-section-height-default elementor-section-height-default\" data-id=\"508ea3f\" data-element_type=\"section\" data-e-type=\"section\">\n\t\t\t\t\t\t<div class=\"elementor-container elementor-column-gap-default\">\n\t\t\t\t\t<div class=\"elementor-column elementor-col-100 elementor-top-column elementor-element elementor-element-bb61fcf\" data-id=\"bb61fcf\" data-element_type=\"column\" data-e-type=\"column\">\n\t\t\t<div class=\"elementor-widget-wrap elementor-element-populated\">\n\t\t\t\t\t\t<div class=\"elementor-element elementor-element-5c933b6 elementor-widget elementor-widget-text-editor\" data-id=\"5c933b6\" data-element_type=\"widget\" data-e-type=\"widget\" data-widget_type=\"text-editor.default\">\n\t\t\t\t<div class=\"elementor-widget-container\">\n\t\t\t\t\t\t\t\t\tEl Gobierno aprob\u00f3 el d\u00eda de ayer la Fase 4 de la Reanudaci\u00f3n de Actividades Econ\u00f3micas en el marco de la declaratoria de Emergencia Sanitaria Nacional. As\u00ed consta en el Decreto Supremo N\u00b0157-2020-PCM del 25 de setiembre de 2020, publicado hoy s\u00e1bado 26 de setiembre.\n\nEste Decreto Supremo entra en vigencia el 1 de octubre de 2020 y su contenido es el siguiente:\n\n1.\u00a0\u00a0\u00a0\u00a0\u00a0\u00a0 La implementaci\u00f3n de la Fase 4 se inicia a partir del 1 de octubre a nivel nacional, con excepci\u00f3n de las actividades que se desarrollan en las zonas declaradas en cuarentena focalizada<a href=\"#_ftn1\" name=\"_ftnref1\">[1]<\/a>. La reanudaci\u00f3n de actividades en estas zonas podr\u00e1 ser autorizada mediante Resoluci\u00f3n Ministerial del sector competente.\n<ol start=\"2\">\n \t<li>Durante la Fase 4, se reactivar\u00e1n las siguientes actividades:<\/li>\n<\/ol>\n<table width=\"524\"><table border=\"1\">\n<tbody>\n<tr>\n<td width=\"273\"><strong>Actividades<\/strong><\/td>\n<td width=\"47\"><strong>Aforo<\/strong><\/td>\n<td width=\"128\"><strong>Restricciones<\/strong><\/td>\n<td width=\"76\"><strong>Protocolo<\/strong><\/td>\n<\/tr>\n<tr>\n<td width=\"273\">Tiendas en general<\/td>\n<td width=\"47\">60%<\/td>\n<td width=\"128\">No aplica.<\/td>\n<td width=\"76\">&#8211;<\/td>\n<\/tr>\n<tr>\n<td width=\"273\">Restaurantes y servicios afines<\/td>\n<td width=\"47\">50%<\/td>\n<td width=\"128\">No se incluye bares.<\/td>\n<td width=\"76\">&#8211;<\/td>\n<\/tr>\n<tr>\n<td width=\"273\">Servicios de transporte mar\u00edtimo y de cabotaje de pasajeros<\/td>\n<td width=\"47\">50%<\/td>\n<td width=\"128\">No incluye el transporte tur\u00edstico.<\/td>\n<td width=\"76\">MINSA<\/td>\n<\/tr>\n<tr>\n<td width=\"273\">Servicios de transporte de pasajeros y carga por v\u00edas de navegaci\u00f3n interiores por r\u00edos y lagos<\/td>\n<td width=\"47\">50%<\/td>\n<td width=\"128\"><\/td>\n<td width=\"76\">MTC<\/td>\n<\/tr>\n<tr>\n<td width=\"273\">Transporte de pasajeros por v\u00eda a\u00e9rea.<\/td>\n<td width=\"47\">50%<\/td>\n<td width=\"128\">Los vuelos internacionales a destinos sanitarios se reiniciar\u00e1n desde el 5 de octubre de 2020. El MTC en coordinaci\u00f3n con el MINSA, regular\u00e1n las fechas, requisitos y condiciones de viaje.<\/td>\n<td width=\"76\">MTC<\/td>\n<\/tr>\n<tr>\n<td width=\"273\">Servicios de agencia de viajes y operadores tur\u00edsticos<\/td>\n<td width=\"47\">No aplica.<\/td>\n<td width=\"128\">No aplica.<\/td>\n<td width=\"76\">MINSA<\/td>\n<\/tr>\n<tr>\n<td width=\"273\">Actividades de bibliotecas y archivos. Se incluyen bibliotecas universitarias.<\/td>\n<td width=\"47\">60%<\/td>\n<td width=\"128\">No aplica.<\/td>\n<td width=\"76\">&#8211;<\/td>\n<\/tr>\n<tr>\n<td width=\"273\">Actividades y gesti\u00f3n de museos, monumentos arqueol\u00f3gicos prehisp\u00e1nicos, lugares y edificios hist\u00f3ricos, centros culturales y galer\u00edas en destinos sanitarios.<\/td>\n<td width=\"47\">60%<\/td>\n<td width=\"128\">No incluye proyecci\u00f3n de pel\u00edculas, obras de teatro y espect\u00e1culos.<\/td>\n<td width=\"76\"><\/td>\n<\/tr>\n<tr>\n<td width=\"273\">Actividades de jardines bot\u00e1nicos y zool\u00f3gicos y de parques nacionales en destinos sanitarios. Se incluyen \u00e1reas naturales.<\/td>\n<td width=\"47\">60%<\/td>\n<td width=\"128\">No aplica<\/td>\n<td width=\"76\">&#8211;<\/td>\n<\/tr>\n<tr>\n<td width=\"273\">Actividades de parques tem\u00e1ticos en destinos sanitarios.<\/td>\n<td width=\"47\">60%<\/td>\n<td width=\"128\">No aplica<\/td>\n<td width=\"76\">MINSA<\/td>\n<\/tr>\n<tr>\n<td width=\"273\">Actividades de clubes y asociaciones deportivas. Podr\u00e1n realizarse actividades individuales o en pareja, al aire libre.<\/td>\n<td width=\"47\">50%<\/td>\n<td width=\"128\">No aplica<\/td>\n<td width=\"76\">MINSA<\/td>\n<\/tr>\n<tr>\n<td width=\"273\">Pesca deportiva y deportes n\u00e1uticos, as\u00ed como su gesti\u00f3n de reservas y actividades de apoyo. Actividades de gu\u00edas de monta\u00f1a.<\/td>\n<td width=\"47\">50%<\/td>\n<td width=\"128\">No aplica.<\/td>\n<td width=\"76\">MINSA<\/td>\n<\/tr>\n<\/tbody>\n<\/table>\n<ol start=\"3\">\n \t<li>Todas las actividades deber\u00e1n ser realizadas respetando el distanciamiento social y el uso de mascarillas. Asimismo, las actividades no contempladas en el listado anterior ser\u00e1n aprobadas progresivamente.<\/li>\n<\/ol>\n<ol start=\"4\">\n \t<li>Se autoriza la reanudaci\u00f3n de las siguientes actividades en las zonas declaradas en cuarentena focalizada:<\/li>\n<\/ol>\n<ul>\n \t<li>Emisi\u00f3n de Brevetes (Centros de Evaluaci\u00f3n, Escuelas de Conductores y Entidades habilitadas para expedir Certificados de Salud).<\/li>\n \t<li>Servicios ofrecidos por los Centros de Inspecci\u00f3n T\u00e9cnica Vehicular, las Entidades Certificadoras para emitir Certificados de Conformidad de Veh\u00edculos, los Centros de Revisi\u00f3n Peri\u00f3dica de Cilindros, las Certificadoras y Talleres de Conversi\u00f3n de GNV y las Certificadoras y Talleres de Conversi\u00f3n de GLP, y las entidades certificadoras de conformidad, modificaci\u00f3n, fabricaci\u00f3n y montaje.<\/li>\n<\/ul>\n<a href=\"#_ftnref1\" name=\"_ftn1\">[1]<\/a> Seg\u00fan el numeral 2.2 del art\u00edculo 2 del Decreto Supremo N\u00ba 116-2020-PCM y modificatorias, incluyendo Decreto Supremo N\u00b0 156-PCM tambi\u00e9n publicado en la fecha.\t\t\t\t\t\t\t\t<\/div>\n\t\t\t\t<\/div>\n\t\t\t\t\t<\/div>\n\t\t<\/div>\n\t\t\t\t\t<\/div>\n\t\t<\/section>\n\t\t\t\t<section class=\"elementor-section elementor-top-section elementor-element elementor-element-d3de1b8 elementor-section-boxed elementor-section-height-default elementor-section-height-default\" data-id=\"d3de1b8\" data-element_type=\"section\" data-e-type=\"section\">\n\t\t\t\t\t\t<div class=\"elementor-container elementor-column-gap-default\">\n\t\t\t\t\t<div class=\"elementor-column elementor-col-100 elementor-top-column elementor-element elementor-element-c065bb7\" data-id=\"c065bb7\" data-element_type=\"column\" data-e-type=\"column\">\n\t\t\t<div class=\"elementor-widget-wrap elementor-element-populated\">\n\t\t\t\t\t\t<div class=\"elementor-element elementor-element-9cb3451 elementor-widget-divider--view-line elementor-widget elementor-widget-divider\" data-id=\"9cb3451\" data-element_type=\"widget\" data-e-type=\"widget\" data-widget_type=\"divider.default\">\n\t\t\t\t<div class=\"elementor-widget-container\">\n\t\t\t\t\t\t\t<div class=\"elementor-divider\">\n\t\t\t<span class=\"elementor-divider-separator\">\n\t\t\t\t\t\t<\/span>\n\t\t<\/div>\n\t\t\t\t\t\t<\/div>\n\t\t\t\t<\/div>\n\t\t\t\t\t<\/div>\n\t\t<\/div>\n\t\t\t\t\t<\/div>\n\t\t<\/section>\n\t\t\t\t<section class=\"elementor-section elementor-top-section elementor-element elementor-element-8c3861a elementor-section-boxed elementor-section-height-default elementor-section-height-default\" data-id=\"8c3861a\" data-element_type=\"section\" data-e-type=\"section\">\n\t\t\t\t\t\t<div class=\"elementor-container elementor-column-gap-default\">\n\t\t\t\t\t<div class=\"elementor-column elementor-col-100 elementor-top-column elementor-element elementor-element-8a254b3\" data-id=\"8a254b3\" data-element_type=\"column\" data-e-type=\"column\">\n\t\t\t<div class=\"elementor-widget-wrap elementor-element-populated\">\n\t\t\t\t\t\t<div class=\"elementor-element elementor-element-4fa7389 elementor-widget elementor-widget-text-editor\" data-id=\"4fa7389\" data-element_type=\"widget\" data-e-type=\"widget\" data-widget_type=\"text-editor.default\">\n\t\t\t\t<div class=\"elementor-widget-container\">\n\t\t\t\t\t\t\t\t\t<p>Para mayor informaci\u00f3n sobre el tema tratado contactarse con los abogados del Estudio:<\/p><p>Dr. Luis Gasta\u00f1eta, Dr. Agust\u00edn Yrigoyen, Dra. Shirley C\u00e1rdenas, Dr. Alfonso Tola, Dra. Mar\u00eda Soledad Gasta\u00f1eta y el Dr. Sergio Chang.<\/p>\t\t\t\t\t\t\t\t<\/div>\n\t\t\t\t<\/div>\n\t\t\t\t\t<\/div>\n\t\t<\/div>\n\t\t\t\t\t<\/div>\n\t\t<\/section>\n\t\t\t\t<section class=\"elementor-section elementor-top-section elementor-element elementor-element-0c129d9 elementor-section-boxed elementor-section-height-default elementor-section-height-default\" data-id=\"0c129d9\" data-element_type=\"section\" data-e-type=\"section\">\n\t\t\t\t\t\t<div class=\"elementor-container elementor-column-gap-default\">\n\t\t\t\t\t<div class=\"elementor-column elementor-col-100 elementor-top-column elementor-element elementor-element-22303cc\" data-id=\"22303cc\" data-element_type=\"column\" data-e-type=\"column\">\n\t\t\t<div class=\"elementor-widget-wrap elementor-element-populated\">\n\t\t\t\t\t\t<div class=\"elementor-element elementor-element-87fcd75 elementor-widget-divider--view-line elementor-widget elementor-widget-divider\" data-id=\"87fcd75\" data-element_type=\"widget\" data-e-type=\"widget\" data-widget_type=\"divider.default\">\n\t\t\t\t<div class=\"elementor-widget-container\">\n\t\t\t\t\t\t\t<div class=\"elementor-divider\">\n\t\t\t<span class=\"elementor-divider-separator\">\n\t\t\t\t\t\t<\/span>\n\t\t<\/div>\n\t\t\t\t\t\t<\/div>\n\t\t\t\t<\/div>\n\t\t\t\t\t<\/div>\n\t\t<\/div>\n\t\t\t\t\t<\/div>\n\t\t<\/section>\n\t\t\t\t<section class=\"elementor-section elementor-top-section elementor-element elementor-element-19946f7 elementor-section-boxed elementor-section-height-default elementor-section-height-default\" data-id=\"19946f7\" data-element_type=\"section\" data-e-type=\"section\">\n\t\t\t\t\t\t<div class=\"elementor-container elementor-column-gap-default\">\n\t\t\t\t\t<div class=\"elementor-column elementor-col-100 elementor-top-column elementor-element elementor-element-5de70b8\" data-id=\"5de70b8\" data-element_type=\"column\" data-e-type=\"column\">\n\t\t\t<div class=\"elementor-widget-wrap elementor-element-populated\">\n\t\t\t\t\t\t<div class=\"elementor-element elementor-element-e2f3f94 elementor-widget elementor-widget-text-editor\" data-id=\"e2f3f94\" data-element_type=\"widget\" data-e-type=\"widget\" data-widget_type=\"text-editor.default\">\n\t\t\t\t<div class=\"elementor-widget-container\">\n\t\t\t\t\t\t\t\t\t<p style=\"margin-bottom: 0cm; text-align: justify; line-height: normal; tab-stops: 1.0cm; mso-layout-grid-align: none; text-autospace: none;\"><span lang=\"ES\" style=\"font-size: 10.0pt; font-family: 'Arial Narrow',sans-serif; mso-fareast-font-family: 'Times New Roman'; mso-bidi-font-family: ArialNarrow; color: gray; mso-ansi-language: ES; mso-fareast-language: ES;\">La informaci\u00f3n contenida en este documento no constituye ni pretende constituir asesor\u00eda o asistencia legal directa o indirecta de ninguna especie, ni establece ning\u00fan tipo de relaci\u00f3n profesional.<\/span><\/p><p>\u00a0<\/p><p><span lang=\"ES\" style=\"font-size: 10.0pt; line-height: 107%; font-family: 'Arial Narrow',sans-serif; mso-fareast-font-family: 'Times New Roman'; mso-bidi-font-family: ArialNarrow; color: gray; mso-ansi-language: ES; mso-fareast-language: ES;\">Asimismo, tampoco pretende hacer publicidad de los servicios prestados por nuestra firma ni por ninguno de sus abogados. El \u00fanico prop\u00f3sito es dar informaci\u00f3n de car\u00e1cter general respecto de temas que pueden ser de inter\u00e9s para los clientes y amigos de nuestra firma. Este informativo, as\u00ed como otros informes generales y art\u00edculos de inter\u00e9s preparados por los abogados del Estudio, podr\u00e1n encontrarse en nuestra p\u00e1gina web: www.garciasayan.com<\/span><\/p>\t\t\t\t\t\t\t\t<\/div>\n\t\t\t\t<\/div>\n\t\t\t\t\t<\/div>\n\t\t<\/div>\n\t\t\t\t\t<\/div>\n\t\t<\/section>\n\t\t\t\t<\/div>\n\t\t","protected":false},"excerpt":{"rendered":"<p>El Gobierno aprob\u00f3 el d\u00eda de ayer la Fase 4 de la Reanudaci\u00f3n de Actividades Econ\u00f3micas en el marco de la declaratoria de Emergencia Sanitaria Nacional. As\u00ed consta en el Decreto Supremo N\u00b0157-2020-PCM del 25 de setiembre de 2020, publicado hoy s\u00e1bado 26 de setiembre. Este Decreto Supremo entra en vigencia el 1 de octubre [&hellip;]<\/p>\n","protected":false},"author":5,"featured_media":9729,"comment_status":"closed","ping_status":"open","sticky":false,"template":"","format":"standard","meta":{"nf_dc_page":"","content-type":"","footnotes":""},"categories":[90,76,83],"class_list":["post-12199","post","type-post","status-publish","format-standard","has-post-thumbnail","hentry","category-boletin-informativo","category-corporativo","category-covid-19"],"_links":{"self":[{"href":"https:\/\/gsalegal.pe\/en\/wp-json\/wp\/v2\/posts\/12199","targetHints":{"allow":["GET"]}}],"collection":[{"href":"https:\/\/gsalegal.pe\/en\/wp-json\/wp\/v2\/posts"}],"about":[{"href":"https:\/\/gsalegal.pe\/en\/wp-json\/wp\/v2\/types\/post"}],"author":[{"embeddable":true,"href":"https:\/\/gsalegal.pe\/en\/wp-json\/wp\/v2\/users\/5"}],"replies":[{"embeddable":true,"href":"https:\/\/gsalegal.pe\/en\/wp-json\/wp\/v2\/comments?post=12199"}],"version-history":[{"count":0,"href":"https:\/\/gsalegal.pe\/en\/wp-json\/wp\/v2\/posts\/12199\/revisions"}],"wp:featuredmedia":[{"embeddable":true,"href":"https:\/\/gsalegal.pe\/en\/wp-json\/"}],"wp:attachment":[{"href":"https:\/\/gsalegal.pe\/en\/wp-json\/wp\/v2\/media?parent=12199"}],"wp:term":[{"taxonomy":"category","embeddable":true,"href":"https:\/\/gsalegal.pe\/en\/wp-json\/wp\/v2\/categories?post=12199"}],"curies":[{"name":"wp","href":"https:\/\/api.w.org\/{rel}","templated":true}]}}