{"id":12204,"date":"2020-09-26T13:05:07","date_gmt":"2020-09-26T18:05:07","guid":{"rendered":"http:\/\/localhost\/wordpress\/?p=12204"},"modified":"2020-09-26T13:05:07","modified_gmt":"2020-09-26T18:05:07","slug":"prorrogan-estado-de-emergencia-nacional-y-modifican-disposiciones","status":"publish","type":"post","link":"https:\/\/gsalegal.pe\/en\/prorrogan-estado-de-emergencia-nacional-y-modifican-disposiciones\/","title":{"rendered":"Prorrogan Estado de Emergencia Nacional y modifican disposiciones"},"content":{"rendered":"\t\t<div data-elementor-type=\"wp-post\" data-elementor-id=\"12204\" class=\"elementor elementor-12204\">\n\t\t\t\t\t\t<section class=\"elementor-section elementor-top-section elementor-element elementor-element-d9a6592 elementor-section-boxed elementor-section-height-default elementor-section-height-default\" data-id=\"d9a6592\" data-element_type=\"section\" data-e-type=\"section\">\n\t\t\t\t\t\t<div class=\"elementor-container elementor-column-gap-default\">\n\t\t\t\t\t<div class=\"elementor-column elementor-col-100 elementor-top-column elementor-element elementor-element-d432eec\" data-id=\"d432eec\" data-element_type=\"column\" data-e-type=\"column\">\n\t\t\t<div class=\"elementor-widget-wrap elementor-element-populated\">\n\t\t\t\t\t\t<div class=\"elementor-element elementor-element-0e9c0c0 elementor-widget elementor-widget-text-editor\" data-id=\"0e9c0c0\" data-element_type=\"widget\" data-e-type=\"widget\" data-widget_type=\"text-editor.default\">\n\t\t\t\t<div class=\"elementor-widget-container\">\n\t\t\t\t\t\t\t\t\tEn la fecha se public\u00f3 el Decreto Supremo N\u00b0 156-2020-PCM, el mismo que prorroga el Estado de Emergencia Nacional a partir del 1 de octubre de 2020 hasta el 31 de octubre de 2020. Asimismo, se han modificado una serie de disposiciones en torno a esta medida.\n\n&nbsp;\n\nEn ese sentido, la norma comentada contiene las siguientes disposiciones:\n\n&nbsp;\n<table>\n<tbody>\n<tr><table border=\"1\">\n<td width=\"113\"><strong>Pr\u00f3rroga del Estado de Emergencia Nacional<\/strong><\/td>\n<td width=\"434\">&#8211;\u00a0\u00a0\u00a0\u00a0\u00a0\u00a0\u00a0 A partir del jueves 01 de octubre de 2020 hasta el s\u00e1bado 31 de octubre de 2020.\n\n&#8211;\u00a0\u00a0\u00a0\u00a0\u00a0\u00a0\u00a0 Queda restringidos el ejercicio de los derechos relativos a la libertad y la seguridad personales, la inviolabilidad del domicilio, y la libertad de reuni\u00f3n y de tr\u00e1nsito en el territorio.<\/td>\n<\/tr>\n<tr>\n<td width=\"113\"><strong>Cuarentena Focalizada<\/strong><\/td>\n<td width=\"434\">&#8211;\u00a0\u00a0\u00a0\u00a0\u00a0\u00a0\u00a0 Se dispone el aislamiento social obligatorio (cuarentena) en las provincias de Abancay del departamento de Apur\u00edmac, Huamanga del departamento de Ayacucho y Hu\u00e1nuco del departamento de Hu\u00e1nuco.\n\n&#8211;\u00a0\u00a0\u00a0\u00a0\u00a0\u00a0\u00a0 En dichos lugares \u00fanicamente est\u00e1 permitido el desplazamiento de las personas para la prestaci\u00f3n y acceso a servicios y bienes esenciales, as\u00ed como para la prestaci\u00f3n de servicios de las actividades econ\u00f3micas autorizadas.<\/td>\n<\/tr>\n<tr>\n<td width=\"113\"><strong>Limitaci\u00f3n a la Libertad de Tr\u00e1nsito <\/strong><\/td>\n<td width=\"434\">&#8211;\u00a0\u00a0\u00a0\u00a0\u00a0\u00a0\u00a0 Se dispone la inmovilizaci\u00f3n social obligatoria desde las 23:00 horas hasta las 04:00 horas del d\u00eda siguiente, de lunes a domingo a nivel nacional.\n\n&#8211;\u00a0\u00a0\u00a0\u00a0\u00a0\u00a0\u00a0 En las provincias de Abancay, Huamanga y Hu\u00e1nuco la inmovilizaci\u00f3n social obligatoria rige de lunes a s\u00e1bado desde las 20:00 horas hasta las 04.00 horas del d\u00eda siguiente, y los domingos durante todo el d\u00eda hasta las 04:00 horas del d\u00eda siguiente.\n\n&#8211;\u00a0\u00a0\u00a0\u00a0\u00a0\u00a0\u00a0 En el caso de los departamentos de Cusco, Puno, Moquegua y Tacna, se mantiene la inmovilizaci\u00f3n social obligatoria los d\u00edas domingo durante todo el d\u00eda hasta las 04:00 horas del d\u00eda siguiente.\n\n&#8211;\u00a0\u00a0\u00a0\u00a0\u00a0\u00a0\u00a0 El domingo, durante todo el d\u00eda hasta las 4:00 horas del d\u00eda siguiente, se encuentra prohibida, a nivel nacional, la circulaci\u00f3n de veh\u00edculos particulares.\n\n&#8211;\u00a0\u00a0\u00a0\u00a0\u00a0\u00a0\u00a0 Durante la inmovilizaci\u00f3n social obligatoria, se except\u00faa el personal estrictamente necesario que participa en la prestaci\u00f3n de servicios esenciales y en actividades relacionadas con la reanudaci\u00f3n de actividades econ\u00f3micas. Asimismo, se permite que las farmacias y boticas puedan brindar atenci\u00f3n de acuerdo a la norma de la materia y la prensa escrita, radial o televisiva transite. De la misma forma se permite el desplazamiento de aquellas personas que requieren de una atenci\u00f3n m\u00e9dica urgente o de emergencia por encontrarse en grave riesgo su vida o salud y la adquisici\u00f3n de medicamentos.<\/td>\n<\/tr>\n<tr>\n<td width=\"113\"><strong>Restricci\u00f3n de reuniones<\/strong><\/td>\n<td width=\"434\">&#8211;\u00a0\u00a0\u00a0\u00a0\u00a0\u00a0\u00a0 Se ratifica que las reuniones sociales, incluyendo las que se realizan en los domicilios y visitas familiares, se encuentran prohibidas.<\/td>\n<\/tr>\n<tr>\n<td width=\"113\"><strong>Protecci\u00f3n de ni\u00f1os y adolescentes<\/strong><\/td>\n<td width=\"434\">&#8211;\u00a0\u00a0\u00a0\u00a0\u00a0\u00a0\u00a0 Los ni\u00f1os menores de 12 a\u00f1os deben permanecer en su domicilio.\n\n&#8211;\u00a0\u00a0\u00a0\u00a0\u00a0\u00a0\u00a0 Los ni\u00f1os y adolescentes mayores de 12 a\u00f1os pueden hacer un paseo diario acompa\u00f1ados de un adulto que resida en el mismo domicilio, por un m\u00e1ximo de 60 minutos, no superior a una distancia de 500 metros de su domicilio, mantenimiento una distancia social de 2 metros y pudiendo realizar actividades deportivas en parques y centros de esparcimiento.<\/td>\n<\/tr>\n<tr>\n<td width=\"113\"><strong>Grupo de riesgo<\/strong><\/td>\n<td width=\"434\">&#8211;\u00a0\u00a0\u00a0\u00a0\u00a0\u00a0\u00a0 Se ratifica que los adultos mayores de 65 a\u00f1os y los que presenten comorbilidades, no pueden salir de su domicilio, salvo las excepciones se\u00f1alada. Las personas en grupo de riesgo, no deben recibir visitas en su domicilio y tienen que evitar el contacto f\u00edsico con las personas que se desplazan fuera del domicilio.<\/td>\n<\/tr>\n<tr>\n<td width=\"113\"><strong>Actividades deportivas<\/strong><\/td>\n<td width=\"434\">&#8211;\u00a0\u00a0\u00a0\u00a0\u00a0\u00a0\u00a0 La pr\u00e1ctica deportiva al aire libre, de manera individual o en parejas, est\u00e1 permitida en los parques, centros de esparcimiento, clubes zonales u otros (autorizados), siempre que no implique contacto f\u00edsico y se respete el distanciamiento social.<\/td>\n<\/tr>\n<\/tbody>\n<\/table>\t\t\t\t\t\t\t\t<\/div>\n\t\t\t\t<\/div>\n\t\t\t\t\t<\/div>\n\t\t<\/div>\n\t\t\t\t\t<\/div>\n\t\t<\/section>\n\t\t\t\t<section class=\"elementor-section elementor-top-section elementor-element elementor-element-c856a82 elementor-section-boxed elementor-section-height-default elementor-section-height-default\" data-id=\"c856a82\" data-element_type=\"section\" data-e-type=\"section\">\n\t\t\t\t\t\t<div class=\"elementor-container elementor-column-gap-default\">\n\t\t\t\t\t<div class=\"elementor-column elementor-col-100 elementor-top-column elementor-element elementor-element-3c0055f\" data-id=\"3c0055f\" data-element_type=\"column\" data-e-type=\"column\">\n\t\t\t<div class=\"elementor-widget-wrap elementor-element-populated\">\n\t\t\t\t\t\t<div class=\"elementor-element elementor-element-4fd1057 elementor-widget-divider--view-line elementor-widget elementor-widget-divider\" data-id=\"4fd1057\" data-element_type=\"widget\" data-e-type=\"widget\" data-widget_type=\"divider.default\">\n\t\t\t\t<div class=\"elementor-widget-container\">\n\t\t\t\t\t\t\t<div class=\"elementor-divider\">\n\t\t\t<span class=\"elementor-divider-separator\">\n\t\t\t\t\t\t<\/span>\n\t\t<\/div>\n\t\t\t\t\t\t<\/div>\n\t\t\t\t<\/div>\n\t\t\t\t\t<\/div>\n\t\t<\/div>\n\t\t\t\t\t<\/div>\n\t\t<\/section>\n\t\t\t\t<section class=\"elementor-section elementor-top-section elementor-element elementor-element-a20287a elementor-section-boxed elementor-section-height-default elementor-section-height-default\" data-id=\"a20287a\" data-element_type=\"section\" data-e-type=\"section\">\n\t\t\t\t\t\t<div class=\"elementor-container elementor-column-gap-default\">\n\t\t\t\t\t<div class=\"elementor-column elementor-col-100 elementor-top-column elementor-element elementor-element-0be48dc\" data-id=\"0be48dc\" data-element_type=\"column\" data-e-type=\"column\">\n\t\t\t<div class=\"elementor-widget-wrap elementor-element-populated\">\n\t\t\t\t\t\t<div class=\"elementor-element elementor-element-7827bfa elementor-widget elementor-widget-text-editor\" data-id=\"7827bfa\" data-element_type=\"widget\" data-e-type=\"widget\" data-widget_type=\"text-editor.default\">\n\t\t\t\t<div class=\"elementor-widget-container\">\n\t\t\t\t\t\t\t\t\t<p>Para mayor informaci\u00f3n sobre el tema tratado contactarse con los abogados de nuestra \u00c1rea Laboral:<\/p><p>Alberto Varillas Cueto, Jaime Durand Planas, Macarena Morales Mailhe, Fressia Sanchez Tu\u00f1oque, Sara Kalinicos Garc\u00eda, Jos\u00e9 Andr\u00e9s Piedra Pereira; y Grecia Elena Aldonate Pinto.<\/p>\t\t\t\t\t\t\t\t<\/div>\n\t\t\t\t<\/div>\n\t\t\t\t\t<\/div>\n\t\t<\/div>\n\t\t\t\t\t<\/div>\n\t\t<\/section>\n\t\t\t\t<section class=\"elementor-section elementor-top-section elementor-element elementor-element-3ff9409 elementor-section-boxed elementor-section-height-default elementor-section-height-default\" data-id=\"3ff9409\" data-element_type=\"section\" data-e-type=\"section\">\n\t\t\t\t\t\t<div class=\"elementor-container elementor-column-gap-default\">\n\t\t\t\t\t<div class=\"elementor-column elementor-col-100 elementor-top-column elementor-element elementor-element-55c3a82\" data-id=\"55c3a82\" data-element_type=\"column\" data-e-type=\"column\">\n\t\t\t<div class=\"elementor-widget-wrap elementor-element-populated\">\n\t\t\t\t\t\t<div class=\"elementor-element elementor-element-43fcba5 elementor-widget-divider--view-line elementor-widget elementor-widget-divider\" data-id=\"43fcba5\" data-element_type=\"widget\" data-e-type=\"widget\" data-widget_type=\"divider.default\">\n\t\t\t\t<div class=\"elementor-widget-container\">\n\t\t\t\t\t\t\t<div class=\"elementor-divider\">\n\t\t\t<span class=\"elementor-divider-separator\">\n\t\t\t\t\t\t<\/span>\n\t\t<\/div>\n\t\t\t\t\t\t<\/div>\n\t\t\t\t<\/div>\n\t\t\t\t\t<\/div>\n\t\t<\/div>\n\t\t\t\t\t<\/div>\n\t\t<\/section>\n\t\t\t\t<section class=\"elementor-section elementor-top-section elementor-element elementor-element-9b93031 elementor-section-boxed elementor-section-height-default elementor-section-height-default\" data-id=\"9b93031\" data-element_type=\"section\" data-e-type=\"section\">\n\t\t\t\t\t\t<div class=\"elementor-container elementor-column-gap-default\">\n\t\t\t\t\t<div class=\"elementor-column elementor-col-100 elementor-top-column elementor-element elementor-element-bc455ec\" data-id=\"bc455ec\" data-element_type=\"column\" data-e-type=\"column\">\n\t\t\t<div class=\"elementor-widget-wrap elementor-element-populated\">\n\t\t\t\t\t\t<div class=\"elementor-element elementor-element-dea871f elementor-widget elementor-widget-text-editor\" data-id=\"dea871f\" data-element_type=\"widget\" data-e-type=\"widget\" data-widget_type=\"text-editor.default\">\n\t\t\t\t<div class=\"elementor-widget-container\">\n\t\t\t\t\t\t\t\t\t<p class=\"MsoNormal\" style=\"text-align: justify; tab-stops: 27.0pt;\"><span style=\"font-family: 'Arial Narrow',sans-serif;\">La informaci\u00f3n contenida en este documento no constituye ni pretende constituir asesor\u00eda o asistencia legal directa o indirecta de ninguna especie, ni establece ning\u00fan tipo de relaci\u00f3n profesional. Asimismo, tampoco pretende hacer publicidad de los servicios prestados por nuestra firma ni por ninguno de sus abogados. El \u00fanico prop\u00f3sito es dar informaci\u00f3n de car\u00e1cter general respecto de temas que pueden ser de inter\u00e9s para los clientes y amigos de nuestra firma. Este informativo, as\u00ed como otros informes generales y art\u00edculos de inter\u00e9s preparados por los abogados del Estudio podr\u00e1n encontrarse en nuestra p\u00e1gina web: <u><span style=\"color: blue;\">www.garciasayan.com.pe<\/span><\/u><\/span><\/p>\t\t\t\t\t\t\t\t<\/div>\n\t\t\t\t<\/div>\n\t\t\t\t\t<\/div>\n\t\t<\/div>\n\t\t\t\t\t<\/div>\n\t\t<\/section>\n\t\t\t\t<\/div>\n\t\t","protected":false},"excerpt":{"rendered":"<p>En la fecha se public\u00f3 el Decreto Supremo N\u00b0 156-2020-PCM, el mismo que prorroga el Estado de Emergencia Nacional a partir del 1 de octubre de 2020 hasta el 31 de octubre de 2020. Asimismo, se han modificado una serie de disposiciones en torno a esta medida. &nbsp; En ese sentido, la norma comentada contiene [&hellip;]<\/p>\n","protected":false},"author":5,"featured_media":9605,"comment_status":"open","ping_status":"open","sticky":false,"template":"","format":"standard","meta":{"nf_dc_page":"","content-type":"","footnotes":""},"categories":[90,83,37],"class_list":["post-12204","post","type-post","status-publish","format-standard","has-post-thumbnail","hentry","category-boletin-informativo","category-covid-19","category-laboral"],"_links":{"self":[{"href":"https:\/\/gsalegal.pe\/en\/wp-json\/wp\/v2\/posts\/12204","targetHints":{"allow":["GET"]}}],"collection":[{"href":"https:\/\/gsalegal.pe\/en\/wp-json\/wp\/v2\/posts"}],"about":[{"href":"https:\/\/gsalegal.pe\/en\/wp-json\/wp\/v2\/types\/post"}],"author":[{"embeddable":true,"href":"https:\/\/gsalegal.pe\/en\/wp-json\/wp\/v2\/users\/5"}],"replies":[{"embeddable":true,"href":"https:\/\/gsalegal.pe\/en\/wp-json\/wp\/v2\/comments?post=12204"}],"version-history":[{"count":0,"href":"https:\/\/gsalegal.pe\/en\/wp-json\/wp\/v2\/posts\/12204\/revisions"}],"wp:featuredmedia":[{"embeddable":true,"href":"https:\/\/gsalegal.pe\/en\/wp-json\/"}],"wp:attachment":[{"href":"https:\/\/gsalegal.pe\/en\/wp-json\/wp\/v2\/media?parent=12204"}],"wp:term":[{"taxonomy":"category","embeddable":true,"href":"https:\/\/gsalegal.pe\/en\/wp-json\/wp\/v2\/categories?post=12204"}],"curies":[{"name":"wp","href":"https:\/\/api.w.org\/{rel}","templated":true}]}}