{"id":12212,"date":"2020-09-28T16:11:56","date_gmt":"2020-09-28T21:11:56","guid":{"rendered":"http:\/\/localhost\/wordpress\/?p=12212"},"modified":"2020-09-28T16:11:56","modified_gmt":"2020-09-28T21:11:56","slug":"crean-los-comites-de-gestion-minero-energetico-como-mecanismo-de-coordinacion-y-articulacion-de-alcance-regional","status":"publish","type":"post","link":"https:\/\/gsalegal.pe\/en\/crean-los-comites-de-gestion-minero-energetico-como-mecanismo-de-coordinacion-y-articulacion-de-alcance-regional\/","title":{"rendered":"Crean los \u201cComit\u00e9s de Gesti\u00f3n Minero Energ\u00e9tico\u201d, como mecanismo de coordinaci\u00f3n y articulaci\u00f3n de alcance regional"},"content":{"rendered":"\t\t<div data-elementor-type=\"wp-post\" data-elementor-id=\"12212\" class=\"elementor elementor-12212\">\n\t\t\t\t\t\t<section class=\"elementor-section elementor-top-section elementor-element elementor-element-821cc88 elementor-section-boxed elementor-section-height-default elementor-section-height-default\" data-id=\"821cc88\" data-element_type=\"section\" data-e-type=\"section\">\n\t\t\t\t\t\t<div class=\"elementor-container elementor-column-gap-default\">\n\t\t\t\t\t<div class=\"elementor-column elementor-col-100 elementor-top-column elementor-element elementor-element-f333aa9\" data-id=\"f333aa9\" data-element_type=\"column\" data-e-type=\"column\">\n\t\t\t<div class=\"elementor-widget-wrap elementor-element-populated\">\n\t\t\t\t\t\t<div class=\"elementor-element elementor-element-c3ffa56 elementor-widget elementor-widget-text-editor\" data-id=\"c3ffa56\" data-element_type=\"widget\" data-e-type=\"widget\" data-widget_type=\"text-editor.default\">\n\t\t\t\t<div class=\"elementor-widget-container\">\n\t\t\t\t\t\t\t\t\tEl 26 de septiembre de 2020, a trav\u00e9s de la Resoluci\u00f3n Ministerial N\u00b0 288-2020-MINEM\/DM, se public\u00f3 la Resoluci\u00f3n por la que se dispone la Creaci\u00f3n de los \u201cComit\u00e9s de Gesti\u00f3n Minero Energ\u00e9tico\u201d como un mecanismo de coordinaci\u00f3n y articulaci\u00f3n, de alcance regional, a fin de adoptar decisiones para lograr el desarrollo sostenible de las actividades minero energ\u00e9ticas. En ese sentido, cabe resaltar los siguientes aspectos sobre los Comit\u00e9s:\n<table><table border=\"1\">\n<tbody>\n<tr>\n<td width=\"104\">Conformaci\u00f3n<\/td>\n<td width=\"485\">Dos (2) representantes del Ministerio de Energ\u00eda y Minas &#8211; MINEM, uno de los cuales se desempe\u00f1ar\u00e1 como presidente, y un (1) representante de la Gerencia y\/o Direcci\u00f3n Regional de Energ\u00eda y Minas de la respectiva regi\u00f3n.<\/td>\n<\/tr>\n<tr>\n<td width=\"104\">Funciones<\/td>\n<td width=\"485\">a) Identificar proyectos de desarrollo y bienestar social en favor de las poblaciones relacionadas a las operaciones y proyectos minero energ\u00e9ticos;\n\nb) Identificar las buenas pr\u00e1cticas minero energ\u00e9ticas a fin de promover un mejor relacionamiento de las empresas con las poblaciones asentadas;\n\nc) Promover avances en el cumplimiento de los compromisos asumidos por el sector, as\u00ed como en otras actividades y acciones desarrolladas por las empresas y el Estado, en relaci\u00f3n a proyectos minero energ\u00e9ticos;\n\nd) Impulsar espacios de informaci\u00f3n acerca de las actividades minero energ\u00e9ticas y de los proyectos en desarrollo;\n\ne) Otras funciones necesarias para el cumplimiento de su objeto.<\/td>\n<\/tr>\n<tr>\n<td width=\"104\">Vigencia<\/td>\n<td width=\"485\">Son de naturaleza temporal y tienen una vigencia de tres (3) a\u00f1os, prorrogables por el mismo periodo.<\/td>\n<\/tr>\n<\/tbody>\n<\/table>\nAsimismo, se dispone que dentro de los quince (15) d\u00edas h\u00e1biles siguientes a la publicaci\u00f3n de la Resoluci\u00f3n en referencia, el MINEM debe aprobar los Lineamientos para el funcionamiento de los Comit\u00e9s.\t\t\t\t\t\t\t\t<\/div>\n\t\t\t\t<\/div>\n\t\t\t\t\t<\/div>\n\t\t<\/div>\n\t\t\t\t\t<\/div>\n\t\t<\/section>\n\t\t\t\t<section class=\"elementor-section elementor-top-section elementor-element elementor-element-40755ee elementor-section-boxed elementor-section-height-default elementor-section-height-default\" data-id=\"40755ee\" data-element_type=\"section\" data-e-type=\"section\">\n\t\t\t\t\t\t<div class=\"elementor-container elementor-column-gap-default\">\n\t\t\t\t\t<div class=\"elementor-column elementor-col-100 elementor-top-column elementor-element elementor-element-3e00f37\" data-id=\"3e00f37\" data-element_type=\"column\" data-e-type=\"column\">\n\t\t\t<div class=\"elementor-widget-wrap elementor-element-populated\">\n\t\t\t\t\t\t<div class=\"elementor-element elementor-element-cb64e76 elementor-widget-divider--view-line elementor-widget elementor-widget-divider\" data-id=\"cb64e76\" data-element_type=\"widget\" data-e-type=\"widget\" data-widget_type=\"divider.default\">\n\t\t\t\t<div class=\"elementor-widget-container\">\n\t\t\t\t\t\t\t<div class=\"elementor-divider\">\n\t\t\t<span class=\"elementor-divider-separator\">\n\t\t\t\t\t\t<\/span>\n\t\t<\/div>\n\t\t\t\t\t\t<\/div>\n\t\t\t\t<\/div>\n\t\t\t\t\t<\/div>\n\t\t<\/div>\n\t\t\t\t\t<\/div>\n\t\t<\/section>\n\t\t\t\t<section class=\"elementor-section elementor-top-section elementor-element elementor-element-87ee6ae elementor-section-boxed elementor-section-height-default elementor-section-height-default\" data-id=\"87ee6ae\" data-element_type=\"section\" data-e-type=\"section\">\n\t\t\t\t\t\t<div class=\"elementor-container elementor-column-gap-default\">\n\t\t\t\t\t<div class=\"elementor-column elementor-col-100 elementor-top-column elementor-element elementor-element-bce6ede\" data-id=\"bce6ede\" data-element_type=\"column\" data-e-type=\"column\">\n\t\t\t<div class=\"elementor-widget-wrap elementor-element-populated\">\n\t\t\t\t\t\t<div class=\"elementor-element elementor-element-5a922ec elementor-widget elementor-widget-text-editor\" data-id=\"5a922ec\" data-element_type=\"widget\" data-e-type=\"widget\" data-widget_type=\"text-editor.default\">\n\t\t\t\t<div class=\"elementor-widget-container\">\n\t\t\t\t\t\t\t\t\t<p>Para m\u00e1s informaci\u00f3n sobre los temas tratados contactarse con los abogados de nuestra \u00c1rea de Recursos Naturales y Medio Ambiente:<\/p><p>Jos\u00e9 Miguel Morales Dasso, Alberto Varillas Cueto, Edgardo Portaro van Oordt, Felipe Del \u00c1guila, Samantha Boy Roca y Jos\u00e9 Castillo.<\/p>\t\t\t\t\t\t\t\t<\/div>\n\t\t\t\t<\/div>\n\t\t\t\t\t<\/div>\n\t\t<\/div>\n\t\t\t\t\t<\/div>\n\t\t<\/section>\n\t\t\t\t<section class=\"elementor-section elementor-top-section elementor-element elementor-element-dc84c47 elementor-section-boxed elementor-section-height-default elementor-section-height-default\" data-id=\"dc84c47\" data-element_type=\"section\" data-e-type=\"section\">\n\t\t\t\t\t\t<div class=\"elementor-container elementor-column-gap-default\">\n\t\t\t\t\t<div class=\"elementor-column elementor-col-100 elementor-top-column elementor-element elementor-element-5ba853b\" data-id=\"5ba853b\" data-element_type=\"column\" data-e-type=\"column\">\n\t\t\t<div class=\"elementor-widget-wrap elementor-element-populated\">\n\t\t\t\t\t\t<div class=\"elementor-element elementor-element-7da643f elementor-widget-divider--view-line elementor-widget elementor-widget-divider\" data-id=\"7da643f\" data-element_type=\"widget\" data-e-type=\"widget\" data-widget_type=\"divider.default\">\n\t\t\t\t<div class=\"elementor-widget-container\">\n\t\t\t\t\t\t\t<div class=\"elementor-divider\">\n\t\t\t<span class=\"elementor-divider-separator\">\n\t\t\t\t\t\t<\/span>\n\t\t<\/div>\n\t\t\t\t\t\t<\/div>\n\t\t\t\t<\/div>\n\t\t\t\t\t<\/div>\n\t\t<\/div>\n\t\t\t\t\t<\/div>\n\t\t<\/section>\n\t\t\t\t<section class=\"elementor-section elementor-top-section elementor-element elementor-element-b729f32 elementor-section-boxed elementor-section-height-default elementor-section-height-default\" data-id=\"b729f32\" data-element_type=\"section\" data-e-type=\"section\">\n\t\t\t\t\t\t<div class=\"elementor-container elementor-column-gap-default\">\n\t\t\t\t\t<div class=\"elementor-column elementor-col-100 elementor-top-column elementor-element elementor-element-6ef8234\" data-id=\"6ef8234\" data-element_type=\"column\" data-e-type=\"column\">\n\t\t\t<div class=\"elementor-widget-wrap elementor-element-populated\">\n\t\t\t\t\t\t<div class=\"elementor-element elementor-element-d95b180 elementor-widget elementor-widget-text-editor\" data-id=\"d95b180\" data-element_type=\"widget\" data-e-type=\"widget\" data-widget_type=\"text-editor.default\">\n\t\t\t\t<div class=\"elementor-widget-container\">\n\t\t\t\t\t\t\t\t\t<p class=\"MsoNormal\" style=\"margin-bottom: 0cm; text-align: justify; line-height: normal; mso-layout-grid-align: none; text-autospace: none;\"><span style=\"font-family: 'Arial Narrow',sans-serif; mso-bidi-font-family: ArialNarrow; color: #818181;\">La informaci\u00f3n contenida en este documento no constituye ni pretende constituir asesor\u00eda o asistencia legal directa o indirecta de ninguna especie, ni establece ning\u00fan tipo de relaci\u00f3n profesional.<\/span><\/p><p>\u00a0<\/p><p class=\"MsoNormal\" style=\"margin-bottom: 0cm; text-align: justify; line-height: normal; mso-layout-grid-align: none; text-autospace: none;\"><span style=\"font-family: 'Arial Narrow',sans-serif; mso-bidi-font-family: ArialNarrow; color: #818181;\">Asimismo, tampoco pretende hacer publicidad de los servicios prestados por nuestra firma ni por ninguno de sus abogados. El \u00fanico prop\u00f3sito es dar informaci\u00f3n de car\u00e1cter general respecto de temas que pueden ser de inter\u00e9s para los clientes y amigos de nuestra firma. Este informativo, as\u00ed como otros informes generales y art\u00edculos de inter\u00e9s preparados por los abogados del Estudio podr\u00e1n encontrarse en nuestra p\u00e1gina web: www.garciasayan.com.pe<\/span><\/p>\t\t\t\t\t\t\t\t<\/div>\n\t\t\t\t<\/div>\n\t\t\t\t\t<\/div>\n\t\t<\/div>\n\t\t\t\t\t<\/div>\n\t\t<\/section>\n\t\t\t\t<\/div>\n\t\t","protected":false},"excerpt":{"rendered":"<p>El 26 de septiembre de 2020, a trav\u00e9s de la Resoluci\u00f3n Ministerial N\u00b0 288-2020-MINEM\/DM, se public\u00f3 la Resoluci\u00f3n por la que se dispone la Creaci\u00f3n de los \u201cComit\u00e9s de Gesti\u00f3n Minero Energ\u00e9tico\u201d como un mecanismo de coordinaci\u00f3n y articulaci\u00f3n, de alcance regional, a fin de adoptar decisiones para lograr el desarrollo sostenible de las actividades [&hellip;]<\/p>\n","protected":false},"author":5,"featured_media":9366,"comment_status":"closed","ping_status":"open","sticky":false,"template":"","format":"standard","meta":{"nf_dc_page":"","content-type":"","footnotes":""},"categories":[90,83,79],"class_list":["post-12212","post","type-post","status-publish","format-standard","has-post-thumbnail","hentry","category-boletin-informativo","category-covid-19","category-recursos-naturales"],"_links":{"self":[{"href":"https:\/\/gsalegal.pe\/en\/wp-json\/wp\/v2\/posts\/12212","targetHints":{"allow":["GET"]}}],"collection":[{"href":"https:\/\/gsalegal.pe\/en\/wp-json\/wp\/v2\/posts"}],"about":[{"href":"https:\/\/gsalegal.pe\/en\/wp-json\/wp\/v2\/types\/post"}],"author":[{"embeddable":true,"href":"https:\/\/gsalegal.pe\/en\/wp-json\/wp\/v2\/users\/5"}],"replies":[{"embeddable":true,"href":"https:\/\/gsalegal.pe\/en\/wp-json\/wp\/v2\/comments?post=12212"}],"version-history":[{"count":0,"href":"https:\/\/gsalegal.pe\/en\/wp-json\/wp\/v2\/posts\/12212\/revisions"}],"wp:featuredmedia":[{"embeddable":true,"href":"https:\/\/gsalegal.pe\/en\/wp-json\/"}],"wp:attachment":[{"href":"https:\/\/gsalegal.pe\/en\/wp-json\/wp\/v2\/media?parent=12212"}],"wp:term":[{"taxonomy":"category","embeddable":true,"href":"https:\/\/gsalegal.pe\/en\/wp-json\/wp\/v2\/categories?post=12212"}],"curies":[{"name":"wp","href":"https:\/\/api.w.org\/{rel}","templated":true}]}}