{"id":12229,"date":"2020-10-01T19:19:31","date_gmt":"2020-10-02T00:19:31","guid":{"rendered":"http:\/\/localhost\/wordpress\/?p=12229"},"modified":"2020-10-01T19:19:31","modified_gmt":"2020-10-02T00:19:31","slug":"ley-de-los-trabajadores-del-hogar-nuevas-disposiciones","status":"publish","type":"post","link":"https:\/\/gsalegal.pe\/en\/ley-de-los-trabajadores-del-hogar-nuevas-disposiciones\/","title":{"rendered":"Ley de los Trabajadores del Hogar: Nuevas disposiciones"},"content":{"rendered":"\t\t<div data-elementor-type=\"wp-post\" data-elementor-id=\"12229\" class=\"elementor elementor-12229\">\n\t\t\t\t\t\t<section class=\"elementor-section elementor-top-section elementor-element elementor-element-ee05cf1 elementor-section-boxed elementor-section-height-default elementor-section-height-default\" data-id=\"ee05cf1\" data-element_type=\"section\" data-e-type=\"section\">\n\t\t\t\t\t\t<div class=\"elementor-container elementor-column-gap-default\">\n\t\t\t\t\t<div class=\"elementor-column elementor-col-100 elementor-top-column elementor-element elementor-element-c820e19\" data-id=\"c820e19\" data-element_type=\"column\" data-e-type=\"column\">\n\t\t\t<div class=\"elementor-widget-wrap elementor-element-populated\">\n\t\t\t\t\t\t<div class=\"elementor-element elementor-element-912d376 elementor-widget elementor-widget-text-editor\" data-id=\"912d376\" data-element_type=\"widget\" data-e-type=\"widget\" data-widget_type=\"text-editor.default\">\n\t\t\t\t<div class=\"elementor-widget-container\">\n\t\t\t\t\t\t\t\t\tEn la fecha, se emiti\u00f3 la Ley N\u00b0 31047, Ley de las Trabajadoras y Trabajadores del Hogar, la cual establece las siguientes disposiciones:\n<table width=\"567\"> <table border=\"1\">\n<tbody>\n<tr>\n<td width=\"123\"><strong>\u00a0<\/strong><\/td>\n<td width=\"444\"><strong>Disposiciones<\/strong><\/td>\n<\/tr>\n<tr>\n<td width=\"123\"><strong>\u00c1mbito de aplicaci\u00f3n<\/strong><\/td>\n<td width=\"444\">Se aplica a aquellas personas que realicen labores propias del desenvolvimiento de la vida de un hogar y conservaci\u00f3n de una casa habitaci\u00f3n, siempre que no importen negocio o lucro econ\u00f3mico directo para la persona empleadora o sus familaires.\n\nDichas labores incluyen tareas dome\u0301sticas, tales como la limpieza, cocina, ayudante de cocina, lavado, planchado, asistencia, mantenimiento, cuidado de nin\u0303as, nin\u0303os y adolescentes, personas adultas mayores, personas enfermas, personas con discapacidad u otras personas dependientes del hogar, cuidado de mascotas dome\u0301sticas, cuidado del hogar, entre otras.<\/td>\n<\/tr>\n<tr>\n<td width=\"123\"><strong>Contrato de Trabajo<\/strong><\/td>\n<td width=\"444\">Se presume que es a plazo indeterminado, salvo prueba en contrario. Asimismo, se celebra por escrito, por duplicado y el empleador es el encargado de registrar el contrato en el aplicativo web del MTPE (el cual deber\u00e1 ser implementado por dicho Ministerio en el plazo m\u00e1ximo de 90 d\u00edas)<\/td>\n<\/tr>\n<tr>\n<td width=\"123\"><strong>Remuneraci\u00f3n<\/strong><\/td>\n<td width=\"444\">No podr\u00e1 ser inferior a la remuneraci\u00f3n m\u00ednima vital (S\/930.00) por jornada completa de ocho (8) horas diarias o cuarenta y ocho (48) horas semanales.\n\nAunado a ello, la remuneraci\u00f3n puede pagarse en forma semanal, quincenal o mensual de acuerdo a lo establecido por ambas partes.<\/td>\n<\/tr>\n<tr>\n<td width=\"123\"><strong>Jornada de trabajo y acceso a beneficios sociales<\/strong><\/td>\n<td width=\"444\">La jornada ordinaria m\u00e1xima ser\u00e1 de ocho (8) horas diarias o cuarenta y ocho (48) horas semanales.\n\nTodo trabajo realizado fuera de la jornada de trabajo; as\u00ed como los per\u00edodos en los cuales el trabajador no dispone libremente de su tiempo por permanecer en el hogar o centro de trabajo a \u00f3rdenes del empleador, son considerados horas de trabajo extraordinario, y deber\u00e1n ser pagados con las sobretasas de ley.\n\nLos trabajadores a tiempo parcial tendr\u00e1n derecho a acceder a los beneficios\u00a0 siempre que desarrollen sus servicios en una jornada de al menos 4 horas d\u00edas en promedio.<\/td>\n<\/tr>\n<tr>\n<td width=\"123\"><strong>Gratificaci\u00f3n y CTS<\/strong><\/td>\n<td width=\"444\">Tienen derecho a gratificaci\u00f3n por Fiestas Patrias y por Navidad, siendo cada una equivalente al monto total de la remuneraci\u00f3n mensual y deben ser abonados en la primera quincena de los meses de julio y diciembre. Asimismo, tienen derecho a CTS siendo aplicables las disposiciones m\u00e1s beneficiosas de la norma que regula dicho beneficio para equipararse al marco general.\n\n<strong>NOTA: <\/strong><em>La norma anterior reconoc\u00eda el derecho a percibir el equivalente a 15 d\u00edas calendario de remuneraci\u00f3n por cada gratificaci\u00f3n y CTS.<\/em><\/td>\n<\/tr>\n<tr>\n<td width=\"123\"><strong>Descansos Remunerados<\/strong><\/td>\n<td width=\"444\">Tienen derecho a un descanso anual remunerado (vacaciones) de treinta (30) d\u00edas calendario luego de un a\u00f1o continuo de servicios.\n\nAsimismo, se establece el d\u00eda 30 de marzo de cada a\u00f1o como el D\u00eda de las trabajadoras y trabajadores del Hogar.\n\n<strong><em>NOTA: <\/em><\/strong><em>La norma anterior reconoc\u00eda s\u00f3lo 15 d\u00edas calendario de vacaciones <strong>\u00a0<\/strong><\/em><\/td>\n<\/tr>\n<tr>\n<td width=\"123\"><strong>Derecho a la educaci\u00f3n<\/strong><\/td>\n<td width=\"444\">El empleador debe brindar las facilidades para que la jornada de trabajo dom\u00e9stico permita su acceso a la educaci\u00f3n b\u00e1sica obligatoria o a la formaci\u00f3n profesional o t\u00e9cnica.<\/td>\n<\/tr>\n<tr>\n<td width=\"123\"><strong>Edad M\u00ednima <\/strong><\/td>\n<td width=\"444\">Es de dieciocho (18) a\u00f1os.<\/td>\n<\/tr>\n<tr>\n<td width=\"123\"><strong>Extinci\u00f3n del V\u00ednculo de Trabajo<\/strong><\/td>\n<td width=\"444\">Se rige por las normas del r\u00e9gimen general de la actividad privada en lo que se aplicable. El trabajador del hogar puede renunciar al empleo otorgando al empleador un preaviso de treinta (30) d\u00edas calendario de anticipaci\u00f3n, dicho plazo puede ser exonerado por iniciativa propia o a pedido del trabajador.\n\n<strong><em>NOTA:<\/em><\/strong><em> La norma anterior establec\u00eda la desvinculaci\u00f3n con un preaviso de 15 d\u00edas calendario o la sustituci\u00f3n de dicho preaviso con el pago de la remuneraci\u00f3n de dichos d\u00edas <\/em><\/td>\n<\/tr>\n<tr>\n<td width=\"123\"><strong>Derechos Colectivos<\/strong><\/td>\n<td width=\"444\">Se les garantiza la libertad sindical, el fomento de la negociaci\u00f3n colectiva y el respeto del derecho a la huelga.<\/td>\n<\/tr>\n<tr>\n<td width=\"123\"><strong>Protecci\u00f3n de la maternidad<\/strong><\/td>\n<td width=\"444\">Se otorga protecci\u00f3n desde la etapa de gestaci\u00f3n siendo nulo el despido por motivo de maternidad. Asimismo, tienen derecho al descanso pre y post natal conforme a las normas del r\u00e9gimen laboral general de la actividad privada.<\/td>\n<\/tr>\n<tr>\n<td width=\"123\"><strong>Seguridad Social y Pensi\u00f3n<\/strong><\/td>\n<td width=\"444\">Son afiliados regulares en EsSalud para la cobertura en salud; as\u00ed como; tienen la calidad de asegurados regulares obligatorios al sistema de pensiones (ONP o AFP). El aporte para la cobertura en salud est\u00e1 a cargo de la parte empleadora; as\u00ed como; es obligaci\u00f3n de la misma retener el aporte correspondiente al sistema de pensiones elegido, el cual ser\u00e1 de cargo del trabajador.<\/td>\n<\/tr>\n<\/tbody>\n<\/table>\nA la fecha de aprobaci\u00f3n de la presente ley, no se podr\u00e1n reducir las remuneraciones y otros derechos que se paguen a la persona trabajadora del hogar.\n\nLo se\u00f1alado en la ley analizada, deber\u00e1 ser reglamentado por el Poder Ejecutivo en un plazo no mayor de noventa (90) d\u00edas contados desde su vigencia, es decir, hasta el 30 de diciembre de 2020.\t\t\t\t\t\t\t\t<\/div>\n\t\t\t\t<\/div>\n\t\t\t\t\t<\/div>\n\t\t<\/div>\n\t\t\t\t\t<\/div>\n\t\t<\/section>\n\t\t\t\t<section class=\"elementor-section elementor-top-section elementor-element elementor-element-49556e2 elementor-section-boxed elementor-section-height-default elementor-section-height-default\" data-id=\"49556e2\" data-element_type=\"section\" data-e-type=\"section\">\n\t\t\t\t\t\t<div class=\"elementor-container elementor-column-gap-default\">\n\t\t\t\t\t<div class=\"elementor-column elementor-col-100 elementor-top-column elementor-element elementor-element-cb509e2\" data-id=\"cb509e2\" data-element_type=\"column\" data-e-type=\"column\">\n\t\t\t<div class=\"elementor-widget-wrap elementor-element-populated\">\n\t\t\t\t\t\t<div class=\"elementor-element elementor-element-bdc7507 elementor-widget-divider--view-line elementor-widget elementor-widget-divider\" data-id=\"bdc7507\" data-element_type=\"widget\" data-e-type=\"widget\" data-widget_type=\"divider.default\">\n\t\t\t\t<div class=\"elementor-widget-container\">\n\t\t\t\t\t\t\t<div class=\"elementor-divider\">\n\t\t\t<span class=\"elementor-divider-separator\">\n\t\t\t\t\t\t<\/span>\n\t\t<\/div>\n\t\t\t\t\t\t<\/div>\n\t\t\t\t<\/div>\n\t\t\t\t\t<\/div>\n\t\t<\/div>\n\t\t\t\t\t<\/div>\n\t\t<\/section>\n\t\t\t\t<section class=\"elementor-section elementor-top-section elementor-element elementor-element-43d0da6 elementor-section-boxed elementor-section-height-default elementor-section-height-default\" data-id=\"43d0da6\" data-element_type=\"section\" data-e-type=\"section\">\n\t\t\t\t\t\t<div class=\"elementor-container elementor-column-gap-default\">\n\t\t\t\t\t<div class=\"elementor-column elementor-col-100 elementor-top-column elementor-element elementor-element-104463d\" data-id=\"104463d\" data-element_type=\"column\" data-e-type=\"column\">\n\t\t\t<div class=\"elementor-widget-wrap elementor-element-populated\">\n\t\t\t\t\t\t<div class=\"elementor-element elementor-element-9ed5fb9 elementor-widget elementor-widget-text-editor\" data-id=\"9ed5fb9\" data-element_type=\"widget\" data-e-type=\"widget\" data-widget_type=\"text-editor.default\">\n\t\t\t\t<div class=\"elementor-widget-container\">\n\t\t\t\t\t\t\t\t\t<p>Para mayor informaci\u00f3n sobre el tema tratado contactarse con los abogados de nuestra \u00c1rea Laboral:<\/p><p>Alberto Varillas Cueto, Jaime Durand Planas, Macarena Morales Mailhe, Fressia Sanchez Tu\u00f1oque, Sara Kalinicos Garc\u00eda, Jos\u00e9 Andr\u00e9s Piedra Pereira; y Grecia Elena Aldonate Pinto.<\/p>\t\t\t\t\t\t\t\t<\/div>\n\t\t\t\t<\/div>\n\t\t\t\t\t<\/div>\n\t\t<\/div>\n\t\t\t\t\t<\/div>\n\t\t<\/section>\n\t\t\t\t<section class=\"elementor-section elementor-top-section elementor-element elementor-element-144c173 elementor-section-boxed elementor-section-height-default elementor-section-height-default\" data-id=\"144c173\" data-element_type=\"section\" data-e-type=\"section\">\n\t\t\t\t\t\t<div class=\"elementor-container elementor-column-gap-default\">\n\t\t\t\t\t<div class=\"elementor-column elementor-col-100 elementor-top-column elementor-element elementor-element-2a70714\" data-id=\"2a70714\" data-element_type=\"column\" data-e-type=\"column\">\n\t\t\t<div class=\"elementor-widget-wrap elementor-element-populated\">\n\t\t\t\t\t\t<div class=\"elementor-element elementor-element-dea07fc elementor-widget-divider--view-line elementor-widget elementor-widget-divider\" data-id=\"dea07fc\" data-element_type=\"widget\" data-e-type=\"widget\" data-widget_type=\"divider.default\">\n\t\t\t\t<div class=\"elementor-widget-container\">\n\t\t\t\t\t\t\t<div class=\"elementor-divider\">\n\t\t\t<span class=\"elementor-divider-separator\">\n\t\t\t\t\t\t<\/span>\n\t\t<\/div>\n\t\t\t\t\t\t<\/div>\n\t\t\t\t<\/div>\n\t\t\t\t\t<\/div>\n\t\t<\/div>\n\t\t\t\t\t<\/div>\n\t\t<\/section>\n\t\t\t\t<section class=\"elementor-section elementor-top-section elementor-element elementor-element-8b2852f elementor-section-boxed elementor-section-height-default elementor-section-height-default\" data-id=\"8b2852f\" data-element_type=\"section\" data-e-type=\"section\">\n\t\t\t\t\t\t<div class=\"elementor-container elementor-column-gap-default\">\n\t\t\t\t\t<div class=\"elementor-column elementor-col-100 elementor-top-column elementor-element elementor-element-d6fc5b0\" data-id=\"d6fc5b0\" data-element_type=\"column\" data-e-type=\"column\">\n\t\t\t<div class=\"elementor-widget-wrap elementor-element-populated\">\n\t\t\t\t\t\t<div class=\"elementor-element elementor-element-d75edf1 elementor-widget elementor-widget-text-editor\" data-id=\"d75edf1\" data-element_type=\"widget\" data-e-type=\"widget\" data-widget_type=\"text-editor.default\">\n\t\t\t\t<div class=\"elementor-widget-container\">\n\t\t\t\t\t\t\t\t\t<p class=\"MsoNormal\" style=\"margin-bottom: 0cm; text-align: justify; line-height: normal; tab-stops: 27.0pt;\"><span style=\"font-size: 10.0pt; font-family: 'Arial Narrow',sans-serif;\">La informaci\u00f3n contenida en este documento no constituye ni pretende constituir asesor\u00eda o asistencia legal directa o indirecta de ninguna especie, ni establece ning\u00fan tipo de relaci\u00f3n profesional. Asimismo, tampoco pretende hacer publicidad de los servicios prestados por nuestra firma ni por ninguno de sus abogados. El \u00fanico prop\u00f3sito es dar informaci\u00f3n de car\u00e1cter general respecto de temas que pueden ser de inter\u00e9s para los clientes y amigos de nuestra firma. Este informativo, as\u00ed como otros informes generales y art\u00edculos de inter\u00e9s preparados por los abogados del Estudio podr\u00e1n encontrarse en nuestra p\u00e1gina web: <\/span><a href=\"http:\/\/localhost\/wordpress.pe\/\" target=\"_blank\" rel=\"noopener\"><span style=\"font-size: 10.0pt; font-family: 'Arial Narrow',sans-serif; color: blue;\">www.garciasayan.com.pe<\/span><\/a><\/p>\t\t\t\t\t\t\t\t<\/div>\n\t\t\t\t<\/div>\n\t\t\t\t\t<\/div>\n\t\t<\/div>\n\t\t\t\t\t<\/div>\n\t\t<\/section>\n\t\t\t\t<\/div>\n\t\t","protected":false},"excerpt":{"rendered":"<p>En la fecha, se emiti\u00f3 la Ley N\u00b0 31047, Ley de las Trabajadoras y Trabajadores del Hogar, la cual establece las siguientes disposiciones: \u00a0 Disposiciones \u00c1mbito de aplicaci\u00f3n Se aplica a aquellas personas que realicen labores propias del desenvolvimiento de la vida de un hogar y conservaci\u00f3n de una casa habitaci\u00f3n, siempre que no importen [&hellip;]<\/p>\n","protected":false},"author":5,"featured_media":11237,"comment_status":"closed","ping_status":"open","sticky":false,"template":"","format":"standard","meta":{"nf_dc_page":"","content-type":"","footnotes":""},"categories":[90,83,37],"class_list":["post-12229","post","type-post","status-publish","format-standard","has-post-thumbnail","hentry","category-boletin-informativo","category-covid-19","category-laboral"],"_links":{"self":[{"href":"https:\/\/gsalegal.pe\/en\/wp-json\/wp\/v2\/posts\/12229","targetHints":{"allow":["GET"]}}],"collection":[{"href":"https:\/\/gsalegal.pe\/en\/wp-json\/wp\/v2\/posts"}],"about":[{"href":"https:\/\/gsalegal.pe\/en\/wp-json\/wp\/v2\/types\/post"}],"author":[{"embeddable":true,"href":"https:\/\/gsalegal.pe\/en\/wp-json\/wp\/v2\/users\/5"}],"replies":[{"embeddable":true,"href":"https:\/\/gsalegal.pe\/en\/wp-json\/wp\/v2\/comments?post=12229"}],"version-history":[{"count":0,"href":"https:\/\/gsalegal.pe\/en\/wp-json\/wp\/v2\/posts\/12229\/revisions"}],"wp:featuredmedia":[{"embeddable":true,"href":"https:\/\/gsalegal.pe\/en\/wp-json\/"}],"wp:attachment":[{"href":"https:\/\/gsalegal.pe\/en\/wp-json\/wp\/v2\/media?parent=12229"}],"wp:term":[{"taxonomy":"category","embeddable":true,"href":"https:\/\/gsalegal.pe\/en\/wp-json\/wp\/v2\/categories?post=12229"}],"curies":[{"name":"wp","href":"https:\/\/api.w.org\/{rel}","templated":true}]}}