{"id":12247,"date":"2020-10-04T16:17:15","date_gmt":"2020-10-04T21:17:15","guid":{"rendered":"http:\/\/localhost\/wordpress\/?p=12247"},"modified":"2020-10-04T16:17:15","modified_gmt":"2020-10-04T21:17:15","slug":"grupo-de-riesgo-e-inmovilizacion-social-obligatoria-en-provincias-cambios-en-las-restricciones","status":"publish","type":"post","link":"https:\/\/gsalegal.pe\/en\/grupo-de-riesgo-e-inmovilizacion-social-obligatoria-en-provincias-cambios-en-las-restricciones\/","title":{"rendered":"Grupo de Riesgo e inmovilizaci\u00f3n social obligatoria en provincias: Cambios en las restricciones"},"content":{"rendered":"\t\t<div data-elementor-type=\"wp-post\" data-elementor-id=\"12247\" class=\"elementor elementor-12247\">\n\t\t\t\t\t\t<section class=\"elementor-section elementor-top-section elementor-element elementor-element-4a709c4 elementor-section-boxed elementor-section-height-default elementor-section-height-default\" data-id=\"4a709c4\" data-element_type=\"section\" data-e-type=\"section\">\n\t\t\t\t\t\t<div class=\"elementor-container elementor-column-gap-default\">\n\t\t\t\t\t<div class=\"elementor-column elementor-col-100 elementor-top-column elementor-element elementor-element-8878395\" data-id=\"8878395\" data-element_type=\"column\" data-e-type=\"column\">\n\t\t\t<div class=\"elementor-widget-wrap elementor-element-populated\">\n\t\t\t\t\t\t<div class=\"elementor-element elementor-element-99f302b elementor-widget elementor-widget-text-editor\" data-id=\"99f302b\" data-element_type=\"widget\" data-e-type=\"widget\" data-widget_type=\"text-editor.default\">\n\t\t\t\t<div class=\"elementor-widget-container\">\n\t\t\t\t\t\t\t\t\tCon fecha 03 de octubre de 2020, mediante Decreto Supremo N\u00ba162-2020-PCM se modific\u00f3 el Decreto Supremo N\u00ba 116-2020-PCM, Decreto que establece las medidas que debe seguir la ciudadan\u00eda en la nueva convivencia social y prorroga el Estado de Emergencia Nacional.\n\nEn ese sentido, las disposiciones son las siguientes:\n<table><table border=\"1\">\n<tbody>\n<tr>\n<td width=\"274\"><strong>Texto Anterior<\/strong><\/td>\n<td width=\"274\"><strong>Texto Vigente<\/strong><\/td>\n<\/tr>\n<tr>\n<td width=\"274\"><strong><em>Art\u00edculo 3.- Limitaci\u00f3n al ejercicio del derecho a la libertad de tr\u00e1nsito de las personas<\/em><\/strong>\n\n<em>\u00a0<\/em>\n\n3.1. Durante la vigencia del Estado de Emergencia Nacional, se dispone la inmovilizaci\u00f3n social obligatoria de todas las personas en sus domicilios desde las 23:00 horas hasta las 04:00 horas del d\u00eda siguiente, de lunes a domingo a nivel nacional; con excepci\u00f3n de las provincias de Abancay del departamento de Apur\u00edmac; Huamanga del departamento de Ayacucho; y, Hu\u00e1nuco del departamento de Hu\u00e1nuco; en los que la inmovilizaci\u00f3n social obligatoria de las personas en sus domicilios <strong><u>rige de lunes a s\u00e1bado desde las 20:00 horas hasta las 04.00 horas del d\u00eda siguiente, y los d\u00edas domingo durante todo el d\u00eda hasta las 04:00 horas del d\u00eda siguiente<\/u><\/strong>.\n\nEn el caso de los departamentos de Cusco, Puno, Moquegua y Tacna, se mantiene la inmovilizaci\u00f3n social obligatoria los d\u00edas domingo durante todo el d\u00eda hasta las 04:00 horas del d\u00eda siguiente.<\/td>\n<td width=\"274\"><strong><em>Arti\u0301culo 3.- Limitacio\u0301n al ejercicio del derecho a la libertad de tra\u0301nsito de las personas\u201d <\/em><\/strong>\n\n3.1. Durante la vigencia del Estado de Emergencia Nacional, se dispone la inmovilizacio\u0301n social obligatoria de todas las personas en sus domicilios desde las 23:00 horas hasta las 04:00 horas del di\u0301a siguiente, de lunes a domingo a nivel nacional.\n\nEn el caso de los departamentos de Cusco, Puno, Moquegua y Tacna,<u> y las provincias de Abancay del departamento de Apuri\u0301mac, Huamanga del departamento de Ayacucho y Hua\u0301nuco del Departamento de Hua\u0301nuco,<strong>se mantiene la inmovilizacio\u0301n social obligatoria los di\u0301as domingo durante todo el di\u0301a hasta las 04:00 horas del di\u0301a siguiente.<\/strong><\/u><\/td>\n<\/tr>\n<tr>\n<td width=\"274\"><strong><em>Art\u00edculo 6.- Personas en grupo de riesgo para COVID-19<\/em><\/strong>\n\n<strong>\u00a0<\/strong>\n\nRatif\u00edquese lo establecido en el art\u00edculo 8 del Decreto Supremo N\u00ba 116-2020-PCM, modificado por el art\u00edculo 5 del Decreto Supremo N\u00ba 139-2020-PCM, es decir, durante la presente pr\u00f3rroga del Estado de Emergencia Nacional, las personas en grupos de riesgo, como los adultos mayores de sesenta y cinco (65) a\u00f1os y los que presenten comorbilidades, de acuerdo a lo se\u00f1alado por la Autoridad Sanitaria Nacional, <strong><u>no pueden salir de su domicilio, salvo las excepciones se\u00f1aladas en las citadas normas<\/u><\/strong>. Las personas en grupo de riesgo, no deben recibir visitas en su domicilio y tienen que evitar el contacto f\u00edsico con las personas que se desplazan fuera del domicilio.<\/td>\n<td width=\"274\"><strong><em>Arti\u0301culo 8.- Personas en grupos de riesgo para COVID-19 <\/em><\/strong>\n\n(\u2026..)Las personas en grupos de riesgo no deben recibir visitas en su domicilio y deben evitar el contacto fi\u0301sico con las personas que se desplazan fuera del domicilio. (\u2026.)En el caso de <strong><u>las personas en grupos de riesgo que laboran, se prioriza su prestacio\u0301n de servicios bajo la modalidad de trabajo remoto<\/u><\/strong> y en caso deseen voluntariamente concurrir a trabajar o prestar servicios en las actividades autorizadas, se sujetan a las disposiciones que se han emitido a la fecha de entrada en vigencia del presente decreto supremo y a las acciones de fiscalizacio\u0301n y supervisio\u0301n de la Autoridad Sanitaria, los Gobiernos Locales y la Superintendencia Nacional de Fiscalizacio\u0301n Laboral\u2013SUNAFIL (\u2026.)<strong><u>Las personas en grupos de riesgo, como los adultos mayores y los que presentan comorbilidades<\/u><\/strong>, de acuerdo a lo sen\u0303alado por la Autoridad Sanitaria Nacional, <strong><u>podra\u0301n realizar caminatas con las siguientes restricciones<\/u><\/strong>:\n\n(i)\u00a0\u00a0\u00a0\u00a0\u00a0\u00a0\u00a0\u00a0\u00a0\u00a0\u00a0\u00a0\u00a0\u00a0\u00a0\u00a0\u00a0 A una distancia no superior de 500 metros respecto de su domicilio, en espacios abiertos y sin aglomeraciones.\n\n(ii)\u00a0\u00a0\u00a0\u00a0\u00a0\u00a0\u00a0\u00a0\u00a0\u00a0\u00a0\u00a0\u00a0\u00a0\u00a0\u00a0 La circulacio\u0301n se limita a una caminata de ma\u0301ximo 60 minutos de duracio\u0301n, 3 veces a la semana y, de preferencia, en las man\u0303anas para evitar aglomeraciones con las salidas de otros grupos poblacionales.\n\n(iii)\u00a0\u00a0\u00a0\u00a0\u00a0\u00a0\u00a0\u00a0\u00a0\u00a0\u00a0\u00a0\u00a0\u00a0 Los adultos mayores dependientes o con discapacidad saldra\u0301n acompan\u0303ados por una persona responsable de su cuidado.<\/td>\n<\/tr>\n<\/tbody>\n<\/table>\t\t\t\t\t\t\t\t<\/div>\n\t\t\t\t<\/div>\n\t\t\t\t\t<\/div>\n\t\t<\/div>\n\t\t\t\t\t<\/div>\n\t\t<\/section>\n\t\t\t\t<section class=\"elementor-section elementor-top-section elementor-element elementor-element-89a5133 elementor-section-boxed elementor-section-height-default elementor-section-height-default\" data-id=\"89a5133\" data-element_type=\"section\" data-e-type=\"section\">\n\t\t\t\t\t\t<div class=\"elementor-container elementor-column-gap-default\">\n\t\t\t\t\t<div class=\"elementor-column elementor-col-100 elementor-top-column elementor-element elementor-element-622cbee\" data-id=\"622cbee\" data-element_type=\"column\" data-e-type=\"column\">\n\t\t\t<div class=\"elementor-widget-wrap elementor-element-populated\">\n\t\t\t\t\t\t<div class=\"elementor-element elementor-element-b2ad0ab elementor-widget-divider--view-line elementor-widget elementor-widget-divider\" data-id=\"b2ad0ab\" data-element_type=\"widget\" data-e-type=\"widget\" data-widget_type=\"divider.default\">\n\t\t\t\t<div class=\"elementor-widget-container\">\n\t\t\t\t\t\t\t<div class=\"elementor-divider\">\n\t\t\t<span class=\"elementor-divider-separator\">\n\t\t\t\t\t\t<\/span>\n\t\t<\/div>\n\t\t\t\t\t\t<\/div>\n\t\t\t\t<\/div>\n\t\t\t\t\t<\/div>\n\t\t<\/div>\n\t\t\t\t\t<\/div>\n\t\t<\/section>\n\t\t\t\t<section class=\"elementor-section elementor-top-section elementor-element elementor-element-d1b1460 elementor-section-boxed elementor-section-height-default elementor-section-height-default\" data-id=\"d1b1460\" data-element_type=\"section\" data-e-type=\"section\">\n\t\t\t\t\t\t<div class=\"elementor-container elementor-column-gap-default\">\n\t\t\t\t\t<div class=\"elementor-column elementor-col-100 elementor-top-column elementor-element elementor-element-88405fd\" data-id=\"88405fd\" data-element_type=\"column\" data-e-type=\"column\">\n\t\t\t<div class=\"elementor-widget-wrap elementor-element-populated\">\n\t\t\t\t\t\t<div class=\"elementor-element elementor-element-9be2058 elementor-widget elementor-widget-text-editor\" data-id=\"9be2058\" data-element_type=\"widget\" data-e-type=\"widget\" data-widget_type=\"text-editor.default\">\n\t\t\t\t<div class=\"elementor-widget-container\">\n\t\t\t\t\t\t\t\t\t<p>Para mayor informaci\u00f3n sobre el tema tratado contactarse con los abogados de nuestra \u00c1rea Laboral:<\/p><p>Alberto Varillas Cueto, Jaime Durand Planas, Macarena Morales Mailhe, Claudia Seminario G\u00f3mez, Fressia Sanchez Tu\u00f1oque, Sara Kalinicos Garc\u00eda, Jos\u00e9 Andr\u00e9s Piedra Pereira; y Grecia Elena Aldonate Pinto.<\/p>\t\t\t\t\t\t\t\t<\/div>\n\t\t\t\t<\/div>\n\t\t\t\t\t<\/div>\n\t\t<\/div>\n\t\t\t\t\t<\/div>\n\t\t<\/section>\n\t\t\t\t<section class=\"elementor-section elementor-top-section elementor-element elementor-element-1bf2a81 elementor-section-boxed elementor-section-height-default elementor-section-height-default\" data-id=\"1bf2a81\" data-element_type=\"section\" data-e-type=\"section\">\n\t\t\t\t\t\t<div class=\"elementor-container elementor-column-gap-default\">\n\t\t\t\t\t<div class=\"elementor-column elementor-col-100 elementor-top-column elementor-element elementor-element-126f952\" data-id=\"126f952\" data-element_type=\"column\" data-e-type=\"column\">\n\t\t\t<div class=\"elementor-widget-wrap elementor-element-populated\">\n\t\t\t\t\t\t<div class=\"elementor-element elementor-element-ea73b7c elementor-widget-divider--view-line elementor-widget elementor-widget-divider\" data-id=\"ea73b7c\" data-element_type=\"widget\" data-e-type=\"widget\" data-widget_type=\"divider.default\">\n\t\t\t\t<div class=\"elementor-widget-container\">\n\t\t\t\t\t\t\t<div class=\"elementor-divider\">\n\t\t\t<span class=\"elementor-divider-separator\">\n\t\t\t\t\t\t<\/span>\n\t\t<\/div>\n\t\t\t\t\t\t<\/div>\n\t\t\t\t<\/div>\n\t\t\t\t\t<\/div>\n\t\t<\/div>\n\t\t\t\t\t<\/div>\n\t\t<\/section>\n\t\t\t\t<section class=\"elementor-section elementor-top-section elementor-element elementor-element-5e1feb4 elementor-section-boxed elementor-section-height-default elementor-section-height-default\" data-id=\"5e1feb4\" data-element_type=\"section\" data-e-type=\"section\">\n\t\t\t\t\t\t<div class=\"elementor-container elementor-column-gap-default\">\n\t\t\t\t\t<div class=\"elementor-column elementor-col-100 elementor-top-column elementor-element elementor-element-cf512af\" data-id=\"cf512af\" data-element_type=\"column\" data-e-type=\"column\">\n\t\t\t<div class=\"elementor-widget-wrap elementor-element-populated\">\n\t\t\t\t\t\t<div class=\"elementor-element elementor-element-973bfe0 elementor-widget elementor-widget-text-editor\" data-id=\"973bfe0\" data-element_type=\"widget\" data-e-type=\"widget\" data-widget_type=\"text-editor.default\">\n\t\t\t\t<div class=\"elementor-widget-container\">\n\t\t\t\t\t\t\t\t\t<p class=\"MsoNormal\" style=\"margin-bottom: 0cm; text-align: justify; line-height: normal; tab-stops: 27.0pt;\"><span style=\"font-size: 10.0pt; font-family: 'Arial Narrow',sans-serif;\">La informaci\u00f3n contenida en este documento no constituye ni pretende constituir asesor\u00eda o asistencia legal directa o indirecta de ninguna especie, ni establece ning\u00fan tipo de relaci\u00f3n profesional. Asimismo, tampoco pretende hacer publicidad de los servicios prestados por nuestra firma ni por ninguno de sus abogados. El \u00fanico prop\u00f3sito es dar informaci\u00f3n de car\u00e1cter general respecto de temas que pueden ser de inter\u00e9s para los clientes y amigos de nuestra firma. Este informativo, as\u00ed como otros informes generales y art\u00edculos de inter\u00e9s preparados por los abogados del Estudio podr\u00e1n encontrarse en nuestra p\u00e1gina web: <\/span><a href=\"http:\/\/localhost\/wordpress.pe\/\" target=\"_blank\" rel=\"noopener\"><span style=\"font-size: 10.0pt; font-family: 'Arial Narrow',sans-serif; color: blue;\">www.garciasayan.com.pe<\/span><\/a><\/p>\t\t\t\t\t\t\t\t<\/div>\n\t\t\t\t<\/div>\n\t\t\t\t\t<\/div>\n\t\t<\/div>\n\t\t\t\t\t<\/div>\n\t\t<\/section>\n\t\t\t\t<\/div>\n\t\t","protected":false},"excerpt":{"rendered":"<p>Con fecha 03 de octubre de 2020, mediante Decreto Supremo N\u00ba162-2020-PCM se modific\u00f3 el Decreto Supremo N\u00ba 116-2020-PCM, Decreto que establece las medidas que debe seguir la ciudadan\u00eda en la nueva convivencia social y prorroga el Estado de Emergencia Nacional. En ese sentido, las disposiciones son las siguientes: Texto Anterior Texto Vigente Art\u00edculo 3.- Limitaci\u00f3n [&hellip;]<\/p>\n","protected":false},"author":5,"featured_media":9729,"comment_status":"closed","ping_status":"open","sticky":false,"template":"","format":"standard","meta":{"nf_dc_page":"","content-type":"","footnotes":""},"categories":[90,83,37],"class_list":["post-12247","post","type-post","status-publish","format-standard","has-post-thumbnail","hentry","category-boletin-informativo","category-covid-19","category-laboral"],"_links":{"self":[{"href":"https:\/\/gsalegal.pe\/en\/wp-json\/wp\/v2\/posts\/12247","targetHints":{"allow":["GET"]}}],"collection":[{"href":"https:\/\/gsalegal.pe\/en\/wp-json\/wp\/v2\/posts"}],"about":[{"href":"https:\/\/gsalegal.pe\/en\/wp-json\/wp\/v2\/types\/post"}],"author":[{"embeddable":true,"href":"https:\/\/gsalegal.pe\/en\/wp-json\/wp\/v2\/users\/5"}],"replies":[{"embeddable":true,"href":"https:\/\/gsalegal.pe\/en\/wp-json\/wp\/v2\/comments?post=12247"}],"version-history":[{"count":0,"href":"https:\/\/gsalegal.pe\/en\/wp-json\/wp\/v2\/posts\/12247\/revisions"}],"wp:featuredmedia":[{"embeddable":true,"href":"https:\/\/gsalegal.pe\/en\/wp-json\/"}],"wp:attachment":[{"href":"https:\/\/gsalegal.pe\/en\/wp-json\/wp\/v2\/media?parent=12247"}],"wp:term":[{"taxonomy":"category","embeddable":true,"href":"https:\/\/gsalegal.pe\/en\/wp-json\/wp\/v2\/categories?post=12247"}],"curies":[{"name":"wp","href":"https:\/\/api.w.org\/{rel}","templated":true}]}}