{"id":12254,"date":"2020-10-06T11:24:29","date_gmt":"2020-10-06T16:24:29","guid":{"rendered":"http:\/\/localhost\/wordpress\/?p=12254"},"modified":"2020-10-06T11:24:29","modified_gmt":"2020-10-06T16:24:29","slug":"suspension-perfecta-de-labores-ampliacion-en-virtud-a-la-prorroga-de-la-emergencia-sanitaria","status":"publish","type":"post","link":"https:\/\/gsalegal.pe\/en\/suspension-perfecta-de-labores-ampliacion-en-virtud-a-la-prorroga-de-la-emergencia-sanitaria\/","title":{"rendered":"Suspensi\u00f3n Perfecta de Labores: Ampliaci\u00f3n en virtud a la pr\u00f3rroga de la Emergencia Sanitaria"},"content":{"rendered":"\t\t<div data-elementor-type=\"wp-post\" data-elementor-id=\"12254\" class=\"elementor elementor-12254\">\n\t\t\t\t\t\t<section class=\"elementor-section elementor-top-section elementor-element elementor-element-a4e95e8 elementor-section-boxed elementor-section-height-default elementor-section-height-default\" data-id=\"a4e95e8\" data-element_type=\"section\" data-e-type=\"section\">\n\t\t\t\t\t\t<div class=\"elementor-container elementor-column-gap-default\">\n\t\t\t\t\t<div class=\"elementor-column elementor-col-100 elementor-top-column elementor-element elementor-element-d50b20f\" data-id=\"d50b20f\" data-element_type=\"column\" data-e-type=\"column\">\n\t\t\t<div class=\"elementor-widget-wrap elementor-element-populated\">\n\t\t\t\t\t\t<div class=\"elementor-element elementor-element-b435878 elementor-widget elementor-widget-text-editor\" data-id=\"b435878\" data-element_type=\"widget\" data-e-type=\"widget\" data-widget_type=\"text-editor.default\">\n\t\t\t\t<div class=\"elementor-widget-container\">\n\t\t\t\t\t\t\t\t\tEn la fecha se public\u00f3 la Resoluci\u00f3n Ministerial N\u00b0229-2020-TR, la misma que dispone una serie de normas complementarias relativas a la modificaci\u00f3n del plazo m\u00e1ximo de aquellas medidas de Suspensi\u00f3n Perfecta de Labores (\u201cSPL\u201d) cuyo plazo se ampl\u00ede en virtud de la pr\u00f3rroga de la Emergencia Sanitaria establecida por D.S. N\u00ba 027-2020-SA.\n\nEn ese sentido, la norma comentada contiene las siguientes disposiciones:\n<table><table border=\"1\">\n<tbody>\n<tr>\n<td width=\"113\"><strong>Plazo m\u00e1ximo de la ampliaci\u00f3n <\/strong><\/td>\n<td width=\"434\">&#8211;\u00a0\u00a0\u00a0\u00a0 Los empleadores que han aplicado una medida de SPL, cuyo plazo de duraci\u00f3n coincide con el 7 de octubre de 2020, pueden <u>ampliar<\/u>, <u>por \u00fanica vez<\/u>, el plazo de dicha medida, como m\u00e1ximo, <u>hasta el 5 de enero de 2021<\/u>.<\/td>\n<\/tr>\n<tr>\n<td width=\"113\"><strong>Oportunidad<\/strong><\/td>\n<td width=\"434\">&#8211;\u00a0\u00a0\u00a0\u00a0 La modificaci\u00f3n del plazo m\u00e1ximo de duraci\u00f3n de la medida de SPL se realiza en la plataforma virtual del Ministerio de Trabajo y Promoci\u00f3n del Empleo, <u>desde el 7 de octubre de 2020 hasta el 11 de octubre de 2020<\/u>.\n\n&#8211;\u00a0\u00a0\u00a0\u00a0 Vencido dicho plazo m\u00e1ximo sin ampliaci\u00f3n, se entiende que esta medida culmina al t\u00e9rmino de su duraci\u00f3n inicial.<\/td>\n<\/tr>\n<tr>\n<td width=\"113\"><strong>Aplicaci\u00f3n <\/strong><\/td>\n<td width=\"434\">&#8211;\u00a0\u00a0\u00a0\u00a0 La ampliaci\u00f3n es aplicable a las medidas de SPL cuyo procedimiento administrativo se encuentra en tr\u00e1mite.\n\n&#8211;\u00a0\u00a0\u00a0\u00a0 Comprende a las medidas de SPL que cuentan con resoluci\u00f3n aprobatoria, expresa o ficta, de la Autoridad Administrativa de Trabajo competente; o, que contando con resoluci\u00f3n desaprobatoria, esta a\u00fan no se encuentra firme.<\/td>\n<\/tr>\n<tr>\n<td width=\"113\"><strong>Comunicaci\u00f3n a los Trabajadores<\/strong><\/td>\n<td width=\"434\">&#8211;\u00a0\u00a0\u00a0\u00a0 Los empleadores que opten por modificar el plazo m\u00e1ximo de duraci\u00f3n de la medida de SPL, hacen de <u>conocimiento previo dicha modificaci\u00f3n a los trabajadores afectados<\/u>, de manera f\u00edsica o utilizando los medios inform\u00e1ticos correspondientes.<\/td>\n<\/tr>\n<\/tbody>\n<\/table>\t\t\t\t\t\t\t\t<\/div>\n\t\t\t\t<\/div>\n\t\t\t\t\t<\/div>\n\t\t<\/div>\n\t\t\t\t\t<\/div>\n\t\t<\/section>\n\t\t\t\t<section class=\"elementor-section elementor-top-section elementor-element elementor-element-642fe40 elementor-section-boxed elementor-section-height-default elementor-section-height-default\" data-id=\"642fe40\" data-element_type=\"section\" data-e-type=\"section\">\n\t\t\t\t\t\t<div class=\"elementor-container elementor-column-gap-default\">\n\t\t\t\t\t<div class=\"elementor-column elementor-col-100 elementor-top-column elementor-element elementor-element-9373208\" data-id=\"9373208\" data-element_type=\"column\" data-e-type=\"column\">\n\t\t\t<div class=\"elementor-widget-wrap elementor-element-populated\">\n\t\t\t\t\t\t<div class=\"elementor-element elementor-element-da9c425 elementor-widget-divider--view-line elementor-widget elementor-widget-divider\" data-id=\"da9c425\" data-element_type=\"widget\" data-e-type=\"widget\" data-widget_type=\"divider.default\">\n\t\t\t\t<div class=\"elementor-widget-container\">\n\t\t\t\t\t\t\t<div class=\"elementor-divider\">\n\t\t\t<span class=\"elementor-divider-separator\">\n\t\t\t\t\t\t<\/span>\n\t\t<\/div>\n\t\t\t\t\t\t<\/div>\n\t\t\t\t<\/div>\n\t\t\t\t\t<\/div>\n\t\t<\/div>\n\t\t\t\t\t<\/div>\n\t\t<\/section>\n\t\t\t\t<section class=\"elementor-section elementor-top-section elementor-element elementor-element-cfdb5f0 elementor-section-boxed elementor-section-height-default elementor-section-height-default\" data-id=\"cfdb5f0\" data-element_type=\"section\" data-e-type=\"section\">\n\t\t\t\t\t\t<div class=\"elementor-container elementor-column-gap-default\">\n\t\t\t\t\t<div class=\"elementor-column elementor-col-100 elementor-top-column elementor-element elementor-element-d232a98\" data-id=\"d232a98\" data-element_type=\"column\" data-e-type=\"column\">\n\t\t\t<div class=\"elementor-widget-wrap elementor-element-populated\">\n\t\t\t\t\t\t<div class=\"elementor-element elementor-element-56a61a9 elementor-widget elementor-widget-text-editor\" data-id=\"56a61a9\" data-element_type=\"widget\" data-e-type=\"widget\" data-widget_type=\"text-editor.default\">\n\t\t\t\t<div class=\"elementor-widget-container\">\n\t\t\t\t\t\t\t\t\t<p>Para mayor informaci\u00f3n sobre el tema tratado contactarse con los abogados de nuestra \u00c1rea Laboral:<\/p><p>Alberto Varillas Cueto, Jaime Durand Planas, Macarena Morales Mailhe, Fressia Sanchez Tu\u00f1oque, Sara Kalinicos Garc\u00eda, Jos\u00e9 Piedra Pereira y Grecia Aldonate Pinto.<\/p>\t\t\t\t\t\t\t\t<\/div>\n\t\t\t\t<\/div>\n\t\t\t\t\t<\/div>\n\t\t<\/div>\n\t\t\t\t\t<\/div>\n\t\t<\/section>\n\t\t\t\t<section class=\"elementor-section elementor-top-section elementor-element elementor-element-3415bf6 elementor-section-boxed elementor-section-height-default elementor-section-height-default\" data-id=\"3415bf6\" data-element_type=\"section\" data-e-type=\"section\">\n\t\t\t\t\t\t<div class=\"elementor-container elementor-column-gap-default\">\n\t\t\t\t\t<div class=\"elementor-column elementor-col-100 elementor-top-column elementor-element elementor-element-d623e76\" data-id=\"d623e76\" data-element_type=\"column\" data-e-type=\"column\">\n\t\t\t<div class=\"elementor-widget-wrap elementor-element-populated\">\n\t\t\t\t\t\t<div class=\"elementor-element elementor-element-2653e18 elementor-widget-divider--view-line elementor-widget elementor-widget-divider\" data-id=\"2653e18\" data-element_type=\"widget\" data-e-type=\"widget\" data-widget_type=\"divider.default\">\n\t\t\t\t<div class=\"elementor-widget-container\">\n\t\t\t\t\t\t\t<div class=\"elementor-divider\">\n\t\t\t<span class=\"elementor-divider-separator\">\n\t\t\t\t\t\t<\/span>\n\t\t<\/div>\n\t\t\t\t\t\t<\/div>\n\t\t\t\t<\/div>\n\t\t\t\t\t<\/div>\n\t\t<\/div>\n\t\t\t\t\t<\/div>\n\t\t<\/section>\n\t\t\t\t<section class=\"elementor-section elementor-top-section elementor-element elementor-element-3ac3cd9 elementor-section-boxed elementor-section-height-default elementor-section-height-default\" data-id=\"3ac3cd9\" data-element_type=\"section\" data-e-type=\"section\">\n\t\t\t\t\t\t<div class=\"elementor-container elementor-column-gap-default\">\n\t\t\t\t\t<div class=\"elementor-column elementor-col-100 elementor-top-column elementor-element elementor-element-7c4cf6c\" data-id=\"7c4cf6c\" data-element_type=\"column\" data-e-type=\"column\">\n\t\t\t<div class=\"elementor-widget-wrap elementor-element-populated\">\n\t\t\t\t\t\t<div class=\"elementor-element elementor-element-4b43621 elementor-widget elementor-widget-text-editor\" data-id=\"4b43621\" data-element_type=\"widget\" data-e-type=\"widget\" data-widget_type=\"text-editor.default\">\n\t\t\t\t<div class=\"elementor-widget-container\">\n\t\t\t\t\t\t\t\t\t<p class=\"MsoNormal\" style=\"text-align: justify; tab-stops: 27.0pt;\"><span style=\"font-family: 'Arial Narrow',sans-serif;\">La informaci\u00f3n contenida en este documento no constituye ni pretende constituir asesor\u00eda o asistencia legal directa o indirecta de ninguna especie, ni establece ning\u00fan tipo de relaci\u00f3n profesional. Asimismo, tampoco pretende hacer publicidad de los servicios prestados por nuestra firma ni por ninguno de sus abogados. El \u00fanico prop\u00f3sito es dar informaci\u00f3n de car\u00e1cter general respecto de temas que pueden ser de inter\u00e9s para los clientes y amigos de nuestra firma. Este informativo, as\u00ed como otros informes generales y art\u00edculos de inter\u00e9s preparados por los abogados del Estudio podr\u00e1n encontrarse en nuestra p\u00e1gina web: <u><span style=\"color: blue;\">www.garciasayan.com.pe<\/span><\/u><\/span><\/p>\t\t\t\t\t\t\t\t<\/div>\n\t\t\t\t<\/div>\n\t\t\t\t\t<\/div>\n\t\t<\/div>\n\t\t\t\t\t<\/div>\n\t\t<\/section>\n\t\t\t\t<\/div>\n\t\t","protected":false},"excerpt":{"rendered":"<p>En la fecha se public\u00f3 la Resoluci\u00f3n Ministerial N\u00b0229-2020-TR, la misma que dispone una serie de normas complementarias relativas a la modificaci\u00f3n del plazo m\u00e1ximo de aquellas medidas de Suspensi\u00f3n Perfecta de Labores (\u201cSPL\u201d) cuyo plazo se ampl\u00ede en virtud de la pr\u00f3rroga de la Emergencia Sanitaria establecida por D.S. N\u00ba 027-2020-SA. En ese sentido, [&hellip;]<\/p>\n","protected":false},"author":5,"featured_media":11148,"comment_status":"closed","ping_status":"open","sticky":false,"template":"","format":"standard","meta":{"nf_dc_page":"","content-type":"","footnotes":""},"categories":[90,83,37],"class_list":["post-12254","post","type-post","status-publish","format-standard","has-post-thumbnail","hentry","category-boletin-informativo","category-covid-19","category-laboral"],"_links":{"self":[{"href":"https:\/\/gsalegal.pe\/en\/wp-json\/wp\/v2\/posts\/12254","targetHints":{"allow":["GET"]}}],"collection":[{"href":"https:\/\/gsalegal.pe\/en\/wp-json\/wp\/v2\/posts"}],"about":[{"href":"https:\/\/gsalegal.pe\/en\/wp-json\/wp\/v2\/types\/post"}],"author":[{"embeddable":true,"href":"https:\/\/gsalegal.pe\/en\/wp-json\/wp\/v2\/users\/5"}],"replies":[{"embeddable":true,"href":"https:\/\/gsalegal.pe\/en\/wp-json\/wp\/v2\/comments?post=12254"}],"version-history":[{"count":0,"href":"https:\/\/gsalegal.pe\/en\/wp-json\/wp\/v2\/posts\/12254\/revisions"}],"wp:featuredmedia":[{"embeddable":true,"href":"https:\/\/gsalegal.pe\/en\/wp-json\/"}],"wp:attachment":[{"href":"https:\/\/gsalegal.pe\/en\/wp-json\/wp\/v2\/media?parent=12254"}],"wp:term":[{"taxonomy":"category","embeddable":true,"href":"https:\/\/gsalegal.pe\/en\/wp-json\/wp\/v2\/categories?post=12254"}],"curies":[{"name":"wp","href":"https:\/\/api.w.org\/{rel}","templated":true}]}}