{"id":12272,"date":"2020-10-06T15:10:53","date_gmt":"2020-10-06T20:10:53","guid":{"rendered":"http:\/\/localhost\/wordpress\/?p=12272"},"modified":"2020-10-06T15:10:53","modified_gmt":"2020-10-06T20:10:53","slug":"proyecto-de-decreto-supremo-por-el-que-se-dictan-medidas-para-impulsar-la-masificacion-del-gas-natural-y-se-modifica-el-reglamento-de-distribucion-de-gas-natural-por-red-de-ductos","status":"publish","type":"post","link":"https:\/\/gsalegal.pe\/en\/proyecto-de-decreto-supremo-por-el-que-se-dictan-medidas-para-impulsar-la-masificacion-del-gas-natural-y-se-modifica-el-reglamento-de-distribucion-de-gas-natural-por-red-de-ductos\/","title":{"rendered":"Proyecto de Decreto Supremo por el que se dictan medidas para impulsar la masificaci\u00f3n del gas natural y se modifica el Reglamento de Distribuci\u00f3n de Gas Natural por Red de Ductos"},"content":{"rendered":"\t\t<div data-elementor-type=\"wp-post\" data-elementor-id=\"12272\" class=\"elementor elementor-12272\">\n\t\t\t\t\t\t<section class=\"elementor-section elementor-top-section elementor-element elementor-element-8de3c2f elementor-section-boxed elementor-section-height-default elementor-section-height-default\" data-id=\"8de3c2f\" data-element_type=\"section\" data-e-type=\"section\">\n\t\t\t\t\t\t<div class=\"elementor-container elementor-column-gap-default\">\n\t\t\t\t\t<div class=\"elementor-column elementor-col-100 elementor-top-column elementor-element elementor-element-b23deb5\" data-id=\"b23deb5\" data-element_type=\"column\" data-e-type=\"column\">\n\t\t\t<div class=\"elementor-widget-wrap elementor-element-populated\">\n\t\t\t\t\t\t<div class=\"elementor-element elementor-element-c75bf5f elementor-widget elementor-widget-text-editor\" data-id=\"c75bf5f\" data-element_type=\"widget\" data-e-type=\"widget\" data-widget_type=\"text-editor.default\">\n\t\t\t\t<div class=\"elementor-widget-container\">\n\t\t\t\t\t\t\t\t\tEl 06 de octubre de 2020 se public\u00f3 el proyecto de \u201cDecreto Supremo por el que se dictan medidas para impulsar la masificaci\u00f3n del gas natural, que aprueba la modificaci\u00f3n del Reglamento de Distribuci\u00f3n de Gas Natural por Red de Ductos, aprobado por Decreto Supremo N\u00ba 042-99-EM\u201d, a trav\u00e9s de la Resoluci\u00f3n Ministerial N\u00ba 305-2020-MINEM\/DM, a efectos de recibir los comentarios y\/o aportes de la ciudadan\u00eda.\n\nSe se\u00f1ala que resulta pertinente modificar el Reglamento de Distribuci\u00f3n de Gas natural por Red de ductos a efectos de incorporar disposiciones que habilitan destinar recursos del FISE y el SISE a la cobertura de los costos de infraestructura de distribuci\u00f3n de gas natural; as\u00ed como aquellas que habilitan la utilizaci\u00f3n de cargos para remunerar dicha infraestructura, y de esa manera, impulsar la masificaci\u00f3n del gas natural. En ese sentido, cabe resaltar algunas de las modificaciones propuestas:\n<table><table border=\"1\">\n<tbody>\n<tr>\n<td width=\"104\">Calidad del Servicio de Distribuci\u00f3n<\/td>\n<td width=\"485\">Corresponde al grado en que se mantienen las condiciones del Servicio de Distribuci\u00f3n de Gas Natural por Red de Ductos y comprende la calidad de servicio comercial, la calidad de suministro y la calidad de producto, cuya <em>medici\u00f3n se realiza a trav\u00e9s de indicadores en relaci\u00f3n al cumplimiento de metas espec\u00edficas<\/em>, conforme a las normas y procedimientos que establezca el OSINERGMIN. <em>Estos indicadores son incluidos como un factor de ajuste de la tarifa del servicio de distribuci\u00f3n con una frecuencia anual de acuerdo al procedimiento que OSINERGMIN establezca.<\/em><\/td>\n<\/tr>\n<tr>\n<td width=\"104\">Concesi\u00f3n de Distribuci\u00f3n<\/td>\n<td width=\"485\">El \u00e1rea de Concesi\u00f3n <em>queda<\/em> determinada inicialmente, por el \u00e1rea geogr\u00e1fica delimitada y descrita en el Contrato. Luego de un lazo m\u00ednimo de doce (12) a\u00f1os contados a partir de la Puesta en Operaci\u00f3n comercial, las \u00e1reas que no sean atendidas por el concesionario <em>pueden<\/em> ser solicitadas en concesi\u00f3n por un tercer interesado, con una extensi\u00f3n m\u00ednima de diez (10) hect\u00e1reas, teniendo el Concesionario el derecho preferente previsto en el segundo p\u00e1rrafo del art\u00edculo 23. En caso el Concesionario no ejerza dicho derecho, se <em>reduce<\/em> su \u00e1rea de concesi\u00f3n.\n\n<em>Para tal efecto, OSINERGMIN mensualmente remite a la DGH informaci\u00f3n sobre las \u00e1reas que no son atendidas por el concesionario, lo cual es publicado en la p\u00e1gina web del MEM a fin de incentivar la participaci\u00f3n e terceros interesados en la concesi\u00f3n de dichas \u00e1reas. Este proceso es reglamentado por la DGH mediante Resoluci\u00f3n directoral, en la que se incluyen las condiciones para la prestaci\u00f3n del servicio que determinar\u00e1n el derecho preferente del concesionario. <\/em><\/td>\n<\/tr>\n<tr>\n<td width=\"104\">Obligaciones del concesionario<\/td>\n<td width=\"485\"><em>El concesionario prioriza la incorporaci\u00f3n de las solicitudes de acceso a las redes de distribuci\u00f3n presentadas por los Interesados al Concesionario o comunicadas por el MEM o el OSINERGMIN hasta la fecha de elaboraci\u00f3n del Plan Quinquenal, que no hayan sido atendidas, siempre que sean viables, de conformidad a os Lineamientos que apruebe la DGH para tal efecto. <\/em><\/td>\n<\/tr>\n<\/tbody>\n<\/table>\nLas opiniones, comentarios y\/o sugerencias sobre el proyecto deben ser remitidas a la Direcci\u00f3n General de Hidrocarburos del Ministerio de Energ\u00eda y Minas (Avenida Las Artes Sur N\u00ba 260, distrito de San Borja, provincia y departamento de Lima), o al correo electr\u00f3nico <a href=\"mailto:prepublicacionesdgh@minem.gob.pe\">prepublicacionesdgh@minem.gob.pe<\/a>, por un plazo de diez (10) d\u00edas h\u00e1biles, es decir, hasta el lunes 19 de octubre.\t\t\t\t\t\t\t\t<\/div>\n\t\t\t\t<\/div>\n\t\t\t\t\t<\/div>\n\t\t<\/div>\n\t\t\t\t\t<\/div>\n\t\t<\/section>\n\t\t\t\t<section class=\"elementor-section elementor-top-section elementor-element elementor-element-a6624ba elementor-section-boxed elementor-section-height-default elementor-section-height-default\" data-id=\"a6624ba\" data-element_type=\"section\" data-e-type=\"section\">\n\t\t\t\t\t\t<div class=\"elementor-container elementor-column-gap-default\">\n\t\t\t\t\t<div class=\"elementor-column elementor-col-100 elementor-top-column elementor-element elementor-element-e84b131\" data-id=\"e84b131\" data-element_type=\"column\" data-e-type=\"column\">\n\t\t\t<div class=\"elementor-widget-wrap elementor-element-populated\">\n\t\t\t\t\t\t<div class=\"elementor-element elementor-element-c6b8891 elementor-widget-divider--view-line elementor-widget elementor-widget-divider\" data-id=\"c6b8891\" data-element_type=\"widget\" data-e-type=\"widget\" data-widget_type=\"divider.default\">\n\t\t\t\t<div class=\"elementor-widget-container\">\n\t\t\t\t\t\t\t<div class=\"elementor-divider\">\n\t\t\t<span class=\"elementor-divider-separator\">\n\t\t\t\t\t\t<\/span>\n\t\t<\/div>\n\t\t\t\t\t\t<\/div>\n\t\t\t\t<\/div>\n\t\t\t\t\t<\/div>\n\t\t<\/div>\n\t\t\t\t\t<\/div>\n\t\t<\/section>\n\t\t\t\t<section class=\"elementor-section elementor-top-section elementor-element elementor-element-d211e5f elementor-section-boxed elementor-section-height-default elementor-section-height-default\" data-id=\"d211e5f\" data-element_type=\"section\" data-e-type=\"section\">\n\t\t\t\t\t\t<div class=\"elementor-container elementor-column-gap-default\">\n\t\t\t\t\t<div class=\"elementor-column elementor-col-100 elementor-top-column elementor-element elementor-element-09d9e63\" data-id=\"09d9e63\" data-element_type=\"column\" data-e-type=\"column\">\n\t\t\t<div class=\"elementor-widget-wrap elementor-element-populated\">\n\t\t\t\t\t\t<div class=\"elementor-element elementor-element-066eb3b elementor-widget elementor-widget-text-editor\" data-id=\"066eb3b\" data-element_type=\"widget\" data-e-type=\"widget\" data-widget_type=\"text-editor.default\">\n\t\t\t\t<div class=\"elementor-widget-container\">\n\t\t\t\t\t\t\t\t\t<p>Para m\u00e1s informaci\u00f3n sobre los temas tratados contactarse con los abogados de nuestra \u00c1rea de Recursos Naturales y Medio Ambiente:<\/p><p>Jos\u00e9 Miguel Morales Dasso, Alberto Varillas Cueto, Edgardo Portaro van Oordt, Felipe Del \u00c1guila, Samantha Boy Roca y Jos\u00e9 Castillo.<\/p>\t\t\t\t\t\t\t\t<\/div>\n\t\t\t\t<\/div>\n\t\t\t\t\t<\/div>\n\t\t<\/div>\n\t\t\t\t\t<\/div>\n\t\t<\/section>\n\t\t\t\t<section class=\"elementor-section elementor-top-section elementor-element elementor-element-fc07cfe elementor-section-boxed elementor-section-height-default elementor-section-height-default\" data-id=\"fc07cfe\" data-element_type=\"section\" data-e-type=\"section\">\n\t\t\t\t\t\t<div class=\"elementor-container elementor-column-gap-default\">\n\t\t\t\t\t<div class=\"elementor-column elementor-col-100 elementor-top-column elementor-element elementor-element-4b19ed6\" data-id=\"4b19ed6\" data-element_type=\"column\" data-e-type=\"column\">\n\t\t\t<div class=\"elementor-widget-wrap elementor-element-populated\">\n\t\t\t\t\t\t<div class=\"elementor-element elementor-element-2696732 elementor-widget-divider--view-line elementor-widget elementor-widget-divider\" data-id=\"2696732\" data-element_type=\"widget\" data-e-type=\"widget\" data-widget_type=\"divider.default\">\n\t\t\t\t<div class=\"elementor-widget-container\">\n\t\t\t\t\t\t\t<div class=\"elementor-divider\">\n\t\t\t<span class=\"elementor-divider-separator\">\n\t\t\t\t\t\t<\/span>\n\t\t<\/div>\n\t\t\t\t\t\t<\/div>\n\t\t\t\t<\/div>\n\t\t\t\t\t<\/div>\n\t\t<\/div>\n\t\t\t\t\t<\/div>\n\t\t<\/section>\n\t\t\t\t<section class=\"elementor-section elementor-top-section elementor-element elementor-element-ef6f630 elementor-section-boxed elementor-section-height-default elementor-section-height-default\" data-id=\"ef6f630\" data-element_type=\"section\" data-e-type=\"section\">\n\t\t\t\t\t\t<div class=\"elementor-container elementor-column-gap-default\">\n\t\t\t\t\t<div class=\"elementor-column elementor-col-100 elementor-top-column elementor-element elementor-element-67ede15\" data-id=\"67ede15\" data-element_type=\"column\" data-e-type=\"column\">\n\t\t\t<div class=\"elementor-widget-wrap elementor-element-populated\">\n\t\t\t\t\t\t<div class=\"elementor-element elementor-element-a80ce44 elementor-widget elementor-widget-text-editor\" data-id=\"a80ce44\" data-element_type=\"widget\" data-e-type=\"widget\" data-widget_type=\"text-editor.default\">\n\t\t\t\t<div class=\"elementor-widget-container\">\n\t\t\t\t\t\t\t\t\t<p class=\"MsoNormal\" style=\"margin-bottom: 0cm; text-align: justify; line-height: normal; mso-layout-grid-align: none; text-autospace: none;\"><span style=\"font-family: 'Arial Narrow',sans-serif; mso-bidi-font-family: ArialNarrow; color: #818181;\">La informaci\u00f3n contenida en este documento no constituye ni pretende constituir asesor\u00eda o asistencia legal directa o indirecta de ninguna especie, ni establece ning\u00fan tipo de relaci\u00f3n profesional.<\/span><\/p><p>\u00a0<\/p><p class=\"MsoNormal\" style=\"margin-bottom: 0cm; text-align: justify; line-height: normal; mso-layout-grid-align: none; text-autospace: none;\"><span style=\"font-family: 'Arial Narrow',sans-serif; mso-bidi-font-family: ArialNarrow; color: #818181;\">Asimismo, tampoco pretende hacer publicidad de los servicios prestados por nuestra firma ni por ninguno de sus abogados. El \u00fanico prop\u00f3sito es dar informaci\u00f3n de car\u00e1cter general respecto de temas que pueden ser de inter\u00e9s para los clientes y amigos de nuestra firma. Este informativo, as\u00ed como otros informes generales y art\u00edculos de inter\u00e9s preparados por los abogados del Estudio podr\u00e1n encontrarse en nuestra p\u00e1gina web: www.garciasayan.com.pe<\/span><\/p>\t\t\t\t\t\t\t\t<\/div>\n\t\t\t\t<\/div>\n\t\t\t\t\t<\/div>\n\t\t<\/div>\n\t\t\t\t\t<\/div>\n\t\t<\/section>\n\t\t\t\t<\/div>\n\t\t","protected":false},"excerpt":{"rendered":"<p>El 06 de octubre de 2020 se public\u00f3 el proyecto de \u201cDecreto Supremo por el que se dictan medidas para impulsar la masificaci\u00f3n del gas natural, que aprueba la modificaci\u00f3n del Reglamento de Distribuci\u00f3n de Gas Natural por Red de Ductos, aprobado por Decreto Supremo N\u00ba 042-99-EM\u201d, a trav\u00e9s de la Resoluci\u00f3n Ministerial N\u00ba 305-2020-MINEM\/DM, [&hellip;]<\/p>\n","protected":false},"author":5,"featured_media":11196,"comment_status":"closed","ping_status":"open","sticky":false,"template":"","format":"standard","meta":{"nf_dc_page":"","content-type":"","footnotes":""},"categories":[90,83,79],"class_list":["post-12272","post","type-post","status-publish","format-standard","has-post-thumbnail","hentry","category-boletin-informativo","category-covid-19","category-recursos-naturales"],"_links":{"self":[{"href":"https:\/\/gsalegal.pe\/en\/wp-json\/wp\/v2\/posts\/12272","targetHints":{"allow":["GET"]}}],"collection":[{"href":"https:\/\/gsalegal.pe\/en\/wp-json\/wp\/v2\/posts"}],"about":[{"href":"https:\/\/gsalegal.pe\/en\/wp-json\/wp\/v2\/types\/post"}],"author":[{"embeddable":true,"href":"https:\/\/gsalegal.pe\/en\/wp-json\/wp\/v2\/users\/5"}],"replies":[{"embeddable":true,"href":"https:\/\/gsalegal.pe\/en\/wp-json\/wp\/v2\/comments?post=12272"}],"version-history":[{"count":0,"href":"https:\/\/gsalegal.pe\/en\/wp-json\/wp\/v2\/posts\/12272\/revisions"}],"wp:featuredmedia":[{"embeddable":true,"href":"https:\/\/gsalegal.pe\/en\/wp-json\/"}],"wp:attachment":[{"href":"https:\/\/gsalegal.pe\/en\/wp-json\/wp\/v2\/media?parent=12272"}],"wp:term":[{"taxonomy":"category","embeddable":true,"href":"https:\/\/gsalegal.pe\/en\/wp-json\/wp\/v2\/categories?post=12272"}],"curies":[{"name":"wp","href":"https:\/\/api.w.org\/{rel}","templated":true}]}}