{"id":12281,"date":"2020-10-08T15:31:16","date_gmt":"2020-10-08T20:31:16","guid":{"rendered":"http:\/\/localhost\/wordpress\/?p=12281"},"modified":"2020-10-08T15:31:16","modified_gmt":"2020-10-08T20:31:16","slug":"publican-ley-sobre-reprogramacion-y-congelamiento-de-deudas","status":"publish","type":"post","link":"https:\/\/gsalegal.pe\/en\/publican-ley-sobre-reprogramacion-y-congelamiento-de-deudas\/","title":{"rendered":"Publican Ley sobre reprogramaci\u00f3n y congelamiento de deudas"},"content":{"rendered":"\t\t<div data-elementor-type=\"wp-post\" data-elementor-id=\"12281\" class=\"elementor elementor-12281\">\n\t\t\t\t\t\t<section class=\"elementor-section elementor-top-section elementor-element elementor-element-9baf51a elementor-section-full_width elementor-section-height-default elementor-section-height-default\" data-id=\"9baf51a\" data-element_type=\"section\" data-e-type=\"section\">\n\t\t\t\t\t\t<div class=\"elementor-container elementor-column-gap-default\">\n\t\t\t\t\t<div class=\"elementor-column elementor-col-100 elementor-top-column elementor-element elementor-element-0caa2d2\" data-id=\"0caa2d2\" data-element_type=\"column\" data-e-type=\"column\">\n\t\t\t<div class=\"elementor-widget-wrap elementor-element-populated\">\n\t\t\t\t\t\t<div class=\"elementor-element elementor-element-82d23d0 elementor-widget elementor-widget-text-editor\" data-id=\"82d23d0\" data-element_type=\"widget\" data-e-type=\"widget\" data-widget_type=\"text-editor.default\">\n\t\t\t\t<div class=\"elementor-widget-container\">\n\t\t\t\t\t\t\t\t\tEl Presidente de la Rep\u00fablica promulg\u00f3 la Ley N\u00b031050 \u2013 Ley que establece disposiciones extraordinarias para la reprogramaci\u00f3n de deudas a fin de aliviar la econom\u00eda en las personas naturales y las MYPES como consecuencia del COVID-19 (en adelante, la Ley). Esta norma crea el Programa de Garant\u00edas COVID-19 (en adelante, el Programa) para la reprogramaci\u00f3n de cr\u00e9ditos de consumo, personales, hipotecarios para vivienda, vehiculares y MYPES.\n\nA trav\u00e9s del Programa, las personas naturales y MYPES podr\u00e1n reprogramar los pagos de sus cr\u00e9ditos contando con la garant\u00eda otorgada por el Gobierno siempre que, al 29 de febrero de 2020, los beneficiarios registren una calificaci\u00f3n de riesgo normal o con problema potencial. El Gobierno otorgar\u00e1 garant\u00edas a las carteras de cr\u00e9ditos reprogramadas que cumplan con los requisitos correspondientes y a las empresas del sistema financiero (ESF) que se acojan al mismo, hasta por la suma de S\/.5,500,000,000.00. El honramiento de la garant\u00eda por parte del Estado se realizar\u00e1 transcurridos los 90 d\u00edas calendario de atrasos de los cr\u00e9ditos reprogramados por las ESF.\n\nA continuaci\u00f3n, se detallar\u00e1n algunos aspectos importantes del Programa:\n<ol>\n \t<li><strong>Implementaci\u00f3n del Programa. <\/strong>La implementaci\u00f3n del Programa se llevar\u00e1 a cabo en los t\u00e9rminos y condiciones que establezca la Ley y el Reglamento Operativo<a href=\"#_ftn1\" name=\"_ftnref1\">[1]<\/a>. La Corporaci\u00f3n Financiera de Desarrollo (COFIDE) se encarga de la administraci\u00f3n del Programa.<\/li>\n<\/ol>\n<strong>\u00a0<\/strong>\n<ol start=\"2\">\n \t<li><strong>L\u00edmites de la garant\u00eda. <\/strong>La garant\u00eda otorgada a los cr\u00e9ditos reprogramados cobertura el saldo insoluto de capital del cr\u00e9dito al momento del incumplimiento seg\u00fan se detalla a continuaci\u00f3n:<\/li>\n<\/ol>\n<strong>\u00a0<\/strong>\n<ol>\n \t<li><strong>Para cr\u00e9ditos de consumo y personales<\/strong><\/li>\n<\/ol>\n<table><table border=\"1\">\n<tbody>\n<tr>\n<td width=\"234\"><strong>Modalidad de pago realizado<\/strong><\/td>\n<td width=\"104\"><strong>Garant\u00edas para saldo insoluto hasta S\/5,000.00<\/strong><\/td>\n<td width=\"132\"><strong>Garant\u00edas para saldo insoluto mayor a S\/5,000.00 hasta S\/10,000.00<\/strong><\/td>\n<\/tr>\n<tr>\n<td width=\"234\">Si el deudor pag\u00f3 la tercera parte de las cuotas de su cronograma de pagos<\/td>\n<td width=\"104\">60%<\/td>\n<td width=\"132\">40%<\/td>\n<\/tr>\n<tr>\n<td width=\"234\">Si el deudor pag\u00f3 las dos terceras partes de las cuotas de su cronograma de pago<\/td>\n<td width=\"104\">80%<\/td>\n<td width=\"132\">80%<\/td>\n<\/tr>\n<\/tbody>\n<\/table>\n<strong>\u00a0<\/strong>\n<ol>\n \t<li><strong>Para cr\u00e9ditos MYPE y cr\u00e9ditos vehiculares<\/strong><\/li>\n<\/ol>\n<table width=\"471\"><table border=\"1\">\n<tbody>\n<tr>\n<td width=\"338\"><strong>Modalidad de pago realizado<\/strong><\/td>\n<td width=\"132\"><strong>Garant\u00edas<\/strong><\/td>\n<\/tr>\n<tr>\n<td width=\"338\">Si el deudor pag\u00f3 la tercera parte de las cuotas de su cronograma de pagos<\/td>\n<td width=\"132\">40%<\/td>\n<\/tr>\n<tr>\n<td width=\"338\">Si el deudor pag\u00f3 las dos terceras partes de las cuotas de su cronograma de pago<\/td>\n<td width=\"132\">80%<\/td>\n<\/tr>\n<\/tbody>\n<\/table>\n<strong>\u00a0<\/strong>\n\nLos porcentajes anteriormente se\u00f1alados <u>solamente ser\u00e1n aplicables si las ESF reducen el costo del cr\u00e9dito en por lo menos los siguientes porcentajes<\/u> a trav\u00e9s de (i) reducci\u00f3n de tasas de inter\u00e9s, (ii) establecimiento de la condonaci\u00f3n de una o varias cuotas en el cronograma de pagos o (iii) una combinaci\u00f3n de ambas alternativas mencionadas.\n<table width=\"471\">\n<tbody><table border=\"1\">\n<tr>\n<td width=\"338\"><strong>Tasa de inter\u00e9s original o reprogramada (la que resulte mayor)<\/strong><\/td>\n<td width=\"132\"><strong>Porcentaje de reducci\u00f3n de tasa en:<\/strong><\/td>\n<\/tr>\n<tr>\n<td width=\"338\">Hasta el 10%<\/td>\n<td width=\"132\">15%<\/td>\n<\/tr>\n<tr>\n<td width=\"338\">De 11% a 30%<\/td>\n<td width=\"132\">20%<\/td>\n<\/tr>\n<tr>\n<td width=\"338\">De 31% a m\u00e1s<\/td>\n<td width=\"132\">25%<\/td>\n<\/tr>\n<\/tbody>\n<\/table>\n<strong>\u00a0<\/strong>\n<ol>\n \t<li><strong>Cr\u00e9ditos hipotecarios<a href=\"#_ftn2\" name=\"_ftnref2\">[2]<\/a>:<\/strong><\/li>\n<\/ol>\n<table width=\"471\"><table border=\"1\">\n<tbody>\n<tr>\n<td width=\"187\"><strong>Modalidad de pago realizado<\/strong><\/td>\n<td width=\"283\"><strong>Garant\u00edas<\/strong><\/td>\n<\/tr>\n<tr>\n<td width=\"187\">Si el deudor pag\u00f3 el primer tercio de las cuotas reprogramadas.<\/td>\n<td width=\"283\">50% de la porci\u00f3n pendiente del capital correspondiente al segundo tercio de las cuotas reprogramadas.<\/td>\n<\/tr>\n<tr>\n<td width=\"187\">Si el deudor pag\u00f3 pagado los dos tercios de las cuotas reprogramadas.<\/td>\n<td width=\"283\">80% de la porci\u00f3n pendiente del capital correspondiente al \u00faltimo tercio de las cuotas reprogramadas.<\/td>\n<\/tr>\n<\/tbody>\n<\/table>\n<strong>\u00a0<\/strong>\n\nLas ESF podr\u00e1n establecer un periodo de congelamiento de 90 d\u00edas<a href=\"#_ftn3\" name=\"_ftnref3\">[3]<\/a>, para cr\u00e9ditos de consumo, personales, MYPES y vehicular independiente a lo pactado con anterioridad a la vigencia del Programa, para aquellos deudores que no han podido realizar ning\u00fan pago en los \u00faltimos tres meses antes de la publicaci\u00f3n de la Ley.\n<ol start=\"3\">\n \t<li><strong>Criterios de elegibilidad. <\/strong>Las personas naturales y MYPES deber\u00e1n cumplir con las siguientes condiciones para acceder al Programa:\n<ol>\n \t<li><strong>Cr\u00e9ditos de consumo y personales: <\/strong>el cr\u00e9dito total en el sistema financiero al 31 de agosto de 2020 debe ser no mayor a S\/10 000.00. Excluye a personas naturales con negocio que han accedido al Programa \u201cReactiva Per\u00fa\u201d, FAE-MYPE, FAE-TURISMO y FAE-AGRO u otro programa similar con garant\u00eda del Gobierno Nacional que se cree con posterioridad a la vigencia de la Ley.<\/li>\n \t<li><strong>Cr\u00e9ditos hipotecarios para vivienda: <\/strong>el monto de origen de cr\u00e9dito debe ser no mayor a S\/ 250 000.00 solo para primera y \u00fanica vivienda, se excluyen los cr\u00e9ditos del Programa MIVIVIENDA.<\/li>\n \t<li><strong>Cr\u00e9ditos MYPE: <\/strong>el cr\u00e9dito total en el sistema financiero al 31 de agosto de 2020, debe ser no mayor a S\/ 20 000.00. Excluye a las MYPES que hayan accedido al Programa \u201cReactiva Per\u00fa\u201d, FAE-MYPE, FAE-TURISMO y FAE-AGRO u otro programa similar con garant\u00eda del Gobierno Nacional que se cree con posterioridad a la vigencia de la Ley.<\/li>\n \t<li><strong>Cr\u00e9ditos vehiculares: <\/strong>el monto de origen del cr\u00e9dito debe ser no mayor a S\/ 50 000.00 en todo el sistema financiero.<\/li>\n<\/ol>\n<\/li>\n<\/ol>\n<ol start=\"4\">\n \t<li><strong>Exclusiones: <\/strong>\n<ol>\n \t<li>En el caso de los cr\u00e9ditos MYPES, el deudor no debe de tener deudas tributarias administradas por la SUNAT, exigibles en cobranza coactiva mayor a 1 UIT al 29 de febrero de 2020<a href=\"#_ftn4\" name=\"_ftnref4\">[4]<\/a>.<\/li>\n \t<li>Una persona natural o MYPE solamente puede acceder a uno de los beneficios contemplados en el numeral 7.2 del art\u00edculo 7 de la Ley. Esta condici\u00f3n se cumple mediante la presentaci\u00f3n de una declaraci\u00f3n jurada del deudor a la ESF de no haber solicitado ni accedido a otros beneficios del Programa de Garant\u00edas COVID-19, COFIDE es responsable de verificar el cumplimiento de lo dispuesto en el presente art\u00edculo. Las ESF solo son responsables por la informaci\u00f3n que a ellas compete.<\/li>\n \t<li>No pueden acceder al Programa, las personas naturales o jur\u00eddicas que se encuentren en cualquiera de las siguientes situaciones: (i) estar comprendidas en el \u00e1mbito de la Ley que asegura el pago inmediato de la reparaci\u00f3n civil a favor del Estado peruano en casos de corrupci\u00f3n y delitos conexos, as\u00ed como cualquier persona o ente jur\u00eddico sometida a procesos por delitos de corrupci\u00f3n y conexos o cuyos representantes, debidamente acreditados ante la ESF, est\u00e9n siendo investigados por dichos delitos; quedando exceptuados los cr\u00e9ditos de las personas o entes jur\u00eddicas que hayan cumplido con el pago total de la reparaci\u00f3n civil a que hubiera lugar y siempre que estas tengan la condici\u00f3n de habilitadas para contratar con el Estado, o (ii) estar inhabilitadas por el Tribunal de Contrataciones del Estado del Organismo Supervisor de las Contrataciones del Estado.<\/li>\n \t<li>Quedan impedidos de acceder a los beneficios del Programa: (i) Presidente de la Rep\u00fablica, (ii) congresistas de la Rep\u00fablica, (iii) ministros y viceministros de Estado, (iv) miembros del Tribunal Constitucional, (v) miembros de la Junta Nacional de Justicia, (vi) Contralor General de la Rep\u00fablica, (vii) Superintendente de la SBS, (viii) Superintendente de la SUNAT, (ix) Superintendente de la SMV, (x) Presidente del Banco Central de Reserva del Per\u00fa, (xi) miembros de la Junta de Fiscales Supremos, (xii) Defensor del Pueblo, (xiii) miembros del Jurado Nacional de Elecciones, (xiv) gobernadores regionales, (xv) alcaldes provinciales a nivel nacional, (xvi) alcaldes distritales de Lima Metropolitana y (xvii) magistrados supremos.<\/li>\n<\/ol>\n<\/li>\n<\/ol>\n<ol start=\"5\">\n \t<li><strong>Plazo m\u00ednimo de reprogramaci\u00f3n de los cr\u00e9ditos garantizados por el Programa<a href=\"#_ftn5\" name=\"_ftnref5\">[5]<\/a>:<\/strong><\/li>\n<\/ol>\n<table><table border=\"1\">\n<tbody>\n<tr>\n<td width=\"258\"><strong>Cr\u00e9ditos<\/strong><\/td>\n<td width=\"261\"><strong>Plazo m\u00ednimo del cr\u00e9dito reprogramado (6 meses) <\/strong><\/td>\n<\/tr>\n<tr>\n<td width=\"258\">Consumo y personal<\/td>\n<td width=\"261\">6 meses<\/td>\n<\/tr>\n<tr>\n<td width=\"258\">Vehicular<\/td>\n<td width=\"261\">6 meses<\/td>\n<\/tr>\n<tr>\n<td width=\"258\">Hipotecario para vivienda<\/td>\n<td width=\"261\">9 meses<\/td>\n<\/tr>\n<tr>\n<td width=\"258\">MYPE<\/td>\n<td width=\"261\">6 meses<\/td>\n<\/tr>\n<\/tbody>\n<\/table>\n<ol start=\"6\">\n \t<li>La gesti\u00f3n de la cobranza de la cartera es obligaci\u00f3n de las ESF, debiendo \u00e9stas agotar todos los medios disponibles y demostrar la debida diligencia en esta funci\u00f3n, hasta antes del honramiento de la garant\u00eda por parte del Estado.<\/li>\n<\/ol>\nAs\u00ed consta en la Ley N\u00b031050 publicada el d\u00eda de hoy, la misma que entra en vigencia el 8 de octubre de 2020.\n\n<a href=\"#_ftnref1\" name=\"_ftn1\">[1]<\/a> Este Reglamento debe ser aprobado por el MEF en un plazo m\u00e1ximo de 10 d\u00edas calendario contados desde la vigencia de la Ley\n\n<a href=\"#_ftnref2\" name=\"_ftn2\">[2]<\/a> Los porcentajes de la garant\u00eda solamente resultan aplicables si las ESF reducen el costo del cr\u00e9dito en al menos 10%.\n\n<a href=\"#_ftnref3\" name=\"_ftn3\">[3]<\/a> Este beneficio es excluyente al se\u00f1alado en los numerales 6.1 y 6.2 del art\u00edculo 6 de la Ley.\n\n<a href=\"#_ftnref4\" name=\"_ftn4\">[4]<\/a> El referido requisito tambi\u00e9n se considera cumplido si a la fecha de solicitud del cr\u00e9dito la deuda tributaria en cobranza coactiva no supera dicho l\u00edmite.\n\n<a href=\"#_ftnref5\" name=\"_ftn5\">[5]<\/a> En el caso de las reprogramaciones de cr\u00e9dito de consumo, personal, hipoteca para vivienda, vehicular y MYPE, el plazo no puede exceder de 36 (treinta y seis) meses, incluido periodo de gracia.\t\t\t\t\t\t\t\t<\/div>\n\t\t\t\t<\/div>\n\t\t\t\t\t<\/div>\n\t\t<\/div>\n\t\t\t\t\t<\/div>\n\t\t<\/section>\n\t\t\t\t<section class=\"elementor-section elementor-top-section elementor-element elementor-element-7267d88 elementor-section-boxed elementor-section-height-default elementor-section-height-default\" data-id=\"7267d88\" data-element_type=\"section\" data-e-type=\"section\">\n\t\t\t\t\t\t<div class=\"elementor-container elementor-column-gap-default\">\n\t\t\t\t\t<div class=\"elementor-column elementor-col-100 elementor-top-column elementor-element elementor-element-2df62d7\" data-id=\"2df62d7\" data-element_type=\"column\" data-e-type=\"column\">\n\t\t\t<div class=\"elementor-widget-wrap elementor-element-populated\">\n\t\t\t\t\t\t<div class=\"elementor-element elementor-element-5b16ee0 elementor-widget-divider--view-line elementor-widget elementor-widget-divider\" data-id=\"5b16ee0\" data-element_type=\"widget\" data-e-type=\"widget\" data-widget_type=\"divider.default\">\n\t\t\t\t<div class=\"elementor-widget-container\">\n\t\t\t\t\t\t\t<div class=\"elementor-divider\">\n\t\t\t<span class=\"elementor-divider-separator\">\n\t\t\t\t\t\t<\/span>\n\t\t<\/div>\n\t\t\t\t\t\t<\/div>\n\t\t\t\t<\/div>\n\t\t\t\t\t<\/div>\n\t\t<\/div>\n\t\t\t\t\t<\/div>\n\t\t<\/section>\n\t\t\t\t<section class=\"elementor-section elementor-top-section elementor-element elementor-element-57cb044 elementor-section-boxed elementor-section-height-default elementor-section-height-default\" data-id=\"57cb044\" data-element_type=\"section\" data-e-type=\"section\">\n\t\t\t\t\t\t<div class=\"elementor-container elementor-column-gap-default\">\n\t\t\t\t\t<div class=\"elementor-column elementor-col-100 elementor-top-column elementor-element elementor-element-6b8088c\" data-id=\"6b8088c\" data-element_type=\"column\" data-e-type=\"column\">\n\t\t\t<div class=\"elementor-widget-wrap elementor-element-populated\">\n\t\t\t\t\t\t<div class=\"elementor-element elementor-element-c4d3f7f elementor-widget elementor-widget-text-editor\" data-id=\"c4d3f7f\" data-element_type=\"widget\" data-e-type=\"widget\" data-widget_type=\"text-editor.default\">\n\t\t\t\t<div class=\"elementor-widget-container\">\n\t\t\t\t\t\t\t\t\t<p>Para mayor informaci\u00f3n sobre el tema tratado contactarse con los abogados del Estudio:<\/p><p>Dr. Luis Gasta\u00f1eta, Dr. Agust\u00edn Yrigoyen, Dra. Shirley C\u00e1rdenas, Dr. Alfonso Tola, Dra. Mar\u00eda Soledad Gasta\u00f1eta y el Dr. Sergio Chang.<\/p>\t\t\t\t\t\t\t\t<\/div>\n\t\t\t\t<\/div>\n\t\t\t\t\t<\/div>\n\t\t<\/div>\n\t\t\t\t\t<\/div>\n\t\t<\/section>\n\t\t\t\t<section class=\"elementor-section elementor-top-section elementor-element elementor-element-b8897e2 elementor-section-boxed elementor-section-height-default elementor-section-height-default\" data-id=\"b8897e2\" data-element_type=\"section\" data-e-type=\"section\">\n\t\t\t\t\t\t<div class=\"elementor-container elementor-column-gap-default\">\n\t\t\t\t\t<div class=\"elementor-column elementor-col-100 elementor-top-column elementor-element elementor-element-2ad09ca\" data-id=\"2ad09ca\" data-element_type=\"column\" data-e-type=\"column\">\n\t\t\t<div class=\"elementor-widget-wrap elementor-element-populated\">\n\t\t\t\t\t\t<div class=\"elementor-element elementor-element-eef26cf elementor-widget-divider--view-line elementor-widget elementor-widget-divider\" data-id=\"eef26cf\" data-element_type=\"widget\" data-e-type=\"widget\" data-widget_type=\"divider.default\">\n\t\t\t\t<div class=\"elementor-widget-container\">\n\t\t\t\t\t\t\t<div class=\"elementor-divider\">\n\t\t\t<span class=\"elementor-divider-separator\">\n\t\t\t\t\t\t<\/span>\n\t\t<\/div>\n\t\t\t\t\t\t<\/div>\n\t\t\t\t<\/div>\n\t\t\t\t\t<\/div>\n\t\t<\/div>\n\t\t\t\t\t<\/div>\n\t\t<\/section>\n\t\t\t\t<section class=\"elementor-section elementor-top-section elementor-element elementor-element-f49cec6 elementor-section-boxed elementor-section-height-default elementor-section-height-default\" data-id=\"f49cec6\" data-element_type=\"section\" data-e-type=\"section\">\n\t\t\t\t\t\t<div class=\"elementor-container elementor-column-gap-default\">\n\t\t\t\t\t<div class=\"elementor-column elementor-col-100 elementor-top-column elementor-element elementor-element-fd220dc\" data-id=\"fd220dc\" data-element_type=\"column\" data-e-type=\"column\">\n\t\t\t<div class=\"elementor-widget-wrap elementor-element-populated\">\n\t\t\t\t\t\t<div class=\"elementor-element elementor-element-a8cf094 elementor-widget elementor-widget-text-editor\" data-id=\"a8cf094\" data-element_type=\"widget\" data-e-type=\"widget\" data-widget_type=\"text-editor.default\">\n\t\t\t\t<div class=\"elementor-widget-container\">\n\t\t\t\t\t\t\t\t\t<p class=\"MsoNormal\" style=\"margin-bottom: 0cm; text-align: justify; line-height: normal; mso-layout-grid-align: none; text-autospace: none;\"><span lang=\"ES\" style=\"font-size: 10.0pt; font-family: 'Arial Narrow',sans-serif; mso-fareast-font-family: 'Times New Roman'; mso-bidi-font-family: ArialNarrow; color: gray; mso-ansi-language: ES; mso-fareast-language: ES;\">La informaci\u00f3n contenida en este documento no constituye ni pretende constituir asesor\u00eda o asistencia legal directa o indirecta de ninguna especie, ni establece ning\u00fan tipo de relaci\u00f3n profesional.<\/span><\/p><p>\u00a0<\/p><p class=\"MsoNormal\" style=\"margin-bottom: 0cm; text-align: justify; line-height: normal; mso-layout-grid-align: none; text-autospace: none;\"><span lang=\"ES\" style=\"font-size: 10.0pt; font-family: 'Arial Narrow',sans-serif; mso-fareast-font-family: 'Times New Roman'; mso-bidi-font-family: ArialNarrow; color: gray; mso-ansi-language: ES; mso-fareast-language: ES;\">Asimismo, tampoco pretende hacer publicidad de los servicios prestados por nuestra firma ni por ninguno de sus abogados. El \u00fanico prop\u00f3sito es dar informaci\u00f3n de car\u00e1cter general respecto de temas que pueden ser de inter\u00e9s para los clientes y amigos de nuestra firma. Este informativo, as\u00ed como otros informes generales y art\u00edculos de inter\u00e9s preparados por los abogados del Estudio, podr\u00e1n encontrarse en nuestra p\u00e1gina web: www.garciasayan.com.pe<\/span><\/p>\t\t\t\t\t\t\t\t<\/div>\n\t\t\t\t<\/div>\n\t\t\t\t\t<\/div>\n\t\t<\/div>\n\t\t\t\t\t<\/div>\n\t\t<\/section>\n\t\t\t\t<\/div>\n\t\t","protected":false},"excerpt":{"rendered":"<p>El Presidente de la Rep\u00fablica promulg\u00f3 la Ley N\u00b031050 \u2013 Ley que establece disposiciones extraordinarias para la reprogramaci\u00f3n de deudas a fin de aliviar la econom\u00eda en las personas naturales y las MYPES como consecuencia del COVID-19 (en adelante, la Ley). Esta norma crea el Programa de Garant\u00edas COVID-19 (en adelante, el Programa) para la [&hellip;]<\/p>\n","protected":false},"author":5,"featured_media":9454,"comment_status":"closed","ping_status":"open","sticky":false,"template":"","format":"standard","meta":{"nf_dc_page":"","content-type":"","footnotes":""},"categories":[90,76,83],"class_list":["post-12281","post","type-post","status-publish","format-standard","has-post-thumbnail","hentry","category-boletin-informativo","category-corporativo","category-covid-19"],"_links":{"self":[{"href":"https:\/\/gsalegal.pe\/en\/wp-json\/wp\/v2\/posts\/12281","targetHints":{"allow":["GET"]}}],"collection":[{"href":"https:\/\/gsalegal.pe\/en\/wp-json\/wp\/v2\/posts"}],"about":[{"href":"https:\/\/gsalegal.pe\/en\/wp-json\/wp\/v2\/types\/post"}],"author":[{"embeddable":true,"href":"https:\/\/gsalegal.pe\/en\/wp-json\/wp\/v2\/users\/5"}],"replies":[{"embeddable":true,"href":"https:\/\/gsalegal.pe\/en\/wp-json\/wp\/v2\/comments?post=12281"}],"version-history":[{"count":0,"href":"https:\/\/gsalegal.pe\/en\/wp-json\/wp\/v2\/posts\/12281\/revisions"}],"wp:featuredmedia":[{"embeddable":true,"href":"https:\/\/gsalegal.pe\/en\/wp-json\/"}],"wp:attachment":[{"href":"https:\/\/gsalegal.pe\/en\/wp-json\/wp\/v2\/media?parent=12281"}],"wp:term":[{"taxonomy":"category","embeddable":true,"href":"https:\/\/gsalegal.pe\/en\/wp-json\/wp\/v2\/categories?post=12281"}],"curies":[{"name":"wp","href":"https:\/\/api.w.org\/{rel}","templated":true}]}}