{"id":12306,"date":"2020-10-13T18:11:54","date_gmt":"2020-10-13T23:11:54","guid":{"rendered":"http:\/\/localhost\/wordpress\/?p=12306"},"modified":"2020-10-13T18:11:54","modified_gmt":"2020-10-13T23:11:54","slug":"conclusiones-del-ii-pleno-jurisdiccional-distrital-en-materia-laboral-y-procesal-laboral","status":"publish","type":"post","link":"https:\/\/gsalegal.pe\/en\/conclusiones-del-ii-pleno-jurisdiccional-distrital-en-materia-laboral-y-procesal-laboral\/","title":{"rendered":"Conclusiones del II Pleno Jurisdiccional Distrital en materia Laboral y Procesal Laboral"},"content":{"rendered":"\t\t<div data-elementor-type=\"wp-post\" data-elementor-id=\"12306\" class=\"elementor elementor-12306\">\n\t\t\t\t\t\t<section class=\"elementor-section elementor-top-section elementor-element elementor-element-75dc089 elementor-section-boxed elementor-section-height-default elementor-section-height-default\" data-id=\"75dc089\" data-element_type=\"section\" data-e-type=\"section\">\n\t\t\t\t\t\t<div class=\"elementor-container elementor-column-gap-default\">\n\t\t\t\t\t<div class=\"elementor-column elementor-col-100 elementor-top-column elementor-element elementor-element-561aa25\" data-id=\"561aa25\" data-element_type=\"column\" data-e-type=\"column\">\n\t\t\t<div class=\"elementor-widget-wrap elementor-element-populated\">\n\t\t\t\t\t\t<div class=\"elementor-element elementor-element-45ce1ec elementor-widget elementor-widget-text-editor\" data-id=\"45ce1ec\" data-element_type=\"widget\" data-e-type=\"widget\" data-widget_type=\"text-editor.default\">\n\t\t\t\t<div class=\"elementor-widget-container\">\n\t\t\t\t\t\t\t\t\tCon fecha 09 de octubre de 2020, se llev\u00f3 a cabo el II Pleno Jurisdiccional distrital en materia Laboral y Procesal Laboral de la Corte Superior de Justicia de Lima, en la cual se emitieron cuatro conclusiones con impacto en las relaciones laborales del sector privado:\n<table width=\"548\"><table border=\"1\">\n\n<tbody>\n<tr>\n<td width=\"227\"><strong>TEMA<\/strong><\/td>\n<td width=\"321\"><strong>CONCLUSIONES<\/strong><\/td>\n<\/tr>\n<tr>\n<td width=\"227\"><strong>Validez constitucional del da\u00f1o punitivo dentro del proceso ordinario laboral.<\/strong><\/td>\n<td width=\"321\">No es posible ordenar el pago da\u00f1os punitivos en los procesos de indemnizaci\u00f3n por da\u00f1os y perjuicios iniciados por trabajadores como consecuencia de haber sido afectados por un despido incausado o fraudulento.<\/td>\n<\/tr>\n<tr>\n<td width=\"227\"><strong>Deducciones realizadas por el empleador dentro de la etapa de ejecuci\u00f3n de la sentencia.<\/strong>\n\n<strong>\u00a0<\/strong><\/td>\n<td width=\"321\">Los empleadores est\u00e1n facultados para efectuar deducciones legales durante la etapa de ejecuci\u00f3n de sentencia incluso cuando no cuenten con una autorizaci\u00f3n expresa dentro del proceso.<\/td>\n<\/tr>\n<tr>\n<td width=\"227\"><strong>Reposici\u00f3n laboral de las trabajadoras gestantes que ostentan cargo de confianza.<\/strong>\n\n<strong>\u00a0<\/strong><\/td>\n<td width=\"321\">Corresponde la reposici\u00f3n de la madre gestante que ostenta un cargo de confianza, ya que gozan de una protecci\u00f3n especial que le otorga la ley, la Constituci\u00f3n y las normas internacionales, las cuales no realizan distinci\u00f3n del cargo, nivel o categor\u00eda que ocupa en el centro laboral. Dicha protecci\u00f3n alcanza a la mujer gestante hasta el periodo de lactancia.<\/td>\n<\/tr>\n<tr>\n<td width=\"227\"><strong>Carga de la prueba din\u00e1mica en la determinaci\u00f3n de horas extras, cuando se aprecie falta de colaboraci\u00f3n por parte de los empleadores en la actividad probatoria.<\/strong><\/td>\n<td width=\"321\">La carga de la prueba en la jornada de sobretiempo, se revierte a la empresa demandada si \u00e9sta no cumple con exhibir el libro de control de asistencia o cualquier otro documento que lo sustituya, siendo aplicable la presunci\u00f3n prevista en el art\u00edculo 29 de la Nueva Ley Procesal del Trabajo.<\/td>\n<\/tr>\n<\/tbody>\n<\/table>\nLa transmisi\u00f3n del II Pleno podr\u00e1 visualizarse en el siguiente link: \u00a0<a href=\"https:\/\/www.facebook.com\/watch\/live\/?v=1242962016061717&amp;ref=watch_permalink\" target=\"_blank\" rel=\"noopener\">https:\/\/www.facebook.com\/watch\/live\/?v=1242962016061717&amp;ref=watch_permalink<\/a>\t\t\t\t\t\t\t\t<\/div>\n\t\t\t\t<\/div>\n\t\t\t\t\t<\/div>\n\t\t<\/div>\n\t\t\t\t\t<\/div>\n\t\t<\/section>\n\t\t\t\t<section class=\"elementor-section elementor-top-section elementor-element elementor-element-b234274 elementor-section-boxed elementor-section-height-default elementor-section-height-default\" data-id=\"b234274\" data-element_type=\"section\" data-e-type=\"section\">\n\t\t\t\t\t\t<div class=\"elementor-container elementor-column-gap-default\">\n\t\t\t\t\t<div class=\"elementor-column elementor-col-100 elementor-top-column elementor-element elementor-element-88ce66f\" data-id=\"88ce66f\" data-element_type=\"column\" data-e-type=\"column\">\n\t\t\t<div class=\"elementor-widget-wrap elementor-element-populated\">\n\t\t\t\t\t\t<div class=\"elementor-element elementor-element-3202de1 elementor-widget-divider--view-line elementor-widget elementor-widget-divider\" data-id=\"3202de1\" data-element_type=\"widget\" data-e-type=\"widget\" data-widget_type=\"divider.default\">\n\t\t\t\t<div class=\"elementor-widget-container\">\n\t\t\t\t\t\t\t<div class=\"elementor-divider\">\n\t\t\t<span class=\"elementor-divider-separator\">\n\t\t\t\t\t\t<\/span>\n\t\t<\/div>\n\t\t\t\t\t\t<\/div>\n\t\t\t\t<\/div>\n\t\t\t\t\t<\/div>\n\t\t<\/div>\n\t\t\t\t\t<\/div>\n\t\t<\/section>\n\t\t\t\t<section class=\"elementor-section elementor-top-section elementor-element elementor-element-1da9b94 elementor-section-boxed elementor-section-height-default elementor-section-height-default\" data-id=\"1da9b94\" data-element_type=\"section\" data-e-type=\"section\">\n\t\t\t\t\t\t<div class=\"elementor-container elementor-column-gap-default\">\n\t\t\t\t\t<div class=\"elementor-column elementor-col-100 elementor-top-column elementor-element elementor-element-5cf3bae\" data-id=\"5cf3bae\" data-element_type=\"column\" data-e-type=\"column\">\n\t\t\t<div class=\"elementor-widget-wrap elementor-element-populated\">\n\t\t\t\t\t\t<div class=\"elementor-element elementor-element-7caf867 elementor-widget elementor-widget-text-editor\" data-id=\"7caf867\" data-element_type=\"widget\" data-e-type=\"widget\" data-widget_type=\"text-editor.default\">\n\t\t\t\t<div class=\"elementor-widget-container\">\n\t\t\t\t\t\t\t\t\t<p>Para mayor informaci\u00f3n sobre el tema tratado contactarse con los abogados de nuestra \u00c1rea Laboral:<\/p><p>Alberto Varillas Cueto, Jaime Durand Planas, Macarena Morales Mailhe, Fressia Sanchez Tu\u00f1oque, Sara Kalinicos Garc\u00eda, Jos\u00e9 Andr\u00e9s Piedra Pereira; y Grecia Elena Aldonate Pinto.<\/p>\t\t\t\t\t\t\t\t<\/div>\n\t\t\t\t<\/div>\n\t\t\t\t\t<\/div>\n\t\t<\/div>\n\t\t\t\t\t<\/div>\n\t\t<\/section>\n\t\t\t\t<section class=\"elementor-section elementor-top-section elementor-element elementor-element-1c4e987 elementor-section-boxed elementor-section-height-default elementor-section-height-default\" data-id=\"1c4e987\" data-element_type=\"section\" data-e-type=\"section\">\n\t\t\t\t\t\t<div class=\"elementor-container elementor-column-gap-default\">\n\t\t\t\t\t<div class=\"elementor-column elementor-col-100 elementor-top-column elementor-element elementor-element-8aee71d\" data-id=\"8aee71d\" data-element_type=\"column\" data-e-type=\"column\">\n\t\t\t<div class=\"elementor-widget-wrap elementor-element-populated\">\n\t\t\t\t\t\t<div class=\"elementor-element elementor-element-84a6702 elementor-widget-divider--view-line elementor-widget elementor-widget-divider\" data-id=\"84a6702\" data-element_type=\"widget\" data-e-type=\"widget\" data-widget_type=\"divider.default\">\n\t\t\t\t<div class=\"elementor-widget-container\">\n\t\t\t\t\t\t\t<div class=\"elementor-divider\">\n\t\t\t<span class=\"elementor-divider-separator\">\n\t\t\t\t\t\t<\/span>\n\t\t<\/div>\n\t\t\t\t\t\t<\/div>\n\t\t\t\t<\/div>\n\t\t\t\t\t<\/div>\n\t\t<\/div>\n\t\t\t\t\t<\/div>\n\t\t<\/section>\n\t\t\t\t<section class=\"elementor-section elementor-top-section elementor-element elementor-element-7ceff8e elementor-section-boxed elementor-section-height-default elementor-section-height-default\" data-id=\"7ceff8e\" data-element_type=\"section\" data-e-type=\"section\">\n\t\t\t\t\t\t<div class=\"elementor-container elementor-column-gap-default\">\n\t\t\t\t\t<div class=\"elementor-column elementor-col-100 elementor-top-column elementor-element elementor-element-2e72d9a\" data-id=\"2e72d9a\" data-element_type=\"column\" data-e-type=\"column\">\n\t\t\t<div class=\"elementor-widget-wrap elementor-element-populated\">\n\t\t\t\t\t\t<div class=\"elementor-element elementor-element-e929c37 elementor-widget elementor-widget-text-editor\" data-id=\"e929c37\" data-element_type=\"widget\" data-e-type=\"widget\" data-widget_type=\"text-editor.default\">\n\t\t\t\t<div class=\"elementor-widget-container\">\n\t\t\t\t\t\t\t\t\t<p class=\"MsoNormal\" style=\"margin-bottom: 0cm; text-align: justify; line-height: normal; tab-stops: 27.0pt;\"><span style=\"font-size: 10.0pt; font-family: 'Arial Narrow',sans-serif;\">La informaci\u00f3n contenida en este documento no constituye ni pretende constituir asesor\u00eda o asistencia legal directa o indirecta de ninguna especie, ni establece ning\u00fan tipo de relaci\u00f3n profesional. Asimismo, tampoco pretende hacer publicidad de los servicios prestados por nuestra firma ni por ninguno de sus abogados. El \u00fanico prop\u00f3sito es dar informaci\u00f3n de car\u00e1cter general respecto de temas que pueden ser de inter\u00e9s para los clientes y amigos de nuestra firma. Este informativo, as\u00ed como otros informes generales y art\u00edculos de inter\u00e9s preparados por los abogados del Estudio podr\u00e1n encontrarse en nuestra p\u00e1gina web: <\/span><a href=\"http:\/\/localhost\/wordpress.pe\/\" target=\"_blank\" rel=\"noopener\"><span style=\"font-size: 10.0pt; font-family: 'Arial Narrow',sans-serif; color: blue;\">www.garciasayan.com.pe<\/span><\/a><\/p>\t\t\t\t\t\t\t\t<\/div>\n\t\t\t\t<\/div>\n\t\t\t\t\t<\/div>\n\t\t<\/div>\n\t\t\t\t\t<\/div>\n\t\t<\/section>\n\t\t\t\t<\/div>\n\t\t","protected":false},"excerpt":{"rendered":"<p>Con fecha 09 de octubre de 2020, se llev\u00f3 a cabo el II Pleno Jurisdiccional distrital en materia Laboral y Procesal Laboral de la Corte Superior de Justicia de Lima, en la cual se emitieron cuatro conclusiones con impacto en las relaciones laborales del sector privado: TEMA CONCLUSIONES Validez constitucional del da\u00f1o punitivo dentro del [&hellip;]<\/p>\n","protected":false},"author":5,"featured_media":11057,"comment_status":"closed","ping_status":"open","sticky":false,"template":"","format":"standard","meta":{"nf_dc_page":"","content-type":"","footnotes":""},"categories":[90,83,37],"class_list":["post-12306","post","type-post","status-publish","format-standard","has-post-thumbnail","hentry","category-boletin-informativo","category-covid-19","category-laboral"],"_links":{"self":[{"href":"https:\/\/gsalegal.pe\/en\/wp-json\/wp\/v2\/posts\/12306","targetHints":{"allow":["GET"]}}],"collection":[{"href":"https:\/\/gsalegal.pe\/en\/wp-json\/wp\/v2\/posts"}],"about":[{"href":"https:\/\/gsalegal.pe\/en\/wp-json\/wp\/v2\/types\/post"}],"author":[{"embeddable":true,"href":"https:\/\/gsalegal.pe\/en\/wp-json\/wp\/v2\/users\/5"}],"replies":[{"embeddable":true,"href":"https:\/\/gsalegal.pe\/en\/wp-json\/wp\/v2\/comments?post=12306"}],"version-history":[{"count":0,"href":"https:\/\/gsalegal.pe\/en\/wp-json\/wp\/v2\/posts\/12306\/revisions"}],"wp:featuredmedia":[{"embeddable":true,"href":"https:\/\/gsalegal.pe\/en\/wp-json\/"}],"wp:attachment":[{"href":"https:\/\/gsalegal.pe\/en\/wp-json\/wp\/v2\/media?parent=12306"}],"wp:term":[{"taxonomy":"category","embeddable":true,"href":"https:\/\/gsalegal.pe\/en\/wp-json\/wp\/v2\/categories?post=12306"}],"curies":[{"name":"wp","href":"https:\/\/api.w.org\/{rel}","templated":true}]}}