{"id":12314,"date":"2020-10-15T15:52:51","date_gmt":"2020-10-15T20:52:51","guid":{"rendered":"http:\/\/localhost\/wordpress\/?p=12314"},"modified":"2020-10-15T15:52:51","modified_gmt":"2020-10-15T20:52:51","slug":"aprueban-nueva-ley-del-libro","status":"publish","type":"post","link":"https:\/\/gsalegal.pe\/en\/aprueban-nueva-ley-del-libro\/","title":{"rendered":"Aprueban nueva Ley del Libro"},"content":{"rendered":"\t\t<div data-elementor-type=\"wp-post\" data-elementor-id=\"12314\" class=\"elementor elementor-12314\">\n\t\t\t\t\t\t<section class=\"elementor-section elementor-top-section elementor-element elementor-element-106115a elementor-section-boxed elementor-section-height-default elementor-section-height-default\" data-id=\"106115a\" data-element_type=\"section\" data-e-type=\"section\">\n\t\t\t\t\t\t<div class=\"elementor-container elementor-column-gap-default\">\n\t\t\t\t\t<div class=\"elementor-column elementor-col-100 elementor-top-column elementor-element elementor-element-a57ecf0\" data-id=\"a57ecf0\" data-element_type=\"column\" data-e-type=\"column\">\n\t\t\t<div class=\"elementor-widget-wrap elementor-element-populated\">\n\t\t\t\t\t\t<div class=\"elementor-element elementor-element-74da318 elementor-widget elementor-widget-text-editor\" data-id=\"74da318\" data-element_type=\"widget\" data-e-type=\"widget\" data-widget_type=\"text-editor.default\">\n\t\t\t\t<div class=\"elementor-widget-container\">\n\t\t\t\t\t\t\t\t\t<p>El 15 de octubre de 2020 el Gobierno ha promulgado la Ley N\u00b0 31053, que reconoce y fomenta el derecho a la lectura y promueve el libro, la cual entre otros aspectos, dispone la exoneraci\u00f3n del Impuesto General a las Ventas por un plazo de vigencia de tres (3) a\u00f1os contados a partir del d\u00eda siguiente de publicaci\u00f3n de la referida Ley, a la importaci\u00f3n y\/o venta en el pa\u00eds de los libros y productos editoriales afines. Asimismo, la citada Ley establece el reintegro tributario- equivalente al Impuesto General a las Ventas consignado separadamente en los comprobantes de pago correspondientes a las adquisiciones \u00a0e importaciones de bienes de capital, materia prima, insumos, servicios de prepensa electr\u00f3nica y servicios gr\u00e1ficos destinados a la realizaci\u00f3n del proyecto editorial, para aquellos editores de libros cuyos ingresos netos anuales sean hasta 150 UIT, el cual regir\u00e1 por un periodo de tres (3) a\u00f1os contados a partir del d\u00eda siguiente del vencimiento del plazo establecido en el Decreto de Urgencia 003-2019. La continuidad de los referidos beneficios tributarios est\u00e1 sujeta a los resultados positivos de las evaluaciones que realice el Ministerio de Cultura, en coordinaci\u00f3n con el Ministerio de Educaci\u00f3n y el Ministerio de Econom\u00eda y Finanzas.<\/p><p>La norma legal en menci\u00f3n, adem\u00e1s, establece un presupuesto anual de 16 millones de soles para el Fondo Libro, el mismo que est\u00e1 destinado para comprar libros para las bibliotecas p\u00fablicas y otros espacios de cultura, as\u00ed como promueve est\u00edmulos concursables para la creaci\u00f3n, la actividad editorial, la mediaci\u00f3n de lectura y la internalizaci\u00f3n de las obras peruanas. Establece, tambi\u00e9n, una serie de responsabilidades del Estado para el desarrollo de bibliotecas como incentivar su apertura, la promoci\u00f3n de bibliotecas digitales, la promoci\u00f3n de espacios no convencionales de lectura, as\u00ed como elaborar un programa de bibliotecas y garantizar a los ciudadanos el acceso a ellas. Reconoce, adem\u00e1s, a los mediadores de lectura por cumplir un rol formativo en el h\u00e1bito lector.<\/p><p>\u00a0<\/p><p>Esta norma legal busca incentivar el valor de la cadena editorial, promoviendo la especializaci\u00f3n de las editoriales, as\u00ed como reconociendo la labor de los autores otorgando reconocimientos honor\u00edficos y econ\u00f3micos, el respeto a la propiedad intelectual, as\u00ed como retribuciones compensatorias por la reproducci\u00f3n de sus obras.<\/p><p>\u00a0<\/p><p>Adicionalmente, la norma promueve los emprendimientos relacionados a la producci\u00f3n editorial, as\u00ed como su descentralizaci\u00f3n a trav\u00e9s de fondos editoriales de las entidades del Estado, universidades p\u00fablicas y privadas y organizaciones no gubernamentales.<\/p>\t\t\t\t\t\t\t\t<\/div>\n\t\t\t\t<\/div>\n\t\t\t\t\t<\/div>\n\t\t<\/div>\n\t\t\t\t\t<\/div>\n\t\t<\/section>\n\t\t\t\t<section class=\"elementor-section elementor-top-section elementor-element elementor-element-484b7f3 elementor-section-boxed elementor-section-height-default elementor-section-height-default\" data-id=\"484b7f3\" data-element_type=\"section\" data-e-type=\"section\">\n\t\t\t\t\t\t<div class=\"elementor-container elementor-column-gap-default\">\n\t\t\t\t\t<div class=\"elementor-column elementor-col-100 elementor-top-column elementor-element elementor-element-9b471d4\" data-id=\"9b471d4\" data-element_type=\"column\" data-e-type=\"column\">\n\t\t\t<div class=\"elementor-widget-wrap elementor-element-populated\">\n\t\t\t\t\t\t<div class=\"elementor-element elementor-element-17fcbb8 elementor-widget-divider--view-line elementor-widget elementor-widget-divider\" data-id=\"17fcbb8\" data-element_type=\"widget\" data-e-type=\"widget\" data-widget_type=\"divider.default\">\n\t\t\t\t<div class=\"elementor-widget-container\">\n\t\t\t\t\t\t\t<div class=\"elementor-divider\">\n\t\t\t<span class=\"elementor-divider-separator\">\n\t\t\t\t\t\t<\/span>\n\t\t<\/div>\n\t\t\t\t\t\t<\/div>\n\t\t\t\t<\/div>\n\t\t\t\t\t<\/div>\n\t\t<\/div>\n\t\t\t\t\t<\/div>\n\t\t<\/section>\n\t\t\t\t<section class=\"elementor-section elementor-top-section elementor-element elementor-element-4b55ad8 elementor-section-boxed elementor-section-height-default elementor-section-height-default\" data-id=\"4b55ad8\" data-element_type=\"section\" data-e-type=\"section\">\n\t\t\t\t\t\t<div class=\"elementor-container elementor-column-gap-default\">\n\t\t\t\t\t<div class=\"elementor-column elementor-col-100 elementor-top-column elementor-element elementor-element-0894a0a\" data-id=\"0894a0a\" data-element_type=\"column\" data-e-type=\"column\">\n\t\t\t<div class=\"elementor-widget-wrap elementor-element-populated\">\n\t\t\t\t\t\t<div class=\"elementor-element elementor-element-75981c6 elementor-widget elementor-widget-text-editor\" data-id=\"75981c6\" data-element_type=\"widget\" data-e-type=\"widget\" data-widget_type=\"text-editor.default\">\n\t\t\t\t<div class=\"elementor-widget-container\">\n\t\t\t\t\t\t\t\t\t<p>Para mayor informaci\u00f3n sobre el tema tratado contactarse con los abogados del Estudio:<\/p><p>Dr. Diego Calmet Mujica, Dr. Agust\u00edn Yrigoyen Gonz\u00e1lez del Riego, Dr. Carlos Ch\u00e1vez Meza y Dr. Paul Montjoy Forti.<\/p>\t\t\t\t\t\t\t\t<\/div>\n\t\t\t\t<\/div>\n\t\t\t\t\t<\/div>\n\t\t<\/div>\n\t\t\t\t\t<\/div>\n\t\t<\/section>\n\t\t\t\t<section class=\"elementor-section elementor-top-section elementor-element elementor-element-492b3e6 elementor-section-boxed elementor-section-height-default elementor-section-height-default\" data-id=\"492b3e6\" data-element_type=\"section\" data-e-type=\"section\">\n\t\t\t\t\t\t<div class=\"elementor-container elementor-column-gap-default\">\n\t\t\t\t\t<div class=\"elementor-column elementor-col-100 elementor-top-column elementor-element elementor-element-579ec4d\" data-id=\"579ec4d\" data-element_type=\"column\" data-e-type=\"column\">\n\t\t\t<div class=\"elementor-widget-wrap elementor-element-populated\">\n\t\t\t\t\t\t<div class=\"elementor-element elementor-element-dd05158 elementor-widget-divider--view-line elementor-widget elementor-widget-divider\" data-id=\"dd05158\" data-element_type=\"widget\" data-e-type=\"widget\" data-widget_type=\"divider.default\">\n\t\t\t\t<div class=\"elementor-widget-container\">\n\t\t\t\t\t\t\t<div class=\"elementor-divider\">\n\t\t\t<span class=\"elementor-divider-separator\">\n\t\t\t\t\t\t<\/span>\n\t\t<\/div>\n\t\t\t\t\t\t<\/div>\n\t\t\t\t<\/div>\n\t\t\t\t\t<\/div>\n\t\t<\/div>\n\t\t\t\t\t<\/div>\n\t\t<\/section>\n\t\t\t\t<section class=\"elementor-section elementor-top-section elementor-element elementor-element-c694249 elementor-section-boxed elementor-section-height-default elementor-section-height-default\" data-id=\"c694249\" data-element_type=\"section\" data-e-type=\"section\">\n\t\t\t\t\t\t<div class=\"elementor-container elementor-column-gap-default\">\n\t\t\t\t\t<div class=\"elementor-column elementor-col-100 elementor-top-column elementor-element elementor-element-8b6a512\" data-id=\"8b6a512\" data-element_type=\"column\" data-e-type=\"column\">\n\t\t\t<div class=\"elementor-widget-wrap elementor-element-populated\">\n\t\t\t\t\t\t<div class=\"elementor-element elementor-element-d4b15d3 elementor-widget elementor-widget-text-editor\" data-id=\"d4b15d3\" data-element_type=\"widget\" data-e-type=\"widget\" data-widget_type=\"text-editor.default\">\n\t\t\t\t<div class=\"elementor-widget-container\">\n\t\t\t\t\t\t\t\t\t<p class=\"MsoNormal\" style=\"margin-bottom: 0cm; text-align: justify; line-height: normal; mso-layout-grid-align: none; text-autospace: none;\"><span lang=\"ES\" style=\"font-size: 10.0pt; font-family: 'Arial Narrow',sans-serif; mso-fareast-font-family: 'Times New Roman'; mso-bidi-font-family: ArialNarrow; color: gray; mso-ansi-language: ES; mso-fareast-language: ES;\">La informaci\u00f3n contenida en este documento no constituye ni pretende constituir asesor\u00eda o asistencia legal directa o indirecta de ninguna especie, ni establece ning\u00fan tipo de relaci\u00f3n profesional.<\/span><\/p><p>\u00a0<\/p><p class=\"MsoNormal\" style=\"margin-bottom: 0cm; text-align: justify; line-height: normal; mso-layout-grid-align: none; text-autospace: none;\"><span lang=\"ES\" style=\"font-size: 10.0pt; font-family: 'Arial Narrow',sans-serif; mso-fareast-font-family: 'Times New Roman'; mso-bidi-font-family: ArialNarrow; color: gray; mso-ansi-language: ES; mso-fareast-language: ES;\">Asimismo, tampoco pretende hacer publicidad de los servicios prestados por nuestra firma ni por ninguno de sus abogados. El \u00fanico prop\u00f3sito es dar informaci\u00f3n de car\u00e1cter general respecto de temas que pueden ser de inter\u00e9s para los clientes y amigos de nuestra firma. Este informativo, as\u00ed como otros informes generales y art\u00edculos de inter\u00e9s preparados por los abogados del Estudio, podr\u00e1n encontrarse en nuestra p\u00e1gina web: www.garciasayan.com.pe<\/span><\/p>\t\t\t\t\t\t\t\t<\/div>\n\t\t\t\t<\/div>\n\t\t\t\t\t<\/div>\n\t\t<\/div>\n\t\t\t\t\t<\/div>\n\t\t<\/section>\n\t\t\t\t<\/div>\n\t\t","protected":false},"excerpt":{"rendered":"<p>El 15 de octubre de 2020 el Gobierno ha promulgado la Ley N\u00b0 31053, que reconoce y fomenta el derecho a la lectura y promueve el libro, la cual entre otros aspectos, dispone la exoneraci\u00f3n del Impuesto General a las Ventas por un plazo de vigencia de tres (3) a\u00f1os contados a partir del d\u00eda [&hellip;]<\/p>\n","protected":false},"author":5,"featured_media":11237,"comment_status":"closed","ping_status":"open","sticky":false,"template":"","format":"standard","meta":{"nf_dc_page":"","content-type":"","footnotes":""},"categories":[81,90,83],"class_list":["post-12314","post","type-post","status-publish","format-standard","has-post-thumbnail","hentry","category-administrativo","category-boletin-informativo","category-covid-19"],"_links":{"self":[{"href":"https:\/\/gsalegal.pe\/en\/wp-json\/wp\/v2\/posts\/12314","targetHints":{"allow":["GET"]}}],"collection":[{"href":"https:\/\/gsalegal.pe\/en\/wp-json\/wp\/v2\/posts"}],"about":[{"href":"https:\/\/gsalegal.pe\/en\/wp-json\/wp\/v2\/types\/post"}],"author":[{"embeddable":true,"href":"https:\/\/gsalegal.pe\/en\/wp-json\/wp\/v2\/users\/5"}],"replies":[{"embeddable":true,"href":"https:\/\/gsalegal.pe\/en\/wp-json\/wp\/v2\/comments?post=12314"}],"version-history":[{"count":0,"href":"https:\/\/gsalegal.pe\/en\/wp-json\/wp\/v2\/posts\/12314\/revisions"}],"wp:featuredmedia":[{"embeddable":true,"href":"https:\/\/gsalegal.pe\/en\/wp-json\/"}],"wp:attachment":[{"href":"https:\/\/gsalegal.pe\/en\/wp-json\/wp\/v2\/media?parent=12314"}],"wp:term":[{"taxonomy":"category","embeddable":true,"href":"https:\/\/gsalegal.pe\/en\/wp-json\/wp\/v2\/categories?post=12314"}],"curies":[{"name":"wp","href":"https:\/\/api.w.org\/{rel}","templated":true}]}}