{"id":12331,"date":"2020-10-17T12:44:23","date_gmt":"2020-10-17T17:44:23","guid":{"rendered":"http:\/\/localhost\/wordpress\/?p=12331"},"modified":"2020-10-17T12:44:23","modified_gmt":"2020-10-17T17:44:23","slug":"declaran-la-condicion-de-responsable-no-identificado-respecto-de-los-pasivos-ambientales-del-subsector-hidrocarburos-de-medio-riesgo-ubicados-en-los-distritos-de-zorritos-y-canoas-de-punta-sal","status":"publish","type":"post","link":"https:\/\/gsalegal.pe\/en\/declaran-la-condicion-de-responsable-no-identificado-respecto-de-los-pasivos-ambientales-del-subsector-hidrocarburos-de-medio-riesgo-ubicados-en-los-distritos-de-zorritos-y-canoas-de-punta-sal\/","title":{"rendered":"Declaran la condici\u00f3n de Responsable No Identificado respecto de los pasivos ambientales del subsector hidrocarburos de Medio Riesgo ubicados en los distritos de Zorritos y Canoas de Punta Sal"},"content":{"rendered":"\t\t<div data-elementor-type=\"wp-post\" data-elementor-id=\"12331\" class=\"elementor elementor-12331\">\n\t\t\t\t\t\t<section class=\"elementor-section elementor-top-section elementor-element elementor-element-16db4e3 elementor-section-boxed elementor-section-height-default elementor-section-height-default\" data-id=\"16db4e3\" data-element_type=\"section\" data-e-type=\"section\">\n\t\t\t\t\t\t<div class=\"elementor-container elementor-column-gap-default\">\n\t\t\t\t\t<div class=\"elementor-column elementor-col-100 elementor-top-column elementor-element elementor-element-e5b8ef2\" data-id=\"e5b8ef2\" data-element_type=\"column\" data-e-type=\"column\">\n\t\t\t<div class=\"elementor-widget-wrap elementor-element-populated\">\n\t\t\t\t\t\t<div class=\"elementor-element elementor-element-2475bba elementor-widget elementor-widget-text-editor\" data-id=\"2475bba\" data-element_type=\"widget\" data-e-type=\"widget\" data-widget_type=\"text-editor.default\">\n\t\t\t\t<div class=\"elementor-widget-container\">\n\t\t\t\t\t\t\t\t\t<p>El art\u00edculo 4 de la Ley N\u00b0 29134, Ley que regula los Pasivos Ambientales del Subsector Hidrocarburos, establece que el Ministerio de Energ\u00eda y Minas (en adelante, el \u201cMINEM\u201d) tiene a su cargo la determinaci\u00f3n de los responsables de los pasivos ambientales del subsector hidrocarburos, tomando en cuenta, entre otros aspectos, que en todos aquellos casos en donde no sea posible identificar a los responsables de los pasivos ambientales, el Estado asume progresivamente su remediaci\u00f3n.<\/p><p>En ese sentido, el 16 de octubre de 2020, el MINEM, a trav\u00e9s de la Resoluci\u00f3n Ministerial N\u00ba 317-2020-MINEM\/DM, declar\u00f3 la condici\u00f3n de Responsable No Identificado respecto de los pasivos ambientales del subsector hidrocarburos de Riesgo Medio correspondientes a los pozos contenidos en las Fichas Nos. F00755, F00711 y F05618, ubicados en los distritos de Zorritos, as\u00ed como el contenido en la Ficha N\u00b0 F00727 ubicado en el distrito de Canoas de Punta Sal, pertenecientes a la provincia de Contralmirante Villar, departamento de Tumbes, en el \u00e1rea del Lote XX.<\/p><p>Asimismo, la norma se\u00f1ala que en caso se logre identificar al responsable respecto de los pozos, el Estado podr\u00e1 repetir contra \u00e9l e iniciar las acciones que correspondan.<\/p>\t\t\t\t\t\t\t\t<\/div>\n\t\t\t\t<\/div>\n\t\t\t\t\t<\/div>\n\t\t<\/div>\n\t\t\t\t\t<\/div>\n\t\t<\/section>\n\t\t\t\t<section class=\"elementor-section elementor-top-section elementor-element elementor-element-b36622e elementor-section-boxed elementor-section-height-default elementor-section-height-default\" data-id=\"b36622e\" data-element_type=\"section\" data-e-type=\"section\">\n\t\t\t\t\t\t<div class=\"elementor-container elementor-column-gap-default\">\n\t\t\t\t\t<div class=\"elementor-column elementor-col-100 elementor-top-column elementor-element elementor-element-dec4589\" data-id=\"dec4589\" data-element_type=\"column\" data-e-type=\"column\">\n\t\t\t<div class=\"elementor-widget-wrap elementor-element-populated\">\n\t\t\t\t\t\t<div class=\"elementor-element elementor-element-d8c13f6 elementor-widget-divider--view-line elementor-widget elementor-widget-divider\" data-id=\"d8c13f6\" data-element_type=\"widget\" data-e-type=\"widget\" data-widget_type=\"divider.default\">\n\t\t\t\t<div class=\"elementor-widget-container\">\n\t\t\t\t\t\t\t<div class=\"elementor-divider\">\n\t\t\t<span class=\"elementor-divider-separator\">\n\t\t\t\t\t\t<\/span>\n\t\t<\/div>\n\t\t\t\t\t\t<\/div>\n\t\t\t\t<\/div>\n\t\t\t\t\t<\/div>\n\t\t<\/div>\n\t\t\t\t\t<\/div>\n\t\t<\/section>\n\t\t\t\t<section class=\"elementor-section elementor-top-section elementor-element elementor-element-e88149d elementor-section-boxed elementor-section-height-default elementor-section-height-default\" data-id=\"e88149d\" data-element_type=\"section\" data-e-type=\"section\">\n\t\t\t\t\t\t<div class=\"elementor-container elementor-column-gap-default\">\n\t\t\t\t\t<div class=\"elementor-column elementor-col-100 elementor-top-column elementor-element elementor-element-356eb20\" data-id=\"356eb20\" data-element_type=\"column\" data-e-type=\"column\">\n\t\t\t<div class=\"elementor-widget-wrap elementor-element-populated\">\n\t\t\t\t\t\t<div class=\"elementor-element elementor-element-0880f9a elementor-widget elementor-widget-text-editor\" data-id=\"0880f9a\" data-element_type=\"widget\" data-e-type=\"widget\" data-widget_type=\"text-editor.default\">\n\t\t\t\t<div class=\"elementor-widget-container\">\n\t\t\t\t\t\t\t\t\t<p>Para m\u00e1s informaci\u00f3n sobre los temas tratados contactarse con los abogados de nuestra \u00c1rea de Recursos Naturales y Medio Ambiente:<\/p><p>Jos\u00e9 Miguel Morales Dasso, Alberto Varillas Cueto, Edgardo Portaro van Oordt, Felipe Del \u00c1guila, Samantha Boy Roca y Jos\u00e9 Castillo.<\/p>\t\t\t\t\t\t\t\t<\/div>\n\t\t\t\t<\/div>\n\t\t\t\t\t<\/div>\n\t\t<\/div>\n\t\t\t\t\t<\/div>\n\t\t<\/section>\n\t\t\t\t<section class=\"elementor-section elementor-top-section elementor-element elementor-element-acf6ef2 elementor-section-boxed elementor-section-height-default elementor-section-height-default\" data-id=\"acf6ef2\" data-element_type=\"section\" data-e-type=\"section\">\n\t\t\t\t\t\t<div class=\"elementor-container elementor-column-gap-default\">\n\t\t\t\t\t<div class=\"elementor-column elementor-col-100 elementor-top-column elementor-element elementor-element-7c7769b\" data-id=\"7c7769b\" data-element_type=\"column\" data-e-type=\"column\">\n\t\t\t<div class=\"elementor-widget-wrap elementor-element-populated\">\n\t\t\t\t\t\t<div class=\"elementor-element elementor-element-39fa27d elementor-widget-divider--view-line elementor-widget elementor-widget-divider\" data-id=\"39fa27d\" data-element_type=\"widget\" data-e-type=\"widget\" data-widget_type=\"divider.default\">\n\t\t\t\t<div class=\"elementor-widget-container\">\n\t\t\t\t\t\t\t<div class=\"elementor-divider\">\n\t\t\t<span class=\"elementor-divider-separator\">\n\t\t\t\t\t\t<\/span>\n\t\t<\/div>\n\t\t\t\t\t\t<\/div>\n\t\t\t\t<\/div>\n\t\t\t\t\t<\/div>\n\t\t<\/div>\n\t\t\t\t\t<\/div>\n\t\t<\/section>\n\t\t\t\t<section class=\"elementor-section elementor-top-section elementor-element elementor-element-31f026e elementor-section-boxed elementor-section-height-default elementor-section-height-default\" data-id=\"31f026e\" data-element_type=\"section\" data-e-type=\"section\">\n\t\t\t\t\t\t<div class=\"elementor-container elementor-column-gap-default\">\n\t\t\t\t\t<div class=\"elementor-column elementor-col-100 elementor-top-column elementor-element elementor-element-3fba4e6\" data-id=\"3fba4e6\" data-element_type=\"column\" data-e-type=\"column\">\n\t\t\t<div class=\"elementor-widget-wrap elementor-element-populated\">\n\t\t\t\t\t\t<div class=\"elementor-element elementor-element-191f4c2 elementor-widget elementor-widget-text-editor\" data-id=\"191f4c2\" data-element_type=\"widget\" data-e-type=\"widget\" data-widget_type=\"text-editor.default\">\n\t\t\t\t<div class=\"elementor-widget-container\">\n\t\t\t\t\t\t\t\t\t<p class=\"MsoNormal\" style=\"margin-bottom: 0cm; text-align: justify; line-height: normal; mso-layout-grid-align: none; text-autospace: none;\"><span style=\"font-family: 'Arial Narrow',sans-serif; mso-bidi-font-family: ArialNarrow; color: #818181;\">La informaci\u00f3n contenida en este documento no constituye ni pretende constituir asesor\u00eda o asistencia legal directa o indirecta de ninguna especie, ni establece ning\u00fan tipo de relaci\u00f3n profesional.<\/span><\/p><p>\u00a0<\/p><p class=\"MsoNormal\" style=\"margin-bottom: 0cm; text-align: justify; line-height: normal; mso-layout-grid-align: none; text-autospace: none;\"><span style=\"font-family: 'Arial Narrow',sans-serif; mso-bidi-font-family: ArialNarrow; color: #818181;\">Asimismo, tampoco pretende hacer publicidad de los servicios prestados por nuestra firma ni por ninguno de sus abogados. El \u00fanico prop\u00f3sito es dar informaci\u00f3n de car\u00e1cter general respecto de temas que pueden ser de inter\u00e9s para los clientes y amigos de nuestra firma. Este informativo, as\u00ed como otros informes generales y art\u00edculos de inter\u00e9s preparados por los abogados del Estudio podr\u00e1n encontrarse en nuestra p\u00e1gina web: www.garciasayan.com.pe<\/span><\/p>\t\t\t\t\t\t\t\t<\/div>\n\t\t\t\t<\/div>\n\t\t\t\t\t<\/div>\n\t\t<\/div>\n\t\t\t\t\t<\/div>\n\t\t<\/section>\n\t\t\t\t<\/div>\n\t\t","protected":false},"excerpt":{"rendered":"<p>El art\u00edculo 4 de la Ley N\u00b0 29134, Ley que regula los Pasivos Ambientales del Subsector Hidrocarburos, establece que el Ministerio de Energ\u00eda y Minas (en adelante, el \u201cMINEM\u201d) tiene a su cargo la determinaci\u00f3n de los responsables de los pasivos ambientales del subsector hidrocarburos, tomando en cuenta, entre otros aspectos, que en todos aquellos [&hellip;]<\/p>\n","protected":false},"author":5,"featured_media":11064,"comment_status":"closed","ping_status":"open","sticky":false,"template":"","format":"standard","meta":{"nf_dc_page":"","content-type":"","footnotes":""},"categories":[90,83,79],"class_list":["post-12331","post","type-post","status-publish","format-standard","has-post-thumbnail","hentry","category-boletin-informativo","category-covid-19","category-recursos-naturales"],"_links":{"self":[{"href":"https:\/\/gsalegal.pe\/en\/wp-json\/wp\/v2\/posts\/12331","targetHints":{"allow":["GET"]}}],"collection":[{"href":"https:\/\/gsalegal.pe\/en\/wp-json\/wp\/v2\/posts"}],"about":[{"href":"https:\/\/gsalegal.pe\/en\/wp-json\/wp\/v2\/types\/post"}],"author":[{"embeddable":true,"href":"https:\/\/gsalegal.pe\/en\/wp-json\/wp\/v2\/users\/5"}],"replies":[{"embeddable":true,"href":"https:\/\/gsalegal.pe\/en\/wp-json\/wp\/v2\/comments?post=12331"}],"version-history":[{"count":0,"href":"https:\/\/gsalegal.pe\/en\/wp-json\/wp\/v2\/posts\/12331\/revisions"}],"wp:featuredmedia":[{"embeddable":true,"href":"https:\/\/gsalegal.pe\/en\/wp-json\/"}],"wp:attachment":[{"href":"https:\/\/gsalegal.pe\/en\/wp-json\/wp\/v2\/media?parent=12331"}],"wp:term":[{"taxonomy":"category","embeddable":true,"href":"https:\/\/gsalegal.pe\/en\/wp-json\/wp\/v2\/categories?post=12331"}],"curies":[{"name":"wp","href":"https:\/\/api.w.org\/{rel}","templated":true}]}}