{"id":12343,"date":"2020-10-19T14:35:54","date_gmt":"2020-10-19T19:35:54","guid":{"rendered":"http:\/\/localhost\/wordpress\/?p=12343"},"modified":"2020-10-19T14:35:54","modified_gmt":"2020-10-19T19:35:54","slug":"aprueban-reglamento-operativo-del-programa-de-garantias-covid-19","status":"publish","type":"post","link":"https:\/\/gsalegal.pe\/en\/aprueban-reglamento-operativo-del-programa-de-garantias-covid-19\/","title":{"rendered":"Aprueban Reglamento Operativo del Programa de Garant\u00edas COVID-19"},"content":{"rendered":"\t\t<div data-elementor-type=\"wp-post\" data-elementor-id=\"12343\" class=\"elementor elementor-12343\">\n\t\t\t\t\t\t<section class=\"elementor-section elementor-top-section elementor-element elementor-element-2aaf787 elementor-section-boxed elementor-section-height-default elementor-section-height-default\" data-id=\"2aaf787\" data-element_type=\"section\" data-e-type=\"section\">\n\t\t\t\t\t\t<div class=\"elementor-container elementor-column-gap-default\">\n\t\t\t\t\t<div class=\"elementor-column elementor-col-100 elementor-top-column elementor-element elementor-element-b642b8e\" data-id=\"b642b8e\" data-element_type=\"column\" data-e-type=\"column\">\n\t\t\t<div class=\"elementor-widget-wrap elementor-element-populated\">\n\t\t\t\t\t\t<div class=\"elementor-element elementor-element-af15746 elementor-widget elementor-widget-text-editor\" data-id=\"af15746\" data-element_type=\"widget\" data-e-type=\"widget\" data-widget_type=\"text-editor.default\">\n\t\t\t\t<div class=\"elementor-widget-container\">\n\t\t\t\t\t\t\t\t\t<p style=\"text-align: justify; background-image: initial; background-position: initial; background-size: initial; background-repeat: initial; background-attachment: initial; background-origin: initial; background-clip: initial;\"><span style=\"font-family: 'Arial Narrow',sans-serif; mso-bidi-font-family: Arial; color: #0a0a0a;\">El Ministerio de Econom\u00eda y Finanzas aprob\u00f3 el Reglamento Operativo del Programa de Garant\u00edas COVID-19 (en adelante, el Reglamento) a fin de establecer disposiciones para su implementaci\u00f3n. Las principales disposiciones son las siguientes:<\/span><\/p><p style=\"margin: 0cm 0cm 0cm 36pt; text-align: justify; text-indent: -18pt; background-image: initial; background-position: initial; background-size: initial; background-repeat: initial; background-attachment: initial; background-origin: initial; background-clip: initial;\"><!-- [if !supportLists]--><b><span style=\"font-family: 'Arial Narrow',sans-serif; mso-fareast-font-family: 'Arial Narrow'; mso-bidi-font-family: 'Arial Narrow'; color: #0a0a0a;\">1.<span style=\"font-variant-numeric: normal; font-variant-east-asian: normal; font-weight: normal; font-stretch: normal; font-size: 7pt; line-height: normal; font-family: 'Times New Roman';\">\u00a0\u00a0\u00a0\u00a0\u00a0\u00a0 <\/span><\/span><\/b><!--[endif]--><b><u><span style=\"font-family: 'Arial Narrow',sans-serif; mso-bidi-font-family: Arial; color: #0a0a0a;\">Uso de recursos y restricciones: <\/span><\/u><\/b><\/p><p style=\"margin: 0cm 0cm 0cm 54pt; text-align: justify; text-indent: -18pt; background-image: initial; background-position: initial; background-size: initial; background-repeat: initial; background-attachment: initial; background-origin: initial; background-clip: initial;\"><!-- [if !supportLists]--><span style=\"font-family: 'Arial Narrow',sans-serif; mso-fareast-font-family: 'Arial Narrow'; mso-bidi-font-family: 'Arial Narrow'; color: #0a0a0a;\">a.<span style=\"font-variant-numeric: normal; font-variant-east-asian: normal; font-stretch: normal; font-size: 7pt; line-height: normal; font-family: 'Times New Roman';\">\u00a0\u00a0\u00a0\u00a0\u00a0\u00a0 <\/span><\/span><!--[endif]--><span style=\"font-family: 'Arial Narrow',sans-serif; mso-bidi-font-family: Arial; color: #0a0a0a;\">Las garant\u00edas son eficaces solo para garantizar los cr\u00e9ditos reprogramados de personas naturales y MYPES en la moneda que origin\u00f3 el cr\u00e9dito y en los porcentajes de cobertura que se\u00f1ala el art\u00edculo 11 del Reglamento, <\/span><span style=\"font-family: 'Arial Narrow',sans-serif; color: black; mso-color-alt: windowtext;\">desde que COFIDE remite a la ESF el certificado correspondiente<\/span><span style=\"font-family: 'Arial Narrow',sans-serif; mso-bidi-font-family: Arial; color: #0a0a0a;\">. <\/span><\/p><p style=\"margin: 0cm 0cm 0cm 54pt; text-align: justify; text-indent: -18pt; background-image: initial; background-position: initial; background-size: initial; background-repeat: initial; background-attachment: initial; background-origin: initial; background-clip: initial;\"><!-- [if !supportLists]--><span style=\"font-family: 'Arial Narrow',sans-serif; mso-fareast-font-family: 'Arial Narrow'; mso-bidi-font-family: 'Arial Narrow'; color: #0a0a0a;\">b.<span style=\"font-variant-numeric: normal; font-variant-east-asian: normal; font-stretch: normal; font-size: 7pt; line-height: normal; font-family: 'Times New Roman';\">\u00a0\u00a0\u00a0\u00a0\u00a0\u00a0 <\/span><\/span><!--[endif]--><span style=\"font-family: 'Arial Narrow',sans-serif; mso-bidi-font-family: Arial; color: #0a0a0a;\">En caso COFIDE detecte que existen cr\u00e9ditos reprogramados garantizados que no cumplan con los requisitos se\u00f1alados por la norma, la garant\u00eda se extinguir\u00e1 autom\u00e1ticamente, siempre que la informaci\u00f3n haya sido responsabilidad de la Entidad del Sistema Financiero (ESF). <\/span><\/p><p style=\"margin: 0cm 0cm 0cm 54pt; text-align: justify; text-indent: -18pt; background-image: initial; background-position: initial; background-size: initial; background-repeat: initial; background-attachment: initial; background-origin: initial; background-clip: initial;\"><!-- [if !supportLists]--><span style=\"font-family: 'Arial Narrow',sans-serif; mso-fareast-font-family: 'Arial Narrow'; mso-bidi-font-family: 'Arial Narrow'; color: #0a0a0a;\">c.<span style=\"font-variant-numeric: normal; font-variant-east-asian: normal; font-stretch: normal; font-size: 7pt; line-height: normal; font-family: 'Times New Roman';\">\u00a0\u00a0\u00a0\u00a0\u00a0\u00a0 <\/span><\/span><!--[endif]--><span style=\"font-family: 'Arial Narrow',sans-serif; mso-bidi-font-family: Arial; color: #0a0a0a;\">El acogerse al Programa de Garant\u00edas COVID-19 (en adelante, el Programa) no genera deterioro de la calificaci\u00f3n crediticia.<\/span><\/p><p style=\"margin: 0cm 0cm 0cm 54pt; text-align: justify; text-indent: -18pt; background-image: initial; background-position: initial; background-size: initial; background-repeat: initial; background-attachment: initial; background-origin: initial; background-clip: initial;\"><!-- [if !supportLists]--><span style=\"font-family: 'Arial Narrow',sans-serif; mso-fareast-font-family: 'Arial Narrow'; mso-bidi-font-family: 'Arial Narrow'; color: #0a0a0a;\">d.<span style=\"font-variant-numeric: normal; font-variant-east-asian: normal; font-stretch: normal; font-size: 7pt; line-height: normal; font-family: 'Times New Roman';\">\u00a0\u00a0\u00a0\u00a0\u00a0\u00a0 <\/span><\/span><!--[endif]--><span style=\"font-family: 'Arial Narrow',sans-serif; mso-bidi-font-family: Arial; color: #0a0a0a;\">Las ESF deben establecer criterios para la priorizaci\u00f3n en el otorgamiento de las reprogramaciones considerando dificultades para pagar las cuotas de las obligaciones contra\u00eddas. <\/span><\/p><p style=\"margin: 0cm 0cm 0cm 54pt; text-align: justify; background-image: initial; background-position: initial; background-size: initial; background-repeat: initial; background-attachment: initial; background-origin: initial; background-clip: initial;\"><span style=\"font-family: 'Arial Narrow',sans-serif; mso-bidi-font-family: Arial; color: #0a0a0a;\">\u00a0<\/span><\/p><p style=\"margin: 0cm 0cm 0cm 36pt; text-align: justify; text-indent: -18pt; background-image: initial; background-position: initial; background-size: initial; background-repeat: initial; background-attachment: initial; background-origin: initial; background-clip: initial;\"><!-- [if !supportLists]--><b><span style=\"font-family: 'Arial Narrow',sans-serif; mso-fareast-font-family: 'Arial Narrow'; mso-bidi-font-family: 'Arial Narrow'; color: #0a0a0a;\">2.<span style=\"font-variant-numeric: normal; font-variant-east-asian: normal; font-weight: normal; font-stretch: normal; font-size: 7pt; line-height: normal; font-family: 'Times New Roman';\">\u00a0\u00a0\u00a0\u00a0\u00a0\u00a0 <\/span><\/span><\/b><!--[endif]--><b><u><span style=\"font-family: 'Arial Narrow',sans-serif; mso-bidi-font-family: Arial; color: #0a0a0a;\">T\u00e9rminos y condiciones de los pr\u00e9stamos:<\/span><\/u><\/b><\/p><p style=\"margin: 0cm 0cm 0cm 54pt; text-align: justify; text-indent: -18pt; background-image: initial; background-position: initial; background-size: initial; background-repeat: initial; background-attachment: initial; background-origin: initial; background-clip: initial;\"><!-- [if !supportLists]--><span style=\"font-family: 'Arial Narrow',sans-serif; mso-fareast-font-family: 'Arial Narrow'; mso-bidi-font-family: 'Arial Narrow'; color: #0a0a0a;\">a.<span style=\"font-variant-numeric: normal; font-variant-east-asian: normal; font-stretch: normal; font-size: 7pt; line-height: normal; font-family: 'Times New Roman';\">\u00a0\u00a0\u00a0\u00a0\u00a0\u00a0 <\/span><\/span><!--[endif]--><span style=\"font-family: 'Arial Narrow',sans-serif; mso-bidi-font-family: Arial; color: #0a0a0a;\">El periodo de cobertura de la garant\u00eda es por un plazo m\u00e1ximo de hasta 24 meses del cronograma del cr\u00e9dito reprogramado, sujeto a las condiciones de eficacia establecidas en el art\u00edculo 4 del Reglamento.<\/span><\/p><p style=\"margin: 0cm 0cm 0cm 54pt; text-align: justify; text-indent: -18pt; background-image: initial; background-position: initial; background-size: initial; background-repeat: initial; background-attachment: initial; background-origin: initial; background-clip: initial;\"><!-- [if !supportLists]--><span style=\"font-family: 'Arial Narrow',sans-serif; mso-fareast-font-family: 'Arial Narrow'; mso-bidi-font-family: 'Arial Narrow'; color: #0a0a0a;\">b.<span style=\"font-variant-numeric: normal; font-variant-east-asian: normal; font-stretch: normal; font-size: 7pt; line-height: normal; font-family: 'Times New Roman';\">\u00a0\u00a0\u00a0\u00a0\u00a0\u00a0 <\/span><\/span><!--[endif]--><span style=\"font-family: 'Arial Narrow',sans-serif; mso-bidi-font-family: Arial; color: #0a0a0a;\">COFIDE suscribir\u00e1 un contrato de garant\u00eda con la ESF, el mismo que establecer\u00e1 el marco operativo de la garant\u00eda otorgada en el \u00e1mbito del Programa. Despu\u00e9s de suscrito este contrato, la ESF deber\u00e1 remitir los siguientes documentos a fin de solicitar el otorgamiento de las garant\u00edas:<\/span><\/p><p style=\"margin: 0cm 0cm 0cm 90pt; text-align: justify; text-indent: -18pt; background-image: initial; background-position: initial; background-size: initial; background-repeat: initial; background-attachment: initial; background-origin: initial; background-clip: initial;\"><!-- [if !supportLists]--><span style=\"font-family: 'Arial Narrow',sans-serif; mso-fareast-font-family: 'Arial Narrow'; mso-bidi-font-family: 'Arial Narrow'; color: #0a0a0a;\">a.<span style=\"font-variant-numeric: normal; font-variant-east-asian: normal; font-stretch: normal; font-size: 7pt; line-height: normal; font-family: 'Times New Roman';\">\u00a0\u00a0\u00a0\u00a0\u00a0\u00a0 <\/span><\/span><!--[endif]--><span style=\"font-family: 'Arial Narrow',sans-serif; mso-bidi-font-family: Arial; color: #0a0a0a;\">Pagar\u00e9 incompleto suscrito por los representantes de la ESF a favor de COFIDE<a title=\"\" href=\"file:\/\/\/C:\/Users\/dgarcia\/AppData\/Local\/Microsoft\/Windows\/INetCache\/Content.Outlook\/DUJZMMF7\/MEMO%20REGLAMENTO%20OPERATIVO%20GARANTIAS%20COVID19%20(0378691xD5325).docx#_ftn1\" name=\"_ftnref1\"><span class=\"MsoFootnoteReference\"><!-- [if !supportFootnotes]--><span class=\"MsoFootnoteReference\"><span style=\"font-size: 12pt; line-height: 106%; color: #0a0a0a;\">[1]<\/span><\/span><!--[endif]--><\/span><\/a>.<\/span><\/p><p style=\"margin: 0cm 0cm 0cm 90pt; text-align: justify; text-indent: -18pt; background-image: initial; background-position: initial; background-size: initial; background-repeat: initial; background-attachment: initial; background-origin: initial; background-clip: initial;\"><!-- [if !supportLists]--><span style=\"font-family: 'Arial Narrow',sans-serif; mso-fareast-font-family: 'Arial Narrow'; mso-bidi-font-family: 'Arial Narrow'; color: #0a0a0a;\">b.<span style=\"font-variant-numeric: normal; font-variant-east-asian: normal; font-stretch: normal; font-size: 7pt; line-height: normal; font-family: 'Times New Roman';\">\u00a0\u00a0\u00a0\u00a0\u00a0\u00a0 <\/span><\/span><!--[endif]--><span style=\"font-family: 'Arial Narrow',sans-serif; mso-bidi-font-family: Arial; color: #0a0a0a;\">Declaraci\u00f3n Jurada de la ESF en la que se afirma que todas las carteras de cr\u00e9ditos reprogramados presentadas cumplen con los criterios de elegibilidad. <\/span><\/p><p style=\"margin: 0cm 0cm 0cm 90pt; text-align: justify; text-indent: -18pt; background-image: initial; background-position: initial; background-size: initial; background-repeat: initial; background-attachment: initial; background-origin: initial; background-clip: initial;\"><!-- [if !supportLists]--><span style=\"font-family: 'Arial Narrow',sans-serif; mso-fareast-font-family: 'Arial Narrow'; mso-bidi-font-family: 'Arial Narrow'; color: #0a0a0a;\">c.<span style=\"font-variant-numeric: normal; font-variant-east-asian: normal; font-stretch: normal; font-size: 7pt; line-height: normal; font-family: 'Times New Roman';\">\u00a0\u00a0\u00a0\u00a0\u00a0\u00a0 <\/span><\/span><!--[endif]--><span style=\"font-family: 'Arial Narrow',sans-serif; mso-bidi-font-family: Arial; color: #0a0a0a;\">Relaci\u00f3n de cr\u00e9ditos reprogramados que componen la cartera de cr\u00e9ditos reprogramados de acuerdo con el formato que remite COFIDE.<\/span><\/p><p style=\"margin: 0cm 0cm 0cm 54pt; text-align: justify; text-indent: -18pt; background-image: initial; background-position: initial; background-size: initial; background-repeat: initial; background-attachment: initial; background-origin: initial; background-clip: initial;\"><!-- [if !supportLists]--><span style=\"font-family: 'Arial Narrow',sans-serif; mso-fareast-font-family: 'Arial Narrow'; mso-bidi-font-family: 'Arial Narrow'; color: #0a0a0a;\">c.<span style=\"font-variant-numeric: normal; font-variant-east-asian: normal; font-stretch: normal; font-size: 7pt; line-height: normal; font-family: 'Times New Roman';\">\u00a0\u00a0\u00a0\u00a0\u00a0\u00a0 <\/span><\/span><!--[endif]--><span style=\"font-family: 'Arial Narrow',sans-serif; mso-bidi-font-family: Arial; color: #0a0a0a;\">COFIDE podr\u00e1 realizar evaluaciones de los expedientes de aquellos cr\u00e9ditos reprogramados que conformen la muestra seleccionada durante la vigencia del cr\u00e9dito reprogramado<a title=\"\" href=\"file:\/\/\/C:\/Users\/dgarcia\/AppData\/Local\/Microsoft\/Windows\/INetCache\/Content.Outlook\/DUJZMMF7\/MEMO%20REGLAMENTO%20OPERATIVO%20GARANTIAS%20COVID19%20(0378691xD5325).docx#_ftn2\" name=\"_ftnref2\"><span class=\"MsoFootnoteReference\"><!-- [if !supportFootnotes]--><span class=\"MsoFootnoteReference\"><span style=\"font-size: 12pt; line-height: 106%; color: #0a0a0a;\">[2]<\/span><\/span><!--[endif]--><\/span><\/a>.<\/span><\/p><p style=\"margin-left: 54pt; text-align: justify; text-indent: -18pt; background-image: initial; background-position: initial; background-size: initial; background-repeat: initial; background-attachment: initial; background-origin: initial; background-clip: initial;\"><!-- [if !supportLists]--><span style=\"font-family: 'Arial Narrow',sans-serif; mso-fareast-font-family: 'Arial Narrow'; mso-bidi-font-family: 'Arial Narrow'; color: #0a0a0a;\">d.<span style=\"font-variant-numeric: normal; font-variant-east-asian: normal; font-stretch: normal; font-size: 7pt; line-height: normal; font-family: 'Times New Roman';\">\u00a0\u00a0\u00a0\u00a0\u00a0\u00a0 <\/span><\/span><!--[endif]--><span style=\"font-family: 'Arial Narrow',sans-serif; mso-bidi-font-family: Arial; color: #0a0a0a;\">Los porcentajes de reducci\u00f3n de la tasa de inter\u00e9s debe ser acorde con las condiciones establecidas en los numerales 6.2 y 6.3 del art\u00edculo 6 de la Ley N\u00b0 31050 &#8211;<\/span> <span style=\"font-family: 'Arial Narrow',sans-serif; mso-bidi-font-family: Arial; color: #0a0a0a;\">Ley que establece disposiciones extraordinarias para la reprogramaci\u00f3n y congelamiento de deudas a fin de aliviar la econom\u00eda de las personas naturales y las MYPES como consecuencia del COVID-19 (en adelante, la Ley), mientras que los porcentajes de cobertura son aqu\u00e9llos se\u00f1alados en el numeral 6.1 de la Ley.<\/span><\/p><p style=\"margin-left: 54pt; text-align: justify; text-indent: -18pt; background-image: initial; background-position: initial; background-size: initial; background-repeat: initial; background-attachment: initial; background-origin: initial; background-clip: initial;\"><!-- [if !supportLists]--><span style=\"font-family: 'Arial Narrow',sans-serif; mso-fareast-font-family: 'Arial Narrow'; mso-bidi-font-family: 'Arial Narrow'; color: #0a0a0a;\">e.<span style=\"font-variant-numeric: normal; font-variant-east-asian: normal; font-stretch: normal; font-size: 7pt; line-height: normal; font-family: 'Times New Roman';\">\u00a0\u00a0\u00a0\u00a0\u00a0\u00a0 <\/span><\/span><!--[endif]--><span style=\"font-family: 'Arial Narrow',sans-serif; mso-bidi-font-family: Arial; color: #0a0a0a;\">La comisi\u00f3n por la garant\u00eda otorgada por el Gobierno Nacional incluye todos los costos de administraci\u00f3n de COFIDE. Esta comisi\u00f3n es asumida por la ESF y no debe ser trasladada a las personas solicitantes.<\/span><\/p><p style=\"margin: 0cm 0cm 0cm 54pt; text-align: justify; text-indent: -18pt; background-image: initial; background-position: initial; background-size: initial; background-repeat: initial; background-attachment: initial; background-origin: initial; background-clip: initial;\"><!-- [if !supportLists]--><span style=\"font-family: 'Arial Narrow',sans-serif; mso-fareast-font-family: 'Arial Narrow'; mso-bidi-font-family: 'Arial Narrow'; color: #0a0a0a;\">f.<span style=\"font-variant-numeric: normal; font-variant-east-asian: normal; font-stretch: normal; font-size: 7pt; line-height: normal; font-family: 'Times New Roman';\">\u00a0\u00a0\u00a0\u00a0\u00a0\u00a0\u00a0\u00a0 <\/span><\/span><!--[endif]--><span style=\"font-family: 'Arial Narrow',sans-serif; mso-bidi-font-family: Arial; color: #0a0a0a;\">La ESF est\u00e1 impedida de cargar comisiones y gastos adicionales o de incrementar el valor de dichos cargos respecto de aquellas a las que estaba sujeto la Persona Deudora antes de acogerse al Programa.<\/span><\/p><p style=\"margin: 0cm 0cm 0cm 54pt; text-align: justify; background-image: initial; background-position: initial; background-size: initial; background-repeat: initial; background-attachment: initial; background-origin: initial; background-clip: initial;\"><span style=\"font-family: 'Arial Narrow',sans-serif; mso-bidi-font-family: Arial; color: #0a0a0a;\">\u00a0<\/span><\/p><p style=\"margin: 0cm 0cm 0cm 36pt; text-align: justify; text-indent: -18pt; background-image: initial; background-position: initial; background-size: initial; background-repeat: initial; background-attachment: initial; background-origin: initial; background-clip: initial;\"><!-- [if !supportLists]--><b><span style=\"font-family: 'Arial Narrow',sans-serif; mso-fareast-font-family: 'Arial Narrow'; mso-bidi-font-family: 'Arial Narrow'; color: #0a0a0a;\">3.<span style=\"font-variant-numeric: normal; font-variant-east-asian: normal; font-weight: normal; font-stretch: normal; font-size: 7pt; line-height: normal; font-family: 'Times New Roman';\">\u00a0\u00a0\u00a0\u00a0\u00a0\u00a0 <\/span><\/span><\/b><!--[endif]--><b><u><span style=\"font-family: 'Arial Narrow',sans-serif; mso-bidi-font-family: Arial; color: #0a0a0a;\">T\u00e9rminos y condiciones de la garant\u00eda: <\/span><\/u><\/b><\/p><p style=\"margin: 0cm 0cm 0cm 54pt; text-align: justify; text-indent: -18pt; background-image: initial; background-position: initial; background-size: initial; background-repeat: initial; background-attachment: initial; background-origin: initial; background-clip: initial;\"><!-- [if !supportLists]--><span style=\"font-family: 'Arial Narrow',sans-serif; mso-fareast-font-family: 'Arial Narrow'; mso-bidi-font-family: 'Arial Narrow'; color: #0a0a0a;\">a.<span style=\"font-variant-numeric: normal; font-variant-east-asian: normal; font-stretch: normal; font-size: 7pt; line-height: normal; font-family: 'Times New Roman';\">\u00a0\u00a0\u00a0\u00a0\u00a0\u00a0 <\/span><\/span><!--[endif]--><span style=\"font-family: 'Arial Narrow',sans-serif; mso-bidi-font-family: Arial; color: #0a0a0a;\">La garant\u00eda se aprueba por Decreto Supremo. Para tal efecto, se requiere el informe previo de la Contralor\u00eda General de la Rep\u00fablica<\/span><a title=\"\" href=\"file:\/\/\/C:\/Users\/dgarcia\/AppData\/Local\/Microsoft\/Windows\/INetCache\/Content.Outlook\/DUJZMMF7\/MEMO%20REGLAMENTO%20OPERATIVO%20GARANTIAS%20COVID19%20(0378691xD5325).docx#_ftn3\" name=\"_ftnref3\"><sup><span style=\"font-family: 'Arial Narrow',sans-serif; color: black; mso-color-alt: windowtext;\"><!-- [if !supportFootnotes]--><sup><span style=\"font-size: 12pt; line-height: 106%;\">[3]<\/span><\/sup><!--[endif]--><\/span><\/sup><\/a><span style=\"font-family: 'Arial Narrow',sans-serif; mso-bidi-font-family: Arial; color: #0a0a0a;\">, el cual se emite en un plazo no mayor a 4 d\u00edas h\u00e1biles siguientes de presentada la solicitud de informe previo, por parte del MEF.<\/span><\/p><p style=\"margin: 0cm 0cm 0cm 54pt; text-align: justify; text-indent: -18pt; background-image: initial; background-position: initial; background-size: initial; background-repeat: initial; background-attachment: initial; background-origin: initial; background-clip: initial;\"><!-- [if !supportLists]--><span style=\"font-family: 'Arial Narrow',sans-serif; mso-fareast-font-family: 'Arial Narrow'; mso-bidi-font-family: 'Arial Narrow'; color: #0a0a0a;\">b.<span style=\"font-variant-numeric: normal; font-variant-east-asian: normal; font-stretch: normal; font-size: 7pt; line-height: normal; font-family: 'Times New Roman';\">\u00a0\u00a0\u00a0\u00a0\u00a0\u00a0 <\/span><\/span><!--[endif]--><span style=\"font-family: 'Arial Narrow',sans-serif; mso-bidi-font-family: Arial; color: #0a0a0a;\">La aprobaci\u00f3n de la garant\u00eda es requisito necesario para la implementaci\u00f3n del Programa, a trav\u00e9s de la cobertura de la cartera de cr\u00e9ditos reprogramados.<\/span><\/p><p style=\"margin: 0cm 0cm 0cm 54pt; text-align: justify; text-indent: -18pt; background-image: initial; background-position: initial; background-size: initial; background-repeat: initial; background-attachment: initial; background-origin: initial; background-clip: initial;\"><!-- [if !supportLists]--><span style=\"font-family: 'Arial Narrow',sans-serif; mso-fareast-font-family: 'Arial Narrow'; mso-bidi-font-family: 'Arial Narrow'; color: #0a0a0a;\">c.<span style=\"font-variant-numeric: normal; font-variant-east-asian: normal; font-stretch: normal; font-size: 7pt; line-height: normal; font-family: 'Times New Roman';\">\u00a0\u00a0\u00a0\u00a0\u00a0\u00a0 <\/span><\/span><!--[endif]--><span style=\"font-family: 'Arial Narrow',sans-serif; mso-bidi-font-family: Arial; color: #0a0a0a;\">Las ESF podr\u00e1n establecer un periodo de congelamiento de 90 d\u00edas para cr\u00e9ditos de consumo, personales, MYPES y vehicular independiente a lo pactado con anterioridad a la vigencia del Programa, \u00fanicamente a aquellas personas que al 29 de febrero de 2020 tengan calificaci\u00f3n de Normal o CPP y que se hayan visto afectadas por la declaratoria del Estado de Emergencia y no hayan podido realizar ning\u00fan pago en los \u00faltimos tres meses antes de la publicaci\u00f3n de la Ley<a title=\"\" href=\"file:\/\/\/C:\/Users\/dgarcia\/AppData\/Local\/Microsoft\/Windows\/INetCache\/Content.Outlook\/DUJZMMF7\/MEMO%20REGLAMENTO%20OPERATIVO%20GARANTIAS%20COVID19%20(0378691xD5325).docx#_ftn4\" name=\"_ftnref4\"><span class=\"MsoFootnoteReference\"><!-- [if !supportFootnotes]--><span class=\"MsoFootnoteReference\"><span style=\"font-size: 12pt; line-height: 106%; color: #0a0a0a;\">[4]<\/span><\/span><!--[endif]--><\/span><\/a>. <\/span><\/p><p style=\"margin: 0cm 0cm 0cm 54pt; text-align: justify; text-indent: -18pt; background-image: initial; background-position: initial; background-size: initial; background-repeat: initial; background-attachment: initial; background-origin: initial; background-clip: initial;\"><!-- [if !supportLists]--><span style=\"font-family: 'Arial Narrow',sans-serif; mso-fareast-font-family: 'Arial Narrow'; mso-bidi-font-family: 'Arial Narrow'; color: #0a0a0a;\">d.<span style=\"font-variant-numeric: normal; font-variant-east-asian: normal; font-stretch: normal; font-size: 7pt; line-height: normal; font-family: 'Times New Roman';\">\u00a0\u00a0\u00a0\u00a0\u00a0\u00a0 <\/span><\/span><!--[endif]--><span style=\"font-size: 9.0pt; font-family: 'Arial',sans-serif; color: black;\">En <\/span><span style=\"font-family: 'Arial Narrow',sans-serif; mso-bidi-font-family: Arial; color: black;\">el caso que la persona deudora incumpla los pagos 90 d\u00edas calendario, la ESF solicita a COFIDE activar la cobertura de la GARANT\u00cdA, seg\u00fan el procedimiento detallado en el numeral 11.5 del art\u00edculo 11 del Reglamento.<\/span><\/p><p style=\"margin-left: 36pt; text-align: justify; text-indent: -18pt; background-image: initial; background-position: initial; background-size: initial; background-repeat: initial; background-attachment: initial; background-origin: initial; background-clip: initial;\"><!-- [if !supportLists]--><b><span style=\"font-family: 'Arial Narrow',sans-serif; mso-fareast-font-family: 'Arial Narrow'; mso-bidi-font-family: 'Arial Narrow'; color: #0a0a0a;\">4.<span style=\"font-variant-numeric: normal; font-variant-east-asian: normal; font-weight: normal; font-stretch: normal; font-size: 7pt; line-height: normal; font-family: 'Times New Roman';\">\u00a0\u00a0\u00a0\u00a0\u00a0\u00a0 <\/span><\/span><\/b><!--[endif]--><b><u><span style=\"font-family: 'Arial Narrow',sans-serif; mso-bidi-font-family: Arial; color: #0a0a0a;\">Transparencia de la informaci\u00f3n:<\/span><\/u><\/b><\/p><p style=\"margin: 0cm 0cm 0cm 54pt; text-align: justify; text-indent: -18pt; background-image: initial; background-position: initial; background-size: initial; background-repeat: initial; background-attachment: initial; background-origin: initial; background-clip: initial;\"><!-- [if !supportLists]--><span style=\"font-family: 'Arial Narrow',sans-serif; mso-fareast-font-family: 'Arial Narrow'; mso-bidi-font-family: 'Arial Narrow'; color: #0a0a0a;\">a.<span style=\"font-variant-numeric: normal; font-variant-east-asian: normal; font-stretch: normal; font-size: 7pt; line-height: normal; font-family: 'Times New Roman';\">\u00a0\u00a0\u00a0\u00a0\u00a0\u00a0 <\/span><\/span><!--[endif]--><span style=\"font-family: 'Arial Narrow',sans-serif; mso-bidi-font-family: Arial; color: #0a0a0a;\">La ESF remite a COFIDE y a la SBS, un reporte semanal de los cr\u00e9ditos reprogramados en el marco del Programa. <\/span><\/p><p style=\"margin: 0cm 0cm 0cm 54pt; text-align: justify; text-indent: -18pt; background-image: initial; background-position: initial; background-size: initial; background-repeat: initial; background-attachment: initial; background-origin: initial; background-clip: initial;\"><!-- [if !supportLists]--><span style=\"font-family: 'Arial Narrow',sans-serif; mso-fareast-font-family: 'Arial Narrow'; mso-bidi-font-family: 'Arial Narrow'; color: #0a0a0a;\">b.<span style=\"font-variant-numeric: normal; font-variant-east-asian: normal; font-stretch: normal; font-size: 7pt; line-height: normal; font-family: 'Times New Roman';\">\u00a0\u00a0\u00a0\u00a0\u00a0\u00a0 <\/span><\/span><!--[endif]--><span style=\"font-family: 'Arial Narrow',sans-serif; mso-bidi-font-family: Arial; color: #0a0a0a;\">COFIDE se encuentra facultada a, directa o indirectamente, solicitar informaci\u00f3n y realizar visitas de revisi\u00f3n de archivos, para velar por la correcta aplicaci\u00f3n del Programa.<\/span><\/p><p style=\"margin: 0cm 0cm 0cm 54pt; text-align: justify; text-indent: -18pt; background-image: initial; background-position: initial; background-size: initial; background-repeat: initial; background-attachment: initial; background-origin: initial; background-clip: initial;\"><!-- [if !supportLists]--><span style=\"font-family: 'Arial Narrow',sans-serif; mso-fareast-font-family: 'Arial Narrow'; mso-bidi-font-family: 'Arial Narrow'; color: #0a0a0a;\">c.<span style=\"font-variant-numeric: normal; font-variant-east-asian: normal; font-stretch: normal; font-size: 7pt; line-height: normal; font-family: 'Times New Roman';\">\u00a0\u00a0\u00a0\u00a0\u00a0\u00a0 <\/span><\/span><!--[endif]--><span style=\"font-family: 'Arial Narrow',sans-serif; mso-bidi-font-family: Arial; color: #0a0a0a;\">Luego de transcurrido 6 meses desde que la ESF haya castigado el cr\u00e9dito reprogramado, cesan las funciones de supervisi\u00f3n de COFIDE sobre el expediente del cr\u00e9dito reprogramado correspondiente.<\/span><\/p><p style=\"margin: 0cm; text-align: justify; background-image: initial; background-position: initial; background-size: initial; background-repeat: initial; background-attachment: initial; background-origin: initial; background-clip: initial;\"><span style=\"font-family: 'Arial Narrow',sans-serif; mso-bidi-font-family: Arial; color: #0a0a0a;\">\u00a0<\/span><\/p><p style=\"margin: 0cm 0cm 0cm 36pt; text-align: justify; text-indent: -18pt; background-image: initial; background-position: initial; background-size: initial; background-repeat: initial; background-attachment: initial; background-origin: initial; background-clip: initial;\"><!-- [if !supportLists]--><b><span style=\"font-family: 'Arial Narrow',sans-serif; mso-fareast-font-family: 'Arial Narrow'; mso-bidi-font-family: 'Arial Narrow'; color: #0a0a0a;\">5.<span style=\"font-variant-numeric: normal; font-variant-east-asian: normal; font-weight: normal; font-stretch: normal; font-size: 7pt; line-height: normal; font-family: 'Times New Roman';\">\u00a0\u00a0\u00a0\u00a0\u00a0\u00a0 <\/span><\/span><\/b><!--[endif]--><b><u><span style=\"font-family: 'Arial Narrow',sans-serif; mso-bidi-font-family: Arial; color: #0a0a0a;\">Plazo y liquidaci\u00f3n de las garant\u00edas del Programa:<\/span><\/u><\/b><\/p><p style=\"margin: 0cm 0cm 0cm 54pt; text-align: justify; text-indent: -18pt; background-image: initial; background-position: initial; background-size: initial; background-repeat: initial; background-attachment: initial; background-origin: initial; background-clip: initial;\"><!-- [if !supportLists]--><span style=\"font-family: 'Arial Narrow',sans-serif; mso-fareast-font-family: 'Arial Narrow'; mso-bidi-font-family: 'Arial Narrow'; color: #0a0a0a;\">a.<span style=\"font-variant-numeric: normal; font-variant-east-asian: normal; font-stretch: normal; font-size: 7pt; line-height: normal; font-family: 'Times New Roman';\">\u00a0\u00a0\u00a0\u00a0\u00a0\u00a0 <\/span><\/span><!--[endif]--><span style=\"font-family: 'Arial Narrow',sans-serif; mso-bidi-font-family: Arial; color: #0a0a0a;\">El Programa tiene una vigencia de cuatro a\u00f1os, contados a partir de la suscripci\u00f3n del respectivo contrato. Dicho plazo incluye el per\u00edodo de liquidaci\u00f3n del Programa.<\/span><\/p><p style=\"margin: 0cm 0cm 0cm 54pt; text-align: justify; text-indent: -18pt; background-image: initial; background-position: initial; background-size: initial; background-repeat: initial; background-attachment: initial; background-origin: initial; background-clip: initial;\"><!-- [if !supportLists]--><span style=\"font-family: 'Arial Narrow',sans-serif; mso-fareast-font-family: 'Arial Narrow'; mso-bidi-font-family: 'Arial Narrow'; color: #0a0a0a;\">b.<span style=\"font-variant-numeric: normal; font-variant-east-asian: normal; font-stretch: normal; font-size: 7pt; line-height: normal; font-family: 'Times New Roman';\">\u00a0\u00a0\u00a0\u00a0\u00a0\u00a0 <\/span><\/span><!--[endif]--><span style=\"font-family: 'Arial Narrow',sans-serif; mso-bidi-font-family: Arial; color: #0a0a0a;\">Dentro del plazo de 90 d\u00edas calendario antes del t\u00e9rmino del plazo de vigencia del Programa, COFIDE efect\u00faa la liquidaci\u00f3n del Programa y remite los documentos pertinentes a la Direcci\u00f3n General del Tesoro P\u00fablico del MEF.<\/span><\/p><p style=\"margin: 0cm; text-align: justify; background-image: initial; background-position: initial; background-size: initial; background-repeat: initial; background-attachment: initial; background-origin: initial; background-clip: initial;\"><span style=\"font-family: 'Arial Narrow',sans-serif; mso-bidi-font-family: Arial; color: #0a0a0a;\">\u00a0<\/span><\/p><p style=\"margin: 0cm 0cm 0cm 36pt; text-align: justify; text-indent: -18pt; background-image: initial; background-position: initial; background-size: initial; background-repeat: initial; background-attachment: initial; background-origin: initial; background-clip: initial;\"><!-- [if !supportLists]--><b><span style=\"font-family: 'Arial Narrow',sans-serif; mso-fareast-font-family: 'Arial Narrow'; mso-bidi-font-family: 'Arial Narrow'; color: #0a0a0a;\">6.<span style=\"font-variant-numeric: normal; font-variant-east-asian: normal; font-weight: normal; font-stretch: normal; font-size: 7pt; line-height: normal; font-family: 'Times New Roman';\">\u00a0\u00a0\u00a0\u00a0\u00a0\u00a0 <\/span><\/span><\/b><!--[endif]--><b><u><span style=\"font-family: 'Arial Narrow',sans-serif; mso-bidi-font-family: Arial; color: #0a0a0a;\">Mecanismos de cobranza de la cartera honrada:<\/span><\/u><\/b><\/p><p style=\"margin: 0cm 0cm 0cm 54pt; text-align: justify; text-indent: -18pt; background-image: initial; background-position: initial; background-size: initial; background-repeat: initial; background-attachment: initial; background-origin: initial; background-clip: initial;\"><!-- [if !supportLists]--><span style=\"font-family: 'Arial Narrow',sans-serif; mso-fareast-font-family: 'Arial Narrow'; mso-bidi-font-family: 'Arial Narrow'; color: #0a0a0a;\">a.<span style=\"font-variant-numeric: normal; font-variant-east-asian: normal; font-stretch: normal; font-size: 7pt; line-height: normal; font-family: 'Times New Roman';\">\u00a0\u00a0\u00a0\u00a0\u00a0\u00a0 <\/span><\/span><!--[endif]--><span style=\"font-family: 'Arial Narrow',sans-serif; mso-bidi-font-family: Arial; color: #0a0a0a;\">La administraci\u00f3n de la recuperaci\u00f3n de la cartera de cr\u00e9ditos reprogramados honrada por el programa la realiza COFIDE desde cualquiera o varios de los siguientes instrumentos: (i) fideicomiso a trav\u00e9s del cual se otorgue la garant\u00eda del Programa y (ii) contrato comisi\u00f3n de confianza u otro instrumento de similar naturaleza a trav\u00e9s del cual se otorgue la GARANT\u00cdA del Programa. Estos instrumentos pueden incluir convenios o acuerdos de recuperaci\u00f3n a cargo de las ESF en el contrato de garant\u00eda.<\/span><\/p><p style=\"margin: 0cm 0cm 0cm 54pt; text-align: justify; text-indent: -18pt; background-image: initial; background-position: initial; background-size: initial; background-repeat: initial; background-attachment: initial; background-origin: initial; background-clip: initial;\"><!-- [if !supportLists]--><span style=\"font-family: 'Arial Narrow',sans-serif; mso-fareast-font-family: 'Arial Narrow'; mso-bidi-font-family: 'Arial Narrow'; color: #0a0a0a;\">b.<span style=\"font-variant-numeric: normal; font-variant-east-asian: normal; font-stretch: normal; font-size: 7pt; line-height: normal; font-family: 'Times New Roman';\">\u00a0\u00a0\u00a0\u00a0\u00a0\u00a0 <\/span><\/span><!--[endif]--><span style=\"font-family: 'Arial Narrow',sans-serif; mso-bidi-font-family: Arial; color: #0a0a0a;\">Al t\u00e9rmino del plazo de vigencia del Programa, COFIDE liquida la cartera honrada pendiente de cobranza en un plazo no mayor de 120 d\u00edas calendario. COFIDE puede decidir vender, ceder o castigar la cartera honrada pendiente de cobranza.<\/span><\/p><p style=\"margin: 0cm; text-align: justify; background-image: initial; background-position: initial; background-size: initial; background-repeat: initial; background-attachment: initial; background-origin: initial; background-clip: initial;\"><span style=\"font-family: 'Arial Narrow',sans-serif; mso-bidi-font-family: Arial; color: #0a0a0a;\">\u00a0<\/span><\/p><p style=\"margin: 0cm 0cm 0cm 36pt; text-align: justify; text-indent: -18pt; background-image: initial; background-position: initial; background-size: initial; background-repeat: initial; background-attachment: initial; background-origin: initial; background-clip: initial;\"><!-- [if !supportLists]--><b><span style=\"font-family: 'Arial Narrow',sans-serif; mso-fareast-font-family: 'Arial Narrow'; mso-bidi-font-family: 'Arial Narrow'; color: #0a0a0a;\">7.<span style=\"font-variant-numeric: normal; font-variant-east-asian: normal; font-weight: normal; font-stretch: normal; font-size: 7pt; line-height: normal; font-family: 'Times New Roman';\">\u00a0\u00a0\u00a0\u00a0\u00a0\u00a0 <\/span><\/span><\/b><!--[endif]--><b><u><span style=\"font-family: 'Arial Narrow',sans-serif; mso-bidi-font-family: Arial; color: #0a0a0a;\">Difusi\u00f3n de informaci\u00f3n y atenci\u00f3n de solicitudes de reprogramaci\u00f3n y congelamiento de deudas<\/span><\/u><\/b><b><span style=\"font-family: 'Arial Narrow',sans-serif; mso-bidi-font-family: Arial; color: #0a0a0a;\">:<u><\/u><\/span><\/b><\/p><p style=\"margin: 0cm 0cm 0cm 54pt; text-align: justify; text-indent: -18pt; background-image: initial; background-position: initial; background-size: initial; background-repeat: initial; background-attachment: initial; background-origin: initial; background-clip: initial;\"><!-- [if !supportLists]--><span style=\"font-family: 'Arial Narrow',sans-serif; mso-fareast-font-family: 'Arial Narrow'; mso-bidi-font-family: 'Arial Narrow'; color: #0a0a0a;\">a.<span style=\"font-variant-numeric: normal; font-variant-east-asian: normal; font-stretch: normal; font-size: 7pt; line-height: normal; font-family: 'Times New Roman';\">\u00a0\u00a0\u00a0\u00a0\u00a0\u00a0 <\/span><\/span><!--[endif]--><span style=\"font-family: 'Arial Narrow',sans-serif; mso-bidi-font-family: Arial; color: #0a0a0a;\">Las ESF deben poner a disposici\u00f3n del p\u00fablico informaci\u00f3n sobre el Programa y congelamiento de deudas en su p\u00e1gina web institucional u otros medios institucionales.<\/span><\/p><p style=\"margin: 0cm 0cm 0cm 54pt; text-align: justify; text-indent: -18pt; background-image: initial; background-position: initial; background-size: initial; background-repeat: initial; background-attachment: initial; background-origin: initial; background-clip: initial;\"><!-- [if !supportLists]--><span style=\"font-family: 'Arial Narrow',sans-serif; mso-fareast-font-family: 'Arial Narrow'; mso-bidi-font-family: 'Arial Narrow'; color: #0a0a0a;\">b.<span style=\"font-variant-numeric: normal; font-variant-east-asian: normal; font-stretch: normal; font-size: 7pt; line-height: normal; font-family: 'Times New Roman';\">\u00a0\u00a0\u00a0\u00a0\u00a0\u00a0 <\/span><\/span><!--[endif]--><span style=\"font-family: 'Arial Narrow',sans-serif; mso-bidi-font-family: Arial; color: #0a0a0a;\">Las ESF deben requerir a la persona deudora que se\u00f1alen el cr\u00e9dito sobre el cual desean aplicar la solicitud, en caso, cuenten con m\u00e1s de un tipo de cr\u00e9dito. La elecci\u00f3n debe efectuarse a trav\u00e9s de los mecanismos que se establezcan en las pol\u00edticas y procedimientos internos y las ESF deben mantener una constancia que acredite la elecci\u00f3n.<\/span><\/p><p style=\"margin: 0cm 0cm 0cm 54pt; text-align: justify; text-indent: -18pt; background-image: initial; background-position: initial; background-size: initial; background-repeat: initial; background-attachment: initial; background-origin: initial; background-clip: initial;\"><!-- [if !supportLists]--><span style=\"font-family: 'Arial Narrow',sans-serif; mso-fareast-font-family: 'Arial Narrow'; mso-bidi-font-family: 'Arial Narrow'; color: #0a0a0a;\">c.<span style=\"font-variant-numeric: normal; font-variant-east-asian: normal; font-stretch: normal; font-size: 7pt; line-height: normal; font-family: 'Times New Roman';\">\u00a0\u00a0\u00a0\u00a0\u00a0\u00a0 <\/span><\/span><!--[endif]--><span style=\"font-family: 'Arial Narrow',sans-serif; mso-bidi-font-family: Arial; color: #0a0a0a;\">Las ESF deben aplicar las pol\u00edticas y procedimientos implementados para el tratamiento de clientes con dificultades temporales para el pago de cr\u00e9ditos en el marco de una declaratoria de estado de emergencia a aquellos usuarios que sean personas deudoras elegibles o que soliciten la reprogramaci\u00f3n o el congelamiento de deudas<a title=\"\" href=\"file:\/\/\/C:\/Users\/dgarcia\/AppData\/Local\/Microsoft\/Windows\/INetCache\/Content.Outlook\/DUJZMMF7\/MEMO%20REGLAMENTO%20OPERATIVO%20GARANTIAS%20COVID19%20(0378691xD5325).docx#_ftn5\" name=\"_ftnref5\"><span class=\"MsoFootnoteReference\"><!-- [if !supportFootnotes]--><span class=\"MsoFootnoteReference\"><span style=\"font-size: 12pt; line-height: 106%; color: #0a0a0a;\">[5]<\/span><\/span><!--[endif]--><\/span><\/a>. El plazo para hacer efectiva la reprogramaci\u00f3n, a trav\u00e9s de la modificaci\u00f3n contractual, es m\u00e1ximo de 15 d\u00edas desde el ingreso de la solicitud, dentro del cual la ESF otorga un plazo no menor a 7 d\u00edas para pr\u00e9stamos hipotecarios y 5 d\u00edas para otro tipo de cr\u00e9ditos, para que la persona deudora comunique su decisi\u00f3n.<\/span><\/p><p style=\"margin: 0cm 0cm 0cm 54pt; text-align: justify; text-indent: -18pt; background-image: initial; background-position: initial; background-size: initial; background-repeat: initial; background-attachment: initial; background-origin: initial; background-clip: initial;\"><!-- [if !supportLists]--><span style=\"font-family: 'Arial Narrow',sans-serif; mso-fareast-font-family: 'Arial Narrow'; mso-bidi-font-family: 'Arial Narrow'; color: #0a0a0a;\">d.<span style=\"font-variant-numeric: normal; font-variant-east-asian: normal; font-stretch: normal; font-size: 7pt; line-height: normal; font-family: 'Times New Roman';\">\u00a0\u00a0\u00a0\u00a0\u00a0\u00a0 <\/span><\/span><!--[endif]--><span style=\"font-family: 'Arial Narrow',sans-serif; mso-bidi-font-family: Arial; color: #0a0a0a;\">Las ESF deben procurar establecer pol\u00edticas y procedimientos similares a los se\u00f1alados para personas naturales, para la adecuada atenci\u00f3n de clientes MYPE. El plazo para hacer efectiva la reprogramaci\u00f3n, a trav\u00e9s de la modificaci\u00f3n contractual, es m\u00e1ximo de quince 15 d\u00edas desde el ingreso de la solicitud.<u><\/u><\/span><\/p><p style=\"margin: 0cm 0cm 0cm 54pt; text-align: justify; background-image: initial; background-position: initial; background-size: initial; background-repeat: initial; background-attachment: initial; background-origin: initial; background-clip: initial;\"><u><span style=\"font-family: 'Arial Narrow',sans-serif; mso-bidi-font-family: Arial; color: #0a0a0a;\"><span style=\"text-decoration-line: none;\">\u00a0<\/span><\/span><\/u><\/p><p style=\"margin: 0cm 0cm 0cm 36pt; text-align: justify; text-indent: -18pt; background-image: initial; background-position: initial; background-size: initial; background-repeat: initial; background-attachment: initial; background-origin: initial; background-clip: initial;\"><!-- [if !supportLists]--><b><span style=\"font-family: 'Arial Narrow',sans-serif; mso-fareast-font-family: 'Arial Narrow'; mso-bidi-font-family: 'Arial Narrow'; color: #0a0a0a;\">8.<span style=\"font-variant-numeric: normal; font-variant-east-asian: normal; font-weight: normal; font-stretch: normal; font-size: 7pt; line-height: normal; font-family: 'Times New Roman';\">\u00a0\u00a0\u00a0\u00a0\u00a0\u00a0 <\/span><\/span><\/b><!--[endif]--><b><u><span style=\"font-family: 'Arial Narrow',sans-serif; mso-bidi-font-family: Arial; color: #0a0a0a;\">Lista de exclusi\u00f3n: <\/span><\/u><\/b><\/p><p style=\"margin: 0cm 0cm 0cm 36pt; text-align: justify; background-image: initial; background-position: initial; background-size: initial; background-repeat: initial; background-attachment: initial; background-origin: initial; background-clip: initial;\"><span style=\"font-family: 'Arial Narrow',sans-serif; mso-bidi-font-family: Arial; color: #0a0a0a;\">Las MYPES que lleven a cabo cualquiera de las actividades se\u00f1aladas en el anexo 1 del Reglamento no pueden ser parte de la cartera de cr\u00e9ditos reprogramados presentados por las ESF con cargo al Programa.<\/span><\/p><p style=\"text-align: justify; background-image: initial; background-position: initial; background-size: initial; background-repeat: initial; background-attachment: initial; background-origin: initial; background-clip: initial;\"><span style=\"font-family: 'Arial Narrow',sans-serif; mso-bidi-font-family: Arial; color: #0a0a0a;\">As\u00ed consta en la Resoluci\u00f3n Ministerial N\u00b0296-2020-EF\/15 publicada el d\u00eda 18 de octubre de 2020. <\/span><\/p><p>\u00a0<\/p><div><!-- [if !supportFootnotes]--><br clear=\"all\" \/><hr align=\"left\" size=\"1\" width=\"33%\" \/><!--[endif]--><div id=\"ftn1\"><p class=\"MsoFootnoteText\" style=\"text-align: justify;\"><a title=\"\" href=\"file:\/\/\/C:\/Users\/dgarcia\/AppData\/Local\/Microsoft\/Windows\/INetCache\/Content.Outlook\/DUJZMMF7\/MEMO%20REGLAMENTO%20OPERATIVO%20GARANTIAS%20COVID19%20(0378691xD5325).docx#_ftnref1\" name=\"_ftn1\"><span class=\"MsoFootnoteReference\"><span style=\"font-family: 'Arial Narrow',sans-serif;\"><!-- [if !supportFootnotes]--><span class=\"MsoFootnoteReference\"><span style=\"font-size: 10pt; line-height: 106%;\">[1]<\/span><\/span><!--[endif]--><\/span><\/span><\/a><span style=\"font-family: 'Arial Narrow',sans-serif;\"> El pagar\u00e9 forma parte del contrato de garant\u00eda.<\/span><\/p><\/div><div id=\"ftn2\"><p class=\"MsoFootnoteText\" style=\"text-align: justify;\"><a title=\"\" href=\"file:\/\/\/C:\/Users\/dgarcia\/AppData\/Local\/Microsoft\/Windows\/INetCache\/Content.Outlook\/DUJZMMF7\/MEMO%20REGLAMENTO%20OPERATIVO%20GARANTIAS%20COVID19%20(0378691xD5325).docx#_ftnref2\" name=\"_ftn2\"><span class=\"MsoFootnoteReference\"><span style=\"font-family: 'Arial Narrow',sans-serif;\"><!-- [if !supportFootnotes]--><span class=\"MsoFootnoteReference\"><span style=\"font-size: 10pt; line-height: 106%;\">[2]<\/span><\/span><!--[endif]--><\/span><\/span><\/a><span style=\"font-family: 'Arial Narrow',sans-serif;\"> En caso en el expediente presentado no se encuentre evidencia de alguna de las condiciones detalladas, COFIDE notifica a la ESF y le otorga un plazo de 5 d\u00edas h\u00e1biles para que subsane el incumplimiento. En caso la ESF no cumpla con subsanar dicha condici\u00f3n y siempre que dicha informaci\u00f3n haya sido responsabilidad de la ESF, se considera que el cr\u00e9dito reprogramado incumple los criterios y condiciones establecidos en la Ley y\/o el Reglamento y la garant\u00eda se extingue autom\u00e1ticamente.<\/span><\/p><\/div><div id=\"ftn3\"><p class=\"MsoFootnoteText\" style=\"text-align: justify;\"><a title=\"\" href=\"file:\/\/\/C:\/Users\/dgarcia\/AppData\/Local\/Microsoft\/Windows\/INetCache\/Content.Outlook\/DUJZMMF7\/MEMO%20REGLAMENTO%20OPERATIVO%20GARANTIAS%20COVID19%20(0378691xD5325).docx#_ftnref3\" name=\"_ftn3\"><span class=\"MsoFootnoteReference\"><span style=\"font-family: 'Arial Narrow',sans-serif;\"><!-- [if !supportFootnotes]--><span class=\"MsoFootnoteReference\"><span style=\"font-size: 10pt; line-height: 106%;\">[3]<\/span><\/span><!--[endif]--><\/span><\/span><\/a><span style=\"font-family: 'Arial Narrow',sans-serif;\"> Seg\u00fan lo se\u00f1alado por el literal l) del art\u00edculo 22 de la Ley N\u00b0 27785, Ley Org\u00e1nica del Sistema Nacional de Control y de la Contralor\u00eda General de la Rep\u00fablica.<\/span><\/p><\/div><div id=\"ftn4\"><p class=\"MsoFootnoteText\" style=\"text-align: justify;\"><a title=\"\" href=\"file:\/\/\/C:\/Users\/dgarcia\/AppData\/Local\/Microsoft\/Windows\/INetCache\/Content.Outlook\/DUJZMMF7\/MEMO%20REGLAMENTO%20OPERATIVO%20GARANTIAS%20COVID19%20(0378691xD5325).docx#_ftnref4\" name=\"_ftn4\"><span class=\"MsoFootnoteReference\"><span style=\"font-family: 'Arial Narrow',sans-serif;\"><!-- [if !supportFootnotes]--><span class=\"MsoFootnoteReference\"><span style=\"font-size: 10pt; line-height: 106%;\">[4]<\/span><\/span><!--[endif]--><\/span><\/span><\/a><span style=\"font-family: 'Arial Narrow',sans-serif;\"> Este beneficio es excluyente al se\u00f1alado en los numerales 6.1 y 6.2 del art\u00edculo 6 de la Ley y las disposiciones del Reglamento, pudiendo ser verificado por COFIDE como parte de un seguimiento posterior del cumplimiento de los requisitos del Programa.<\/span><\/p><\/div><div id=\"ftn5\"><p class=\"MsoFootnoteText\" style=\"text-align: justify;\"><a title=\"\" href=\"file:\/\/\/C:\/Users\/dgarcia\/AppData\/Local\/Microsoft\/Windows\/INetCache\/Content.Outlook\/DUJZMMF7\/MEMO%20REGLAMENTO%20OPERATIVO%20GARANTIAS%20COVID19%20(0378691xD5325).docx#_ftnref5\" name=\"_ftn5\"><span class=\"MsoFootnoteReference\"><span style=\"font-family: 'Arial Narrow',sans-serif;\"><!-- [if !supportFootnotes]--><span class=\"MsoFootnoteReference\"><span style=\"font-size: 10pt; line-height: 106%;\">[5]<\/span><\/span><!--[endif]--><\/span><\/span><\/a><span style=\"font-family: 'Arial Narrow',sans-serif;\">Seg\u00fan lo dispuesto en el Sexta Disposici\u00f3n Complementaria Final del Reglamento de Gesti\u00f3n de Conducta de Mercado del Sistema Financiero, aprobado mediante Resoluci\u00f3n SBS N\u00b0 3274-2017.<\/span><\/p><\/div><\/div>\t\t\t\t\t\t\t\t<\/div>\n\t\t\t\t<\/div>\n\t\t\t\t\t<\/div>\n\t\t<\/div>\n\t\t\t\t\t<\/div>\n\t\t<\/section>\n\t\t\t\t<section class=\"elementor-section elementor-top-section elementor-element elementor-element-a876f56 elementor-section-boxed elementor-section-height-default elementor-section-height-default\" data-id=\"a876f56\" data-element_type=\"section\" data-e-type=\"section\">\n\t\t\t\t\t\t<div class=\"elementor-container elementor-column-gap-default\">\n\t\t\t\t\t<div class=\"elementor-column elementor-col-100 elementor-top-column elementor-element elementor-element-34c9b46\" data-id=\"34c9b46\" data-element_type=\"column\" data-e-type=\"column\">\n\t\t\t<div class=\"elementor-widget-wrap elementor-element-populated\">\n\t\t\t\t\t\t<div class=\"elementor-element elementor-element-494e2fa elementor-widget-divider--view-line elementor-widget elementor-widget-divider\" data-id=\"494e2fa\" data-element_type=\"widget\" data-e-type=\"widget\" data-widget_type=\"divider.default\">\n\t\t\t\t<div class=\"elementor-widget-container\">\n\t\t\t\t\t\t\t<div class=\"elementor-divider\">\n\t\t\t<span class=\"elementor-divider-separator\">\n\t\t\t\t\t\t<\/span>\n\t\t<\/div>\n\t\t\t\t\t\t<\/div>\n\t\t\t\t<\/div>\n\t\t\t\t\t<\/div>\n\t\t<\/div>\n\t\t\t\t\t<\/div>\n\t\t<\/section>\n\t\t\t\t<section class=\"elementor-section elementor-top-section elementor-element elementor-element-adfa71a elementor-section-boxed elementor-section-height-default elementor-section-height-default\" data-id=\"adfa71a\" data-element_type=\"section\" data-e-type=\"section\">\n\t\t\t\t\t\t<div class=\"elementor-container elementor-column-gap-default\">\n\t\t\t\t\t<div class=\"elementor-column elementor-col-100 elementor-top-column elementor-element elementor-element-ad6c889\" data-id=\"ad6c889\" data-element_type=\"column\" data-e-type=\"column\">\n\t\t\t<div class=\"elementor-widget-wrap elementor-element-populated\">\n\t\t\t\t\t\t<div class=\"elementor-element elementor-element-67b04cc elementor-widget elementor-widget-text-editor\" data-id=\"67b04cc\" data-element_type=\"widget\" data-e-type=\"widget\" data-widget_type=\"text-editor.default\">\n\t\t\t\t<div class=\"elementor-widget-container\">\n\t\t\t\t\t\t\t\t\t<p>Para mayor informaci\u00f3n sobre el tema tratado contactarse con los abogados del Estudio:<\/p>\n<p>Dr. Luis Gasta\u00f1eta, Dr. Agust\u00edn Yrigoyen, Dra. Shirley C\u00e1rdenas, Dr. Alfonso Tola, Dra. Mar\u00eda Soledad Gasta\u00f1eta y el Dr. Sergio Chang.<\/p>\t\t\t\t\t\t\t\t<\/div>\n\t\t\t\t<\/div>\n\t\t\t\t\t<\/div>\n\t\t<\/div>\n\t\t\t\t\t<\/div>\n\t\t<\/section>\n\t\t\t\t<section class=\"elementor-section elementor-top-section elementor-element elementor-element-617cb35 elementor-section-boxed elementor-section-height-default elementor-section-height-default\" data-id=\"617cb35\" data-element_type=\"section\" data-e-type=\"section\">\n\t\t\t\t\t\t<div class=\"elementor-container elementor-column-gap-default\">\n\t\t\t\t\t<div class=\"elementor-column elementor-col-100 elementor-top-column elementor-element elementor-element-55bcb4a\" data-id=\"55bcb4a\" data-element_type=\"column\" data-e-type=\"column\">\n\t\t\t<div class=\"elementor-widget-wrap elementor-element-populated\">\n\t\t\t\t\t\t<div class=\"elementor-element elementor-element-3a83f01 elementor-widget-divider--view-line elementor-widget elementor-widget-divider\" data-id=\"3a83f01\" data-element_type=\"widget\" data-e-type=\"widget\" data-widget_type=\"divider.default\">\n\t\t\t\t<div class=\"elementor-widget-container\">\n\t\t\t\t\t\t\t<div class=\"elementor-divider\">\n\t\t\t<span class=\"elementor-divider-separator\">\n\t\t\t\t\t\t<\/span>\n\t\t<\/div>\n\t\t\t\t\t\t<\/div>\n\t\t\t\t<\/div>\n\t\t\t\t\t<\/div>\n\t\t<\/div>\n\t\t\t\t\t<\/div>\n\t\t<\/section>\n\t\t\t\t<section class=\"elementor-section elementor-top-section elementor-element elementor-element-7849622 elementor-section-boxed elementor-section-height-default elementor-section-height-default\" data-id=\"7849622\" data-element_type=\"section\" data-e-type=\"section\">\n\t\t\t\t\t\t<div class=\"elementor-container elementor-column-gap-default\">\n\t\t\t\t\t<div class=\"elementor-column elementor-col-100 elementor-top-column elementor-element elementor-element-ae5eb1d\" data-id=\"ae5eb1d\" data-element_type=\"column\" data-e-type=\"column\">\n\t\t\t<div class=\"elementor-widget-wrap elementor-element-populated\">\n\t\t\t\t\t\t<div class=\"elementor-element elementor-element-9b73c89 elementor-widget elementor-widget-text-editor\" data-id=\"9b73c89\" data-element_type=\"widget\" data-e-type=\"widget\" data-widget_type=\"text-editor.default\">\n\t\t\t\t<div class=\"elementor-widget-container\">\n\t\t\t\t\t\t\t\t\t<p class=\"MsoNormal\" style=\"margin-bottom: 0cm; text-align: justify; line-height: normal; mso-layout-grid-align: none; text-autospace: none;\"><span lang=\"ES\" style=\"font-size: 10.0pt; font-family: 'Arial Narrow',sans-serif; mso-fareast-font-family: 'Times New Roman'; mso-bidi-font-family: ArialNarrow; color: gray; mso-ansi-language: ES; mso-fareast-language: ES;\">La informaci\u00f3n contenida en este documento no constituye ni pretende constituir asesor\u00eda o asistencia legal directa o indirecta de ninguna especie, ni establece ning\u00fan tipo de relaci\u00f3n profesional.<\/span><\/p><p>\u00a0<\/p><p class=\"MsoNormal\" style=\"margin-bottom: 0cm; text-align: justify; line-height: normal; mso-layout-grid-align: none; text-autospace: none;\"><span lang=\"ES\" style=\"font-size: 10.0pt; font-family: 'Arial Narrow',sans-serif; mso-fareast-font-family: 'Times New Roman'; mso-bidi-font-family: ArialNarrow; color: gray; mso-ansi-language: ES; mso-fareast-language: ES;\">Asimismo, tampoco pretende hacer publicidad de los servicios prestados por nuestra firma ni por ninguno de sus abogados. El \u00fanico prop\u00f3sito es dar informaci\u00f3n de car\u00e1cter general respecto de temas que pueden ser de inter\u00e9s para los clientes y amigos de nuestra firma. Este informativo, as\u00ed como otros informes generales y art\u00edculos de inter\u00e9s preparados por los abogados del Estudio, podr\u00e1n encontrarse en nuestra p\u00e1gina web: www.garciasayan.com.pe<\/span><\/p>\t\t\t\t\t\t\t\t<\/div>\n\t\t\t\t<\/div>\n\t\t\t\t\t<\/div>\n\t\t<\/div>\n\t\t\t\t\t<\/div>\n\t\t<\/section>\n\t\t\t\t<\/div>\n\t\t","protected":false},"excerpt":{"rendered":"<p>El Ministerio de Econom\u00eda y Finanzas aprob\u00f3 el Reglamento Operativo del Programa de Garant\u00edas COVID-19 (en adelante, el Reglamento) a fin de establecer disposiciones para su implementaci\u00f3n. Las principales disposiciones son las siguientes: 1.\u00a0\u00a0\u00a0\u00a0\u00a0\u00a0 Uso de recursos y restricciones: a.\u00a0\u00a0\u00a0\u00a0\u00a0\u00a0 Las garant\u00edas son eficaces solo para garantizar los cr\u00e9ditos reprogramados de personas naturales y MYPES [&hellip;]<\/p>\n","protected":false},"author":5,"featured_media":9809,"comment_status":"closed","ping_status":"open","sticky":false,"template":"","format":"standard","meta":{"nf_dc_page":"","content-type":"","footnotes":""},"categories":[90,76,83],"class_list":["post-12343","post","type-post","status-publish","format-standard","has-post-thumbnail","hentry","category-boletin-informativo","category-corporativo","category-covid-19"],"_links":{"self":[{"href":"https:\/\/gsalegal.pe\/en\/wp-json\/wp\/v2\/posts\/12343","targetHints":{"allow":["GET"]}}],"collection":[{"href":"https:\/\/gsalegal.pe\/en\/wp-json\/wp\/v2\/posts"}],"about":[{"href":"https:\/\/gsalegal.pe\/en\/wp-json\/wp\/v2\/types\/post"}],"author":[{"embeddable":true,"href":"https:\/\/gsalegal.pe\/en\/wp-json\/wp\/v2\/users\/5"}],"replies":[{"embeddable":true,"href":"https:\/\/gsalegal.pe\/en\/wp-json\/wp\/v2\/comments?post=12343"}],"version-history":[{"count":0,"href":"https:\/\/gsalegal.pe\/en\/wp-json\/wp\/v2\/posts\/12343\/revisions"}],"wp:featuredmedia":[{"embeddable":true,"href":"https:\/\/gsalegal.pe\/en\/wp-json\/"}],"wp:attachment":[{"href":"https:\/\/gsalegal.pe\/en\/wp-json\/wp\/v2\/media?parent=12343"}],"wp:term":[{"taxonomy":"category","embeddable":true,"href":"https:\/\/gsalegal.pe\/en\/wp-json\/wp\/v2\/categories?post=12343"}],"curies":[{"name":"wp","href":"https:\/\/api.w.org\/{rel}","templated":true}]}}