{"id":12364,"date":"2020-10-22T12:58:31","date_gmt":"2020-10-22T17:58:31","guid":{"rendered":"http:\/\/localhost\/wordpress\/?p=12364"},"modified":"2020-10-22T12:58:31","modified_gmt":"2020-10-22T17:58:31","slug":"medidas-especiales-excepcionales-y-temporales-para-regularizar-la-situacion-migratoria-de-extranjeros","status":"publish","type":"post","link":"https:\/\/gsalegal.pe\/en\/medidas-especiales-excepcionales-y-temporales-para-regularizar-la-situacion-migratoria-de-extranjeros\/","title":{"rendered":"Medidas especiales, excepcionales y temporales para regularizar la situaci\u00f3n migratoria de extranjeros"},"content":{"rendered":"\t\t<div data-elementor-type=\"wp-post\" data-elementor-id=\"12364\" class=\"elementor elementor-12364\">\n\t\t\t\t\t\t<section class=\"elementor-section elementor-top-section elementor-element elementor-element-7030422 elementor-section-boxed elementor-section-height-default elementor-section-height-default\" data-id=\"7030422\" data-element_type=\"section\" data-e-type=\"section\">\n\t\t\t\t\t\t<div class=\"elementor-container elementor-column-gap-default\">\n\t\t\t\t\t<div class=\"elementor-column elementor-col-100 elementor-top-column elementor-element elementor-element-99c1f03\" data-id=\"99c1f03\" data-element_type=\"column\" data-e-type=\"column\">\n\t\t\t<div class=\"elementor-widget-wrap elementor-element-populated\">\n\t\t\t\t\t\t<div class=\"elementor-element elementor-element-c4d3ce5 elementor-widget elementor-widget-text-editor\" data-id=\"c4d3ce5\" data-element_type=\"widget\" data-e-type=\"widget\" data-widget_type=\"text-editor.default\">\n\t\t\t\t<div class=\"elementor-widget-container\">\n\t\t\t\t\t\t\t\t\t<p>En la fecha, se public\u00f3 el Decreto Supremo N\u00b010-2020-IN, el mismo que aprueba medidas especiales, excepcionales y temporales para regularizar la situaci\u00f3n migratoria de extranjeros y extranjeras.<\/p>\n<p>Entre las principales disposiciones, podemos encontrar las siguientes:&nbsp;<\/p>\n<table>\n<\/table><table border=\"1\">\n<tbody>\n<tr>\n<td width=\"113\"><strong>Generalidades<\/strong><\/td>\n<td width=\"434\"><p>&#8211;&nbsp;&nbsp;&nbsp;&nbsp;&nbsp;&nbsp;&nbsp; Vigencia: Desde la aprobaci\u00f3n del Texto \u00danico de Procedimientos Administrativos de la Superintendencia Nacional de Migraciones.<\/p>\n<p>&#8211;&nbsp;&nbsp;&nbsp;&nbsp;&nbsp;&nbsp;&nbsp; Aplicaci\u00f3n: Extranjeros comprendidos en situaci\u00f3n migratoria irregular:<\/p>\n<p>(i)&nbsp;&nbsp;&nbsp; Extranjeros cuyo plazo de permanencia otorgado por la autoridad migratoria se encuentre vencido.<\/p>\n<p>(ii)&nbsp;&nbsp; Extranjeros que han ingresado al territorio nacional de manera irregular al no haber realizado el debido control migratorio.<\/p>\n<p>&#8211;&nbsp;&nbsp;&nbsp;&nbsp;&nbsp;&nbsp;&nbsp; Plazo: El plazo para presentar la solicitud de regularizaci\u00f3n migratoria es de ciento ochenta d\u00edas (180) calendario, contados a partir de la entrada en vigencia de la norma comentada.<\/p><\/td>\n<\/tr>\n<tr>\n<td width=\"113\"><strong>Regularizaci\u00f3n migratoria <\/strong><\/td>\n<td width=\"434\"><p>&#8211;&nbsp;&nbsp;&nbsp;&nbsp;&nbsp;&nbsp;&nbsp; El procedimiento para la obtenci\u00f3n del Permiso Temporal de Permanencia (PTP) tiene como finalidad la emisi\u00f3n del Carn\u00e9 de Permiso Temporal de Permanencia &#8211; CPP, con vigencia de un a\u00f1o calendario. Su otorgamiento acredita la situaci\u00f3n migratoria regular en el pa\u00eds y habilita a la persona extranjera a desarrollar actividades en el marco de la legislaci\u00f3n peruana.<\/p>\n<p>&#8211;&nbsp;&nbsp;&nbsp;&nbsp;&nbsp;&nbsp;&nbsp; Antes del vencimiento del CPP, el extranjero debe optar por una de las calidades migratorias establecidas en la normativa migratoria vigente.<\/p>\n<p>&#8211;&nbsp;&nbsp;&nbsp;&nbsp;&nbsp;&nbsp;&nbsp; Mientras se encuentre en tr\u00e1mite el procedimiento, el extranjero puede salir del pa\u00eds por treinta (30) d\u00edas calendario, previo permiso especial de viaje; caso contrario, pierde autom\u00e1ticamente el tr\u00e1mite iniciado.<\/p>\n<p>&#8211;&nbsp;&nbsp;&nbsp;&nbsp;&nbsp;&nbsp;&nbsp; El beneficiario de la Regularizaci\u00f3n Migratoria debe solicitar el permiso especial de viaje por cada salida del territorio nacional, el mismo que no puede exceder de treinta (30) d\u00edas calendario por cada salida, no debiendo exceder en su totalidad de noventa (90) d\u00edas calendario, durante la vigencia del CPP; en caso contrario, pierde autom\u00e1ticamente el beneficio otorgado.<\/p>\n<p>&#8211;&nbsp;&nbsp;&nbsp;&nbsp;&nbsp;&nbsp;&nbsp; Este procedimiento es de evaluaci\u00f3n previa. Debe resolverse en un plazo m\u00e1ximo de treinta (30) d\u00edas h\u00e1biles y aplica el silencio administrativo negativo.<\/p><\/td>\n<\/tr>\n<tr>\n<td width=\"113\"><p><strong>&nbsp;<\/strong><\/p>\n<p><strong>&nbsp;<\/strong><\/p>\n<p><strong>&nbsp;<\/strong><\/p>\n<p><strong>&nbsp;<\/strong><\/p>\n<p><strong>&nbsp;<\/strong><\/p>\n<p><strong>&nbsp;<\/strong><\/p>\n<p><strong>&nbsp;<\/strong><\/p>\n<p><strong>Tr\u00e1mite del procedimiento<\/strong><\/p><\/td>\n<td width=\"434\"><p>&#8211;&nbsp;&nbsp;&nbsp;&nbsp;&nbsp;&nbsp;&nbsp; El extranjero debe tramitar su solicitud de la siguiente forma:<\/p>\n<p>(i)&nbsp;&nbsp;&nbsp; Obtener cita en l\u00ednea a trav\u00e9s de la p\u00e1gina web de MIGRACIONES.<\/p>\n<p>(ii)&nbsp;&nbsp; El d\u00eda de la cita, la persona extranjera realiza el tr\u00e1mite de manera personal en las \u00e1reas de atenci\u00f3n de MIGRACIONES, adjuntando los documentos requeridos como requisitos para el tr\u00e1mite: Solicitud con car\u00e1cter de declaraci\u00f3n jurada, Declaraci\u00f3n jurada de no tener antecedentes penales, policiales o judiciales, entre otros.<\/p>\n<p>(iii)&nbsp; MIGRACIONES, a trav\u00e9s de la Subgerencia de Inmigraci\u00f3n y Nacionalizaci\u00f3n o de la Jefatura Zonal respectiva, revisa en un solo acto, al momento de la presentaci\u00f3n de la solicitud, el cumplimiento de los requisitos para la aprobaci\u00f3n entre los que se encuentran: Declaraciones juradas antes citadas, no estar comprendido en supuestos de impedimento de ingreso al territorio nacional, entre otros.<\/p>\n<p>(iv) En caso de efectuar observaciones a la documentaci\u00f3n, MIGRACIONES procede a realizar el registro y concede el plazo m\u00e1ximo de diez (10) d\u00edas h\u00e1biles para subsanarla. Vencido el plazo sin subsanaci\u00f3n, la solicitud se tiene por no presentada.<\/p>\n<p>(v)&nbsp;&nbsp; Evaluada la solicitud, MIGRACIONES, emite el acto administrativo que resuelve el procedimiento en un plazo m\u00e1ximo de treinta (30) d\u00edas h\u00e1biles y notifica al correo electr\u00f3nico y\/o buz\u00f3n electr\u00f3nico del solicitante. En caso se apruebe la solicitud, se emite y entrega personalmente el CPP.<\/p><\/td>\n<\/tr>\n<tr>\n<td width=\"113\"><strong>Multas y tasas pendientes de pago<\/strong><\/td>\n<td width=\"434\">Las personas extranjeras beneficiarias con el CPP deben cumplir con el pago por concepto de multas y tasas migratorias pendientes a la fecha de aprobaci\u00f3n de su solicitud de regularizaci\u00f3n migratoria. Pueden acogerse al fraccionamiento de la deuda debiendo cumplir con la obligaci\u00f3n pendiente de pago dentro del periodo de doce (12) meses calendario posteriores a la fecha de aprobaci\u00f3n.<\/td>\n<\/tr>\n<tr>\n<td width=\"113\"><strong>Documentos emitidos en el exterior<\/strong><\/td>\n<td width=\"434\">Todo documento emitido en el extranjero debe encontrarse legalizado por el Consulado Peruano y el Ministerio de Relaciones Exteriores o apostillado, salvo que se aplique el Convenio Suprimiendo la Exigencia de Legalizaci\u00f3n de los Documentos P\u00fablicos Extranjeros. De ser redactado en idioma extranjero debe contar con traducci\u00f3n simple al idioma castellano, efectuado por traductor colegiado o p\u00fablico juramentado en el Per\u00fa; las traducciones hechas en el exterior deben contener las mismas legalizaciones o apostilla del documento traducido.<\/td>\n<\/tr>\n<\/tbody>\n<\/table>\n<p>La norma comentada puede ser encontrada en el siguiente enlace: <a href=\"https:\/\/busquedas.elperuano.pe\/normaslegales\/decreto-supremo-que-aprueba-medidas-especiales-excepcionale-decreto-supremo-n-010-2020-in-1895950-4\/\" target=\"_blank\" rel=\"noopener\">https:\/\/busquedas.elperuano.pe\/normaslegales\/decreto-supremo-que-aprueba-medidas-especiales-excepcionale-decreto-supremo-n-010-2020-in-1895950-4\/<\/a><\/p>\t\t\t\t\t\t\t\t<\/div>\n\t\t\t\t<\/div>\n\t\t\t\t\t<\/div>\n\t\t<\/div>\n\t\t\t\t\t<\/div>\n\t\t<\/section>\n\t\t\t\t<section class=\"elementor-section elementor-top-section elementor-element elementor-element-10b3789 elementor-section-boxed elementor-section-height-default elementor-section-height-default\" data-id=\"10b3789\" data-element_type=\"section\" data-e-type=\"section\">\n\t\t\t\t\t\t<div class=\"elementor-container elementor-column-gap-default\">\n\t\t\t\t\t<div class=\"elementor-column elementor-col-100 elementor-top-column elementor-element elementor-element-e1ee6e6\" data-id=\"e1ee6e6\" data-element_type=\"column\" data-e-type=\"column\">\n\t\t\t<div class=\"elementor-widget-wrap elementor-element-populated\">\n\t\t\t\t\t\t<div class=\"elementor-element elementor-element-9d7aa0d elementor-widget-divider--view-line elementor-widget elementor-widget-divider\" data-id=\"9d7aa0d\" data-element_type=\"widget\" data-e-type=\"widget\" data-widget_type=\"divider.default\">\n\t\t\t\t<div class=\"elementor-widget-container\">\n\t\t\t\t\t\t\t<div class=\"elementor-divider\">\n\t\t\t<span class=\"elementor-divider-separator\">\n\t\t\t\t\t\t<\/span>\n\t\t<\/div>\n\t\t\t\t\t\t<\/div>\n\t\t\t\t<\/div>\n\t\t\t\t\t<\/div>\n\t\t<\/div>\n\t\t\t\t\t<\/div>\n\t\t<\/section>\n\t\t\t\t<section class=\"elementor-section elementor-top-section elementor-element elementor-element-c0ef2f7 elementor-section-boxed elementor-section-height-default elementor-section-height-default\" data-id=\"c0ef2f7\" data-element_type=\"section\" data-e-type=\"section\">\n\t\t\t\t\t\t<div class=\"elementor-container elementor-column-gap-default\">\n\t\t\t\t\t<div class=\"elementor-column elementor-col-100 elementor-top-column elementor-element elementor-element-c174433\" data-id=\"c174433\" data-element_type=\"column\" data-e-type=\"column\">\n\t\t\t<div class=\"elementor-widget-wrap elementor-element-populated\">\n\t\t\t\t\t\t<div class=\"elementor-element elementor-element-1507f62 elementor-widget elementor-widget-text-editor\" data-id=\"1507f62\" data-element_type=\"widget\" data-e-type=\"widget\" data-widget_type=\"text-editor.default\">\n\t\t\t\t<div class=\"elementor-widget-container\">\n\t\t\t\t\t\t\t\t\t<p>Para mayor informaci\u00f3n sobre el tema tratado contactarse con los abogados de nuestra \u00c1rea Laboral:<\/p><p>Alberto Varillas Cueto, Jaime Durand Planas, Macarena Morales Mailhe, Fressia Sanchez Tu\u00f1oque, Sara Kalinicos Garc\u00eda, Jos\u00e9 Andr\u00e9s Piedra Pereira; y Grecia Elena Aldonate Pinto.<\/p>\t\t\t\t\t\t\t\t<\/div>\n\t\t\t\t<\/div>\n\t\t\t\t\t<\/div>\n\t\t<\/div>\n\t\t\t\t\t<\/div>\n\t\t<\/section>\n\t\t\t\t<section class=\"elementor-section elementor-top-section elementor-element elementor-element-d162120 elementor-section-boxed elementor-section-height-default elementor-section-height-default\" data-id=\"d162120\" data-element_type=\"section\" data-e-type=\"section\">\n\t\t\t\t\t\t<div class=\"elementor-container elementor-column-gap-default\">\n\t\t\t\t\t<div class=\"elementor-column elementor-col-100 elementor-top-column elementor-element elementor-element-9fe89ab\" data-id=\"9fe89ab\" data-element_type=\"column\" data-e-type=\"column\">\n\t\t\t<div class=\"elementor-widget-wrap elementor-element-populated\">\n\t\t\t\t\t\t<div class=\"elementor-element elementor-element-22ca5ad elementor-widget-divider--view-line elementor-widget elementor-widget-divider\" data-id=\"22ca5ad\" data-element_type=\"widget\" data-e-type=\"widget\" data-widget_type=\"divider.default\">\n\t\t\t\t<div class=\"elementor-widget-container\">\n\t\t\t\t\t\t\t<div class=\"elementor-divider\">\n\t\t\t<span class=\"elementor-divider-separator\">\n\t\t\t\t\t\t<\/span>\n\t\t<\/div>\n\t\t\t\t\t\t<\/div>\n\t\t\t\t<\/div>\n\t\t\t\t\t<\/div>\n\t\t<\/div>\n\t\t\t\t\t<\/div>\n\t\t<\/section>\n\t\t\t\t<section class=\"elementor-section elementor-top-section elementor-element elementor-element-6d9901a elementor-section-boxed elementor-section-height-default elementor-section-height-default\" data-id=\"6d9901a\" data-element_type=\"section\" data-e-type=\"section\">\n\t\t\t\t\t\t<div class=\"elementor-container elementor-column-gap-default\">\n\t\t\t\t\t<div class=\"elementor-column elementor-col-100 elementor-top-column elementor-element elementor-element-7d0f046\" data-id=\"7d0f046\" data-element_type=\"column\" data-e-type=\"column\">\n\t\t\t<div class=\"elementor-widget-wrap elementor-element-populated\">\n\t\t\t\t\t\t<div class=\"elementor-element elementor-element-5303ae8 elementor-widget elementor-widget-text-editor\" data-id=\"5303ae8\" data-element_type=\"widget\" data-e-type=\"widget\" data-widget_type=\"text-editor.default\">\n\t\t\t\t<div class=\"elementor-widget-container\">\n\t\t\t\t\t\t\t\t\t<p class=\"MsoNormal\" style=\"text-align: justify; tab-stops: 27.0pt;\"><span style=\"font-size: 11.0pt; font-family: 'Arial Narrow',sans-serif;\">La informaci\u00f3n contenida en este documento no constituye ni pretende constituir asesor\u00eda o asistencia legal directa o indirecta de ninguna especie, ni establece ning\u00fan tipo de relaci\u00f3n profesional. Asimismo, tampoco pretende hacer publicidad de los servicios prestados por nuestra firma ni por ninguno de sus abogados. El \u00fanico prop\u00f3sito es dar informaci\u00f3n de car\u00e1cter general respecto de temas que pueden ser de inter\u00e9s para los clientes y amigos de nuestra firma. Este informativo, as\u00ed como otros informes generales y art\u00edculos de inter\u00e9s preparados por los abogados del Estudio podr\u00e1n encontrarse en nuestra p\u00e1gina web: <u><span style=\"color: blue;\">www.garciasayan.com.pe<\/span><\/u><\/span><\/p>\t\t\t\t\t\t\t\t<\/div>\n\t\t\t\t<\/div>\n\t\t\t\t\t<\/div>\n\t\t<\/div>\n\t\t\t\t\t<\/div>\n\t\t<\/section>\n\t\t\t\t<\/div>\n\t\t","protected":false},"excerpt":{"rendered":"<p>En la fecha, se public\u00f3 el Decreto Supremo N\u00b010-2020-IN, el mismo que aprueba medidas especiales, excepcionales y temporales para regularizar la situaci\u00f3n migratoria de extranjeros y extranjeras. Entre las principales disposiciones, podemos encontrar las siguientes:&nbsp; Generalidades &#8211;&nbsp;&nbsp;&nbsp;&nbsp;&nbsp;&nbsp;&nbsp; Vigencia: Desde la aprobaci\u00f3n del Texto \u00danico de Procedimientos Administrativos de la Superintendencia Nacional de Migraciones. &#8211;&nbsp;&nbsp;&nbsp;&nbsp;&nbsp;&nbsp;&nbsp; Aplicaci\u00f3n: [&hellip;]<\/p>\n","protected":false},"author":5,"featured_media":11237,"comment_status":"closed","ping_status":"open","sticky":false,"template":"","format":"standard","meta":{"nf_dc_page":"","content-type":"","footnotes":""},"categories":[90,83,37],"class_list":["post-12364","post","type-post","status-publish","format-standard","has-post-thumbnail","hentry","category-boletin-informativo","category-covid-19","category-laboral"],"_links":{"self":[{"href":"https:\/\/gsalegal.pe\/en\/wp-json\/wp\/v2\/posts\/12364","targetHints":{"allow":["GET"]}}],"collection":[{"href":"https:\/\/gsalegal.pe\/en\/wp-json\/wp\/v2\/posts"}],"about":[{"href":"https:\/\/gsalegal.pe\/en\/wp-json\/wp\/v2\/types\/post"}],"author":[{"embeddable":true,"href":"https:\/\/gsalegal.pe\/en\/wp-json\/wp\/v2\/users\/5"}],"replies":[{"embeddable":true,"href":"https:\/\/gsalegal.pe\/en\/wp-json\/wp\/v2\/comments?post=12364"}],"version-history":[{"count":0,"href":"https:\/\/gsalegal.pe\/en\/wp-json\/wp\/v2\/posts\/12364\/revisions"}],"wp:featuredmedia":[{"embeddable":true,"href":"https:\/\/gsalegal.pe\/en\/wp-json\/"}],"wp:attachment":[{"href":"https:\/\/gsalegal.pe\/en\/wp-json\/wp\/v2\/media?parent=12364"}],"wp:term":[{"taxonomy":"category","embeddable":true,"href":"https:\/\/gsalegal.pe\/en\/wp-json\/wp\/v2\/categories?post=12364"}],"curies":[{"name":"wp","href":"https:\/\/api.w.org\/{rel}","templated":true}]}}