{"id":12375,"date":"2020-10-23T14:49:57","date_gmt":"2020-10-23T19:49:57","guid":{"rendered":"http:\/\/localhost\/wordpress\/?p=12375"},"modified":"2020-10-23T14:49:57","modified_gmt":"2020-10-23T19:49:57","slug":"modifican-disposiciones-respecto-a-la-nueva-convivencia-social","status":"publish","type":"post","link":"https:\/\/gsalegal.pe\/en\/modifican-disposiciones-respecto-a-la-nueva-convivencia-social\/","title":{"rendered":"Modifican disposiciones respecto a la \u201cNueva Convivencia Social\u201d"},"content":{"rendered":"\t\t<div data-elementor-type=\"wp-post\" data-elementor-id=\"12375\" class=\"elementor elementor-12375\">\n\t\t\t\t\t\t<section class=\"elementor-section elementor-top-section elementor-element elementor-element-bb23772 elementor-section-boxed elementor-section-height-default elementor-section-height-default\" data-id=\"bb23772\" data-element_type=\"section\" data-e-type=\"section\">\n\t\t\t\t\t\t<div class=\"elementor-container elementor-column-gap-default\">\n\t\t\t\t\t<div class=\"elementor-column elementor-col-100 elementor-top-column elementor-element elementor-element-96f8eac\" data-id=\"96f8eac\" data-element_type=\"column\" data-e-type=\"column\">\n\t\t\t<div class=\"elementor-widget-wrap elementor-element-populated\">\n\t\t\t\t\t\t<div class=\"elementor-element elementor-element-b3260f3 elementor-widget elementor-widget-text-editor\" data-id=\"b3260f3\" data-element_type=\"widget\" data-e-type=\"widget\" data-widget_type=\"text-editor.default\">\n\t\t\t\t<div class=\"elementor-widget-container\">\n\t\t\t\t\t\t\t\t\t<p class=\"MsoNormal\"><span lang=\"ES\" style=\"font-size: 12.0pt; line-height: 106%; font-family: 'Arial Narrow',sans-serif; mso-ansi-language: ES;\">A trav\u00e9s del Decreto Supremo N\u00b0170-2020-PCM (en adelante, el Decreto Supremo) publicado el d\u00eda de hoy, el Gobierno dispuso la modificaci\u00f3n de los Decretos Supremos N\u00b0116-2020-PCM, N\u00b0156-2020-PCM y N\u00b0044-2020-PCM, seg\u00fan se detalla a continuaci\u00f3n: <\/span><\/p><p class=\"MsoListParagraphCxSpFirst\" style=\"text-indent: -18pt;\"><!-- [if !supportLists]--><b><span lang=\"ES\" style=\"font-size: 12.0pt; line-height: 106%; font-family: 'Arial Narrow',sans-serif; mso-fareast-font-family: 'Arial Narrow'; mso-bidi-font-family: 'Arial Narrow'; mso-ansi-language: ES;\">1.<span style=\"font-variant-numeric: normal; font-variant-east-asian: normal; font-weight: normal; font-stretch: normal; font-size: 7pt; line-height: normal; font-family: 'Times New Roman';\">\u00a0\u00a0\u00a0\u00a0\u00a0\u00a0 <\/span><\/span><\/b><!--[endif]--><b><span lang=\"ES\" style=\"font-size: 12.0pt; line-height: 106%; font-family: 'Arial Narrow',sans-serif; mso-ansi-language: ES;\">Inmovilizaci\u00f3n social obligatoria: <\/span><\/b><\/p><p class=\"MsoListParagraphCxSpMiddle\" style=\"margin-left: 2cm; text-indent: -18pt;\"><!-- [if !supportLists]--><span lang=\"ES\" style=\"font-size: 12.0pt; line-height: 106%; font-family: 'Arial Narrow',sans-serif; mso-fareast-font-family: 'Arial Narrow'; mso-bidi-font-family: 'Arial Narrow'; mso-ansi-language: ES;\">a.<span style=\"font-variant-numeric: normal; font-variant-east-asian: normal; font-stretch: normal; font-size: 7pt; line-height: normal; font-family: 'Times New Roman';\">\u00a0\u00a0\u00a0\u00a0\u00a0\u00a0 <\/span><\/span><!--[endif]--><span lang=\"ES\" style=\"font-size: 12.0pt; line-height: 106%; font-family: 'Arial Narrow',sans-serif; mso-ansi-language: ES;\">Se mantiene la inmovilizaci\u00f3n social obligatoria<a title=\"\" href=\"file:\/\/\/C:\/Users\/dgarcia\/AppData\/Local\/Microsoft\/Windows\/INetCache\/Content.Outlook\/DUJZMMF7\/MEMORANDUM%20MODIFICAN%20RESTRICCIONES.DOCX#_ftn1\" name=\"_ftnref1\"><span class=\"MsoFootnoteReference\"><!-- [if !supportFootnotes]--><span class=\"MsoFootnoteReference\"><span lang=\"ES\" style=\"font-size: 12pt; line-height: 106%;\">[1]<\/span><\/span><!--[endif]--><\/span><\/a> de todas las personas en sus domicilios desde las 23:00 horas hasta las 04:00 horas del d\u00eda siguiente, de lunes a domingo a nivel nacional y contin\u00faa prohibida la circulaci\u00f3n de veh\u00edculos particulares a nivel nacional durante los d\u00edas domingo hasta las 04:00 horas del d\u00eda siguiente, mas no la movilizaci\u00f3n peatonal.<\/span><\/p><p class=\"MsoListParagraphCxSpMiddle\" style=\"margin-left: 2cm; text-indent: -18pt;\"><!-- [if !supportLists]--><span lang=\"ES\" style=\"font-size: 12.0pt; line-height: 106%; font-family: 'Arial Narrow',sans-serif; mso-fareast-font-family: 'Arial Narrow'; mso-bidi-font-family: 'Arial Narrow'; mso-ansi-language: ES;\">b.<span style=\"font-variant-numeric: normal; font-variant-east-asian: normal; font-stretch: normal; font-size: 7pt; line-height: normal; font-family: 'Times New Roman';\">\u00a0\u00a0\u00a0\u00a0\u00a0\u00a0 <\/span><\/span><!--[endif]--><span lang=\"ES\" style=\"font-size: 12.0pt; line-height: 106%; font-family: 'Arial Narrow',sans-serif; mso-ansi-language: ES;\">Se elimina la inmovilizaci\u00f3n social obligatoria durante los d\u00edas domingos, medida bajo la cual se encontraban los departamentos de Cusco, Puno, Moquegua y Tacna, y las provincias de Abancay del departamento de Apur\u00edmac, Huamanga del departamento de Ayacucho y Hu\u00e1nuco del Departamento de Hu\u00e1nuco.<\/span><\/p><p class=\"MsoListParagraphCxSpMiddle\" style=\"margin-left: 72pt;\"><span lang=\"ES\" style=\"font-size: 12.0pt; line-height: 106%; font-family: 'Arial Narrow',sans-serif; mso-ansi-language: ES;\">\u00a0<\/span><\/p><p class=\"MsoListParagraphCxSpMiddle\" style=\"text-indent: -18pt;\"><!-- [if !supportLists]--><b><span lang=\"ES\" style=\"font-size: 12.0pt; line-height: 106%; font-family: 'Arial Narrow',sans-serif; mso-fareast-font-family: 'Arial Narrow'; mso-bidi-font-family: 'Arial Narrow'; mso-ansi-language: ES;\">2.<span style=\"font-variant-numeric: normal; font-variant-east-asian: normal; font-weight: normal; font-stretch: normal; font-size: 7pt; line-height: normal; font-family: 'Times New Roman';\">\u00a0\u00a0\u00a0\u00a0\u00a0\u00a0 <\/span><\/span><\/b><!--[endif]--><b><span lang=\"ES\" style=\"font-size: 12.0pt; line-height: 106%; font-family: 'Arial Narrow',sans-serif; mso-ansi-language: ES;\">Pr\u00e1ctica deportiva en espacios p\u00fablicos:<\/span><\/b><\/p><p class=\"MsoListParagraphCxSpMiddle\" style=\"margin-left: 2cm; text-indent: -18pt;\"><!-- [if !supportLists]--><span lang=\"ES\" style=\"font-size: 12.0pt; line-height: 106%; font-family: 'Arial Narrow',sans-serif; mso-fareast-font-family: 'Arial Narrow'; mso-bidi-font-family: 'Arial Narrow'; mso-ansi-language: ES;\">a.<span style=\"font-variant-numeric: normal; font-variant-east-asian: normal; font-stretch: normal; font-size: 7pt; line-height: normal; font-family: 'Times New Roman';\">\u00a0\u00a0\u00a0\u00a0\u00a0\u00a0 <\/span><\/span><!--[endif]--><span lang=\"ES\" style=\"font-size: 12.0pt; line-height: 106%; font-family: 'Arial Narrow',sans-serif; mso-ansi-language: ES;\">Se permite la pr\u00e1ctica deportiva al aire libre, de manera individual o en parejas, en los parques, centros de esparcimiento, clubes zonales u otros espacios autorizados siempre que no implique contacto f\u00edsico y se respete el distanciamiento social. Asimismo, los Gobiernos Regionales en coordinaci\u00f3n con la PNP deber\u00e1n adoptar las medidas correspondientes para el correcto desarrollo de dichas actividades. <\/span><\/p><p class=\"MsoListParagraphCxSpMiddle\" style=\"margin-left: 2cm; text-indent: -18pt;\"><!-- [if !supportLists]--><span lang=\"ES\" style=\"font-size: 12.0pt; line-height: 106%; font-family: 'Arial Narrow',sans-serif; mso-fareast-font-family: 'Arial Narrow'; mso-bidi-font-family: 'Arial Narrow'; mso-ansi-language: ES;\">b.<span style=\"font-variant-numeric: normal; font-variant-east-asian: normal; font-stretch: normal; font-size: 7pt; line-height: normal; font-family: 'Times New Roman';\">\u00a0\u00a0\u00a0\u00a0\u00a0\u00a0 <\/span><\/span><!--[endif]--><span lang=\"ES\" style=\"font-size: 12.0pt; line-height: 106%; font-family: 'Arial Narrow',sans-serif; mso-ansi-language: ES;\">El uso de piscinas en centros de esparcimiento, clubes zonales u otros espacios autorizados se encuentra prohibido, salvo para la realizaci\u00f3n de actividades formativas o terap\u00e9uticas previo cumplimiento de los protocolos aprobados por la Autoridad Sanitaria Nacional. <\/span><\/p><p class=\"MsoListParagraphCxSpMiddle\"><span lang=\"ES\" style=\"font-size: 12.0pt; line-height: 106%; font-family: 'Arial Narrow',sans-serif; mso-ansi-language: ES;\">\u00a0<\/span><\/p><p class=\"MsoListParagraphCxSpMiddle\" style=\"text-indent: -18pt;\"><!-- [if !supportLists]--><b><span lang=\"ES\" style=\"font-size: 12.0pt; line-height: 106%; font-family: 'Arial Narrow',sans-serif; mso-fareast-font-family: 'Arial Narrow'; mso-bidi-font-family: 'Arial Narrow'; mso-ansi-language: ES;\">3.<span style=\"font-variant-numeric: normal; font-variant-east-asian: normal; font-weight: normal; font-stretch: normal; font-size: 7pt; line-height: normal; font-family: 'Times New Roman';\">\u00a0\u00a0\u00a0\u00a0\u00a0\u00a0 <\/span><\/span><\/b><!--[endif]--><b><span lang=\"ES\" style=\"font-size: 12.0pt; line-height: 106%; font-family: 'Arial Narrow',sans-serif; mso-ansi-language: ES;\">Transporte internacional: <\/span><\/b><span lang=\"ES\" style=\"font-size: 12.0pt; line-height: 106%; font-family: 'Arial Narrow',sans-serif; mso-ansi-language: ES;\">Se autoriza el transporte internacional de pasajeros por medio terrestre de manera gradual y progresiva, conforme a lo regulado por el Ministerio de Transportes y Comunicaciones.<b><\/b><\/span><\/p><p class=\"MsoListParagraphCxSpMiddle\" style=\"margin-left: 72pt; text-indent: -18pt;\"><!-- [if !supportLists]--><span lang=\"ES\" style=\"font-size: 12.0pt; line-height: 106%; font-family: 'Arial Narrow',sans-serif; mso-fareast-font-family: 'Arial Narrow'; mso-bidi-font-family: 'Arial Narrow'; mso-ansi-language: ES;\">a.<span style=\"font-variant-numeric: normal; font-variant-east-asian: normal; font-stretch: normal; font-size: 7pt; line-height: normal; font-family: 'Times New Roman';\">\u00a0\u00a0\u00a0\u00a0\u00a0\u00a0 <\/span><\/span><!--[endif]--><span lang=\"ES\" style=\"font-size: 12.0pt; line-height: 106%; font-family: 'Arial Narrow',sans-serif; mso-ansi-language: ES;\">Se podr\u00e1 realizar el transporte internacional por medio a\u00e9reo, mar\u00edtimo y fluvial conforme a la reanudaci\u00f3n de actividades econ\u00f3micas dispuesta por la normatividad correspondiente.<\/span><\/p><p class=\"MsoListParagraphCxSpMiddle\" style=\"margin-left: 72pt; text-indent: -18pt;\"><!-- [if !supportLists]--><span lang=\"ES\" style=\"font-size: 12.0pt; line-height: 106%; font-family: 'Arial Narrow',sans-serif; mso-fareast-font-family: 'Arial Narrow'; mso-bidi-font-family: 'Arial Narrow'; mso-ansi-language: ES;\">b.<span style=\"font-variant-numeric: normal; font-variant-east-asian: normal; font-stretch: normal; font-size: 7pt; line-height: normal; font-family: 'Times New Roman';\">\u00a0\u00a0\u00a0\u00a0\u00a0\u00a0 <\/span><\/span><!--[endif]--><span lang=\"ES\" style=\"font-size: 12.0pt; line-height: 106%; font-family: 'Arial Narrow',sans-serif; mso-ansi-language: ES;\">Se autoriza la reapertura de las fronteras terrestres para el reinicio del transporte terrestre internacional. El Gobierno Regional respectivo, adoptar\u00e1 las medidas pertinentes y coordinar\u00e1 con el Ministerio de Salud, para la emisi\u00f3n de los protocolos correspondientes.<\/span><\/p><p class=\"MsoListParagraphCxSpMiddle\"><span lang=\"ES\" style=\"font-size: 12.0pt; line-height: 106%; font-family: 'Arial Narrow',sans-serif; mso-ansi-language: ES;\">\u00a0<\/span><\/p><p class=\"MsoListParagraphCxSpMiddle\" style=\"text-indent: -18pt;\"><!-- [if !supportLists]--><b><span style=\"font-size: 12.0pt; line-height: 106%; font-family: 'Arial Narrow',sans-serif; mso-fareast-font-family: 'Arial Narrow'; mso-bidi-font-family: 'Arial Narrow';\">4.<span style=\"font-variant-numeric: normal; font-variant-east-asian: normal; font-weight: normal; font-stretch: normal; font-size: 7pt; line-height: normal; font-family: 'Times New Roman';\">\u00a0\u00a0\u00a0\u00a0\u00a0\u00a0 <\/span><\/span><\/b><!--[endif]--><b><span style=\"font-size: 12.0pt; line-height: 106%; font-family: 'Arial Narrow',sans-serif;\">Uso de playas: <\/span><\/b><span style=\"font-size: 12.0pt; line-height: 106%; font-family: 'Arial Narrow',sans-serif;\">El uso de las playas del litoral peruano, como espacio p\u00fablico, se har\u00e1 por etapas durante la vigencia del Estado de Emergencia Nacional. Durante la primera etapa se establecieron las siguientes medidas:<\/span><\/p><p class=\"MsoListParagraphCxSpMiddle\" style=\"margin-left: 72pt; text-indent: -18pt;\"><!-- [if !supportLists]--><span style=\"font-size: 12.0pt; line-height: 106%; font-family: 'Arial Narrow',sans-serif; mso-fareast-font-family: 'Arial Narrow'; mso-bidi-font-family: 'Arial Narrow';\">a.<span style=\"font-variant-numeric: normal; font-variant-east-asian: normal; font-stretch: normal; font-size: 7pt; line-height: normal; font-family: 'Times New Roman';\">\u00a0\u00a0\u00a0\u00a0\u00a0\u00a0 <\/span><\/span><!--[endif]--><span style=\"font-size: 12.0pt; line-height: 106%; font-family: 'Arial Narrow',sans-serif;\">En Lima y Callao, los d\u00edas viernes, s\u00e1bados y domingos, no se har\u00e1 uso de las zonas de descanso de arena o piedras inmediatamente colindantes con el mar, ni de la zona de mar; exceptu\u00e1ndose la realizaci\u00f3n de deportes acu\u00e1ticos sin contacto<a title=\"\" href=\"file:\/\/\/C:\/Users\/dgarcia\/AppData\/Local\/Microsoft\/Windows\/INetCache\/Content.Outlook\/DUJZMMF7\/MEMORANDUM%20MODIFICAN%20RESTRICCIONES.DOCX#_ftn2\" name=\"_ftnref2\"><span class=\"MsoFootnoteReference\"><!-- [if !supportFootnotes]--><span class=\"MsoFootnoteReference\"><span style=\"font-size: 12pt; line-height: 106%;\">[2]<\/span><\/span><!--[endif]--><\/span><\/a>.<\/span> <span style=\"font-size: 12.0pt; line-height: 106%; font-family: 'Arial Narrow',sans-serif;\">De lunes a jueves, se podr\u00e1 ingresar a las zonas colindantes con el mar y a la zona de mar, para lo cual la poblaci\u00f3n deber\u00e1 respetar el distanciamiento social, el uso de mascarillas y las dem\u00e1s medidas de bioseguridad que determine la Autoridad Sanitaria Nacional.<\/span><\/p><p class=\"MsoListParagraphCxSpMiddle\" style=\"margin-left: 72pt; text-indent: -18pt;\"><!-- [if !supportLists]--><span style=\"font-size: 12.0pt; line-height: 106%; font-family: 'Arial Narrow',sans-serif; mso-fareast-font-family: 'Arial Narrow'; mso-bidi-font-family: 'Arial Narrow';\">b.<span style=\"font-variant-numeric: normal; font-variant-east-asian: normal; font-stretch: normal; font-size: 7pt; line-height: normal; font-family: 'Times New Roman';\">\u00a0\u00a0\u00a0\u00a0\u00a0\u00a0 <\/span><\/span><!--[endif]--><span style=\"font-size: 12.0pt; line-height: 106%; font-family: 'Arial Narrow',sans-serif;\">Se continuar\u00e1 permitiendo el uso de los espacios p\u00fablicos aleda\u00f1os, tales como malecones, veredas, ciclov\u00edas, entre otros, para el desarrollo de deportes al aire libre.<\/span><\/p><p class=\"MsoListParagraphCxSpMiddle\" style=\"margin-left: 72pt; text-indent: -18pt;\"><!-- [if !supportLists]--><span style=\"font-size: 12.0pt; line-height: 106%; font-family: 'Arial Narrow',sans-serif; mso-fareast-font-family: 'Arial Narrow'; mso-bidi-font-family: 'Arial Narrow';\">c.<span style=\"font-variant-numeric: normal; font-variant-east-asian: normal; font-stretch: normal; font-size: 7pt; line-height: normal; font-family: 'Times New Roman';\">\u00a0\u00a0\u00a0\u00a0\u00a0\u00a0 <\/span><\/span><!--[endif]--><span style=\"font-size: 12.0pt; line-height: 106%; font-family: 'Arial Narrow',sans-serif;\">Para el resto del litoral peruano, las Municipalidades Provinciales respectivas adoptar\u00e1n las acciones correspondientes para el uso de las playas, en coordinaci\u00f3n con los Gobiernos Regionales y sus respectivas Direcciones Regionales de Salud y de Comercio Exterior y Turismo, o las que hagan sus veces.<\/span><\/p><p class=\"MsoListParagraphCxSpMiddle\" style=\"margin-left: 72pt; text-indent: -18pt;\"><!-- [if !supportLists]--><span style=\"font-size: 12.0pt; line-height: 106%; font-family: 'Arial Narrow',sans-serif; mso-fareast-font-family: 'Arial Narrow'; mso-bidi-font-family: 'Arial Narrow';\">d.<span style=\"font-variant-numeric: normal; font-variant-east-asian: normal; font-stretch: normal; font-size: 7pt; line-height: normal; font-family: 'Times New Roman';\">\u00a0\u00a0\u00a0\u00a0\u00a0\u00a0 <\/span><\/span><!--[endif]--><span style=\"font-size: 12.0pt; line-height: 106%; font-family: 'Arial Narrow',sans-serif;\">En todos los casos, no se encuentra permitido el consumo de alimentos y bebidas (excepto agua) en zonas de descanso de arena o piedras inmediatamente colindantes con el mar, ni en la zona de mar.<\/span><\/p><p class=\"MsoListParagraphCxSpMiddle\" style=\"margin-left: 72pt;\"><span style=\"font-size: 12.0pt; line-height: 106%; font-family: 'Arial Narrow',sans-serif;\">\u00a0<\/span><\/p><p class=\"MsoListParagraphCxSpMiddle\" style=\"text-indent: -18pt;\"><!-- [if !supportLists]--><b><span style=\"font-size: 12.0pt; line-height: 106%; font-family: 'Arial Narrow',sans-serif; mso-fareast-font-family: 'Arial Narrow'; mso-bidi-font-family: 'Arial Narrow';\">5.<span style=\"font-variant-numeric: normal; font-variant-east-asian: normal; font-weight: normal; font-stretch: normal; font-size: 7pt; line-height: normal; font-family: 'Times New Roman';\">\u00a0\u00a0\u00a0\u00a0\u00a0\u00a0 <\/span><\/span><\/b><!--[endif]--><b><span style=\"font-size: 12.0pt; line-height: 106%; font-family: 'Arial Narrow',sans-serif;\">Apertura de templos y lugares de culto:<\/span><\/b><span style=\"font-size: 12.0pt; line-height: 106%; font-family: 'Arial Narrow',sans-serif;\"> A partir del 02 de noviembre de 2020, se autoriza a la apertura de templos y lugares de culto para recibir a sus miembros, fieles y p\u00fablico en general, siguiendo las siguientes disposiciones: <\/span><\/p><p class=\"MsoListParagraphCxSpMiddle\" style=\"margin-left: 72pt; text-indent: -18pt;\"><!-- [if !supportLists]--><span style=\"font-size: 12.0pt; line-height: 106%; font-family: 'Arial Narrow',sans-serif; mso-fareast-font-family: 'Arial Narrow'; mso-bidi-font-family: 'Arial Narrow';\">a.<span style=\"font-variant-numeric: normal; font-variant-east-asian: normal; font-stretch: normal; font-size: 7pt; line-height: normal; font-family: 'Times New Roman';\">\u00a0\u00a0\u00a0\u00a0\u00a0\u00a0 <\/span><\/span><!--[endif]--><span style=\"font-size: 12.0pt; line-height: 106%; font-family: 'Arial Narrow',sans-serif;\">Aforo no mayor a 1\/3 de su capacidad total, debiendo adoptar y cumplir con los protocolos emitidos por la Autoridad Sanitaria Nacional. <\/span><\/p><p class=\"MsoListParagraphCxSpMiddle\" style=\"margin-left: 72pt; text-indent: -18pt;\"><!-- [if !supportLists]--><span style=\"font-size: 12.0pt; line-height: 106%; font-family: 'Arial Narrow',sans-serif; mso-fareast-font-family: 'Arial Narrow'; mso-bidi-font-family: 'Arial Narrow';\">b.<span style=\"font-variant-numeric: normal; font-variant-east-asian: normal; font-stretch: normal; font-size: 7pt; line-height: normal; font-family: 'Times New Roman';\">\u00a0\u00a0\u00a0\u00a0\u00a0\u00a0 <\/span><\/span><!--[endif]--><span style=\"font-size: 12.0pt; line-height: 106%; font-family: 'Arial Narrow',sans-serif;\">Durante esta primera etapa, solo se permitir\u00e1 la celebraci\u00f3n de ritos y pr\u00e1cticas religiosas excepcionales que sean de especial relevancia para la entidad religiosa, excluyendo la celebraci\u00f3n de las misas, cultos y similares de car\u00e1cter regular y no excepcional.<\/span><\/p><p class=\"MsoListParagraphCxSpLast\" style=\"margin-left: 72pt; text-indent: -18pt;\"><!-- [if !supportLists]--><span style=\"font-size: 12.0pt; line-height: 106%; font-family: 'Arial Narrow',sans-serif; mso-fareast-font-family: 'Arial Narrow'; mso-bidi-font-family: 'Arial Narrow';\">c.<span style=\"font-variant-numeric: normal; font-variant-east-asian: normal; font-stretch: normal; font-size: 7pt; line-height: normal; font-family: 'Times New Roman';\">\u00a0\u00a0\u00a0\u00a0\u00a0\u00a0 <\/span><\/span><!--[endif]--><span style=\"font-size: 12.0pt; line-height: 106%; font-family: 'Arial Narrow',sans-serif;\">La celebraci\u00f3n de tales ritos y pr\u00e1cticas religiosas excepcionales deber\u00e1 realizarse con el n\u00famero m\u00ednimo de participantes posible.<\/span><\/p><p>\u00a0<\/p><div><!-- [if !supportFootnotes]--><br clear=\"all\" \/><hr align=\"left\" size=\"1\" width=\"33%\" \/><!--[endif]--><div id=\"ftn1\"><p class=\"MsoFootnoteText\"><a title=\"\" href=\"file:\/\/\/C:\/Users\/dgarcia\/AppData\/Local\/Microsoft\/Windows\/INetCache\/Content.Outlook\/DUJZMMF7\/MEMORANDUM%20MODIFICAN%20RESTRICCIONES.DOCX#_ftnref1\" name=\"_ftn1\"><span class=\"MsoFootnoteReference\"><span style=\"font-family: 'Arial Narrow',sans-serif;\"><!-- [if !supportFootnotes]--><span class=\"MsoFootnoteReference\"><span style=\"font-size: 10pt; line-height: 106%;\">[1]<\/span><\/span><!--[endif]--><\/span><\/span><\/a><span style=\"font-family: 'Arial Narrow',sans-serif;\"> Durante la inmovilizaci\u00f3n social obligatoria, se except\u00faa el personal estrictamente necesario que participa en la prestaci\u00f3n de los servicios de abastecimiento de alimentos, salud, medicinas, servicios financieros, servicio de restaurante para entrega a domicilio (delivery), la continuidad de los servicios de agua, saneamiento, energ\u00eda el\u00e9ctrica, gas, combustibles, telecomunicaciones y actividades conexas, limpieza y recojo de residuos s\u00f3lidos, servicios funerarios, transporte de carga y mercanc\u00edas y actividades conexas, actividades relacionadas con la reanudaci\u00f3n de actividades econ\u00f3micas, transporte de caudales, esto \u00faltimo seg\u00fan lo estipulado por el Ministerio de Transportes y Comunicaciones. Durante la inmovilizaci\u00f3n social obligatoria se permite que las farmacias y boticas puedan brindar atenci\u00f3n de acuerdo a la norma de la materia.<\/span> <span style=\"font-family: 'Arial Narrow',sans-serif;\">El personal de prensa escrita, radial o televisiva podr\u00e1 transitar durante el per\u00edodo de inmovilizaci\u00f3n social obligatoria siempre que porten su pase personal laboral, su credencial period\u00edstica respectiva y su Documento Nacional de Identidad para fines de identificaci\u00f3n. La autorizaci\u00f3n tambi\u00e9n es extensiva para las unidades m\u00f3viles que los transporten para el cumplimiento de su funci\u00f3n.<\/span><\/p><p class=\"MsoFootnoteText\"><span style=\"font-family: 'Arial Narrow',sans-serif;\">Tambi\u00e9n se permite el desplazamiento de aquellas personas que requieren de una atenci\u00f3n m\u00e9dica urgente o de emergencia por encontrarse en grave riesgo su vida o salud y la adquisici\u00f3n de medicamentos, sin restricciones por la inmovilizaci\u00f3n social obligatoria.<\/span><\/p><\/div><div id=\"ftn2\"><p class=\"MsoFootnoteText\"><a title=\"\" href=\"file:\/\/\/C:\/Users\/dgarcia\/AppData\/Local\/Microsoft\/Windows\/INetCache\/Content.Outlook\/DUJZMMF7\/MEMORANDUM%20MODIFICAN%20RESTRICCIONES.DOCX#_ftnref2\" name=\"_ftn2\"><span class=\"MsoFootnoteReference\"><span style=\"font-family: 'Arial Narrow',sans-serif;\"><!-- [if !supportFootnotes]--><span class=\"MsoFootnoteReference\"><span style=\"font-size: 10pt; line-height: 106%;\">[2]<\/span><\/span><!--[endif]--><\/span><\/span><\/a><span style=\"font-family: 'Arial Narrow',sans-serif;\"> El Ministerio de Educaci\u00f3n, a trav\u00e9s del Instituto Peruano del Deporte, previa coordinaci\u00f3n con el Ministerio de Salud, determinar\u00e1 cu\u00e1les son los dem\u00e1s deportes acu\u00e1ticos que se podr\u00e1n practicar en el mar, durante esta etapa.<\/span><\/p><\/div><\/div>\t\t\t\t\t\t\t\t<\/div>\n\t\t\t\t<\/div>\n\t\t\t\t\t<\/div>\n\t\t<\/div>\n\t\t\t\t\t<\/div>\n\t\t<\/section>\n\t\t\t\t<section class=\"elementor-section elementor-top-section elementor-element elementor-element-0015964 elementor-section-boxed elementor-section-height-default elementor-section-height-default\" data-id=\"0015964\" data-element_type=\"section\" data-e-type=\"section\">\n\t\t\t\t\t\t<div class=\"elementor-container elementor-column-gap-default\">\n\t\t\t\t\t<div class=\"elementor-column elementor-col-100 elementor-top-column elementor-element elementor-element-e1486ca\" data-id=\"e1486ca\" data-element_type=\"column\" data-e-type=\"column\">\n\t\t\t<div class=\"elementor-widget-wrap elementor-element-populated\">\n\t\t\t\t\t\t<div class=\"elementor-element elementor-element-b1a154a elementor-widget-divider--view-line elementor-widget elementor-widget-divider\" data-id=\"b1a154a\" data-element_type=\"widget\" data-e-type=\"widget\" data-widget_type=\"divider.default\">\n\t\t\t\t<div class=\"elementor-widget-container\">\n\t\t\t\t\t\t\t<div class=\"elementor-divider\">\n\t\t\t<span class=\"elementor-divider-separator\">\n\t\t\t\t\t\t<\/span>\n\t\t<\/div>\n\t\t\t\t\t\t<\/div>\n\t\t\t\t<\/div>\n\t\t\t\t\t<\/div>\n\t\t<\/div>\n\t\t\t\t\t<\/div>\n\t\t<\/section>\n\t\t\t\t<section class=\"elementor-section elementor-top-section elementor-element elementor-element-c06a5f2 elementor-section-boxed elementor-section-height-default elementor-section-height-default\" data-id=\"c06a5f2\" data-element_type=\"section\" data-e-type=\"section\">\n\t\t\t\t\t\t<div class=\"elementor-container elementor-column-gap-default\">\n\t\t\t\t\t<div class=\"elementor-column elementor-col-100 elementor-top-column elementor-element elementor-element-54953c4\" data-id=\"54953c4\" data-element_type=\"column\" data-e-type=\"column\">\n\t\t\t<div class=\"elementor-widget-wrap elementor-element-populated\">\n\t\t\t\t\t\t<div class=\"elementor-element elementor-element-c02c8ea elementor-widget elementor-widget-text-editor\" data-id=\"c02c8ea\" data-element_type=\"widget\" data-e-type=\"widget\" data-widget_type=\"text-editor.default\">\n\t\t\t\t<div class=\"elementor-widget-container\">\n\t\t\t\t\t\t\t\t\t<p>Para mayor informaci\u00f3n sobre el tema tratado contactarse con los abogados del Estudio:<\/p><p>Dr. Luis Gasta\u00f1eta, Dr. Agust\u00edn Yrigoyen, Dra. Shirley C\u00e1rdenas, Dr. Alfonso Tola, Dra. Mar\u00eda Soledad Gasta\u00f1eta y el Dr. Sergio Chang.<\/p>\t\t\t\t\t\t\t\t<\/div>\n\t\t\t\t<\/div>\n\t\t\t\t\t<\/div>\n\t\t<\/div>\n\t\t\t\t\t<\/div>\n\t\t<\/section>\n\t\t\t\t<section class=\"elementor-section elementor-top-section elementor-element elementor-element-9fe5221 elementor-section-boxed elementor-section-height-default elementor-section-height-default\" data-id=\"9fe5221\" data-element_type=\"section\" data-e-type=\"section\">\n\t\t\t\t\t\t<div class=\"elementor-container elementor-column-gap-default\">\n\t\t\t\t\t<div class=\"elementor-column elementor-col-100 elementor-top-column elementor-element elementor-element-dc8c450\" data-id=\"dc8c450\" data-element_type=\"column\" data-e-type=\"column\">\n\t\t\t<div class=\"elementor-widget-wrap elementor-element-populated\">\n\t\t\t\t\t\t<div class=\"elementor-element elementor-element-5d68f63 elementor-widget-divider--view-line elementor-widget elementor-widget-divider\" data-id=\"5d68f63\" data-element_type=\"widget\" data-e-type=\"widget\" data-widget_type=\"divider.default\">\n\t\t\t\t<div class=\"elementor-widget-container\">\n\t\t\t\t\t\t\t<div class=\"elementor-divider\">\n\t\t\t<span class=\"elementor-divider-separator\">\n\t\t\t\t\t\t<\/span>\n\t\t<\/div>\n\t\t\t\t\t\t<\/div>\n\t\t\t\t<\/div>\n\t\t\t\t\t<\/div>\n\t\t<\/div>\n\t\t\t\t\t<\/div>\n\t\t<\/section>\n\t\t\t\t<section class=\"elementor-section elementor-top-section elementor-element elementor-element-9218ec2 elementor-section-boxed elementor-section-height-default elementor-section-height-default\" data-id=\"9218ec2\" data-element_type=\"section\" data-e-type=\"section\">\n\t\t\t\t\t\t<div class=\"elementor-container elementor-column-gap-default\">\n\t\t\t\t\t<div class=\"elementor-column elementor-col-100 elementor-top-column elementor-element elementor-element-8d2bee8\" data-id=\"8d2bee8\" data-element_type=\"column\" data-e-type=\"column\">\n\t\t\t<div class=\"elementor-widget-wrap elementor-element-populated\">\n\t\t\t\t\t\t<div class=\"elementor-element elementor-element-3607fa5 elementor-widget elementor-widget-text-editor\" data-id=\"3607fa5\" data-element_type=\"widget\" data-e-type=\"widget\" data-widget_type=\"text-editor.default\">\n\t\t\t\t<div class=\"elementor-widget-container\">\n\t\t\t\t\t\t\t\t\t<p class=\"MsoNormal\" style=\"margin-bottom: 0cm; text-align: justify; line-height: normal; mso-layout-grid-align: none; text-autospace: none;\"><span lang=\"ES\" style=\"font-size: 10.0pt; font-family: 'Arial Narrow',sans-serif; mso-fareast-font-family: 'Times New Roman'; mso-bidi-font-family: ArialNarrow; color: gray; mso-ansi-language: ES; mso-fareast-language: ES;\">La informaci\u00f3n contenida en este documento no constituye ni pretende constituir asesor\u00eda o asistencia legal directa o indirecta de ninguna especie, ni establece ning\u00fan tipo de relaci\u00f3n profesional.<\/span><\/p><p>\u00a0<\/p><p class=\"MsoNormal\" style=\"margin-bottom: 0cm; text-align: justify; line-height: normal; mso-layout-grid-align: none; text-autospace: none;\"><span lang=\"ES\" style=\"font-size: 10.0pt; font-family: 'Arial Narrow',sans-serif; mso-fareast-font-family: 'Times New Roman'; mso-bidi-font-family: ArialNarrow; color: gray; mso-ansi-language: ES; mso-fareast-language: ES;\">Asimismo, tampoco pretende hacer publicidad de los servicios prestados por nuestra firma ni por ninguno de sus abogados. El \u00fanico prop\u00f3sito es dar informaci\u00f3n de car\u00e1cter general respecto de temas que pueden ser de inter\u00e9s para los clientes y amigos de nuestra firma. Este informativo, as\u00ed como otros informes generales y art\u00edculos de inter\u00e9s preparados por los abogados del Estudio, podr\u00e1n encontrarse en nuestra p\u00e1gina web: www.garciasayan.com.pe<\/span><\/p>\t\t\t\t\t\t\t\t<\/div>\n\t\t\t\t<\/div>\n\t\t\t\t\t<\/div>\n\t\t<\/div>\n\t\t\t\t\t<\/div>\n\t\t<\/section>\n\t\t\t\t<\/div>\n\t\t","protected":false},"excerpt":{"rendered":"<p>A trav\u00e9s del Decreto Supremo N\u00b0170-2020-PCM (en adelante, el Decreto Supremo) publicado el d\u00eda de hoy, el Gobierno dispuso la modificaci\u00f3n de los Decretos Supremos N\u00b0116-2020-PCM, N\u00b0156-2020-PCM y N\u00b0044-2020-PCM, seg\u00fan se detalla a continuaci\u00f3n: 1.\u00a0\u00a0\u00a0\u00a0\u00a0\u00a0 Inmovilizaci\u00f3n social obligatoria: a.\u00a0\u00a0\u00a0\u00a0\u00a0\u00a0 Se mantiene la inmovilizaci\u00f3n social obligatoria[1] de todas las personas en sus domicilios desde las 23:00 [&hellip;]<\/p>\n","protected":false},"author":5,"featured_media":9729,"comment_status":"closed","ping_status":"open","sticky":false,"template":"","format":"standard","meta":{"nf_dc_page":"","content-type":"","footnotes":""},"categories":[90,76,83],"class_list":["post-12375","post","type-post","status-publish","format-standard","has-post-thumbnail","hentry","category-boletin-informativo","category-corporativo","category-covid-19"],"_links":{"self":[{"href":"https:\/\/gsalegal.pe\/en\/wp-json\/wp\/v2\/posts\/12375","targetHints":{"allow":["GET"]}}],"collection":[{"href":"https:\/\/gsalegal.pe\/en\/wp-json\/wp\/v2\/posts"}],"about":[{"href":"https:\/\/gsalegal.pe\/en\/wp-json\/wp\/v2\/types\/post"}],"author":[{"embeddable":true,"href":"https:\/\/gsalegal.pe\/en\/wp-json\/wp\/v2\/users\/5"}],"replies":[{"embeddable":true,"href":"https:\/\/gsalegal.pe\/en\/wp-json\/wp\/v2\/comments?post=12375"}],"version-history":[{"count":0,"href":"https:\/\/gsalegal.pe\/en\/wp-json\/wp\/v2\/posts\/12375\/revisions"}],"wp:featuredmedia":[{"embeddable":true,"href":"https:\/\/gsalegal.pe\/en\/wp-json\/"}],"wp:attachment":[{"href":"https:\/\/gsalegal.pe\/en\/wp-json\/wp\/v2\/media?parent=12375"}],"wp:term":[{"taxonomy":"category","embeddable":true,"href":"https:\/\/gsalegal.pe\/en\/wp-json\/wp\/v2\/categories?post=12375"}],"curies":[{"name":"wp","href":"https:\/\/api.w.org\/{rel}","templated":true}]}}