{"id":12785,"date":"2020-03-27T11:46:00","date_gmt":"2020-03-27T16:46:00","guid":{"rendered":"http:\/\/localhost\/wordpress\/?p=12785"},"modified":"2020-03-27T11:46:00","modified_gmt":"2020-03-27T16:46:00","slug":"consecuencias-del-estado-de-emergencia-en-las-relaciones-contractuales-2","status":"publish","type":"post","link":"https:\/\/gsalegal.pe\/en\/consecuencias-del-estado-de-emergencia-en-las-relaciones-contractuales-2\/","title":{"rendered":"Consecuencias del Estado de Emergencia en las relaciones contractuales"},"content":{"rendered":"\t\t<div data-elementor-type=\"wp-post\" data-elementor-id=\"12785\" class=\"elementor elementor-12785\">\n\t\t\t\t\t\t<section class=\"elementor-section elementor-top-section elementor-element elementor-element-95dd27b elementor-section-boxed elementor-section-height-default elementor-section-height-default\" data-id=\"95dd27b\" data-element_type=\"section\" data-e-type=\"section\">\n\t\t\t\t\t\t<div class=\"elementor-container elementor-column-gap-default\">\n\t\t\t\t\t<div class=\"elementor-column elementor-col-100 elementor-top-column elementor-element elementor-element-f4bdc04\" data-id=\"f4bdc04\" data-element_type=\"column\" data-e-type=\"column\">\n\t\t\t<div class=\"elementor-widget-wrap elementor-element-populated\">\n\t\t\t\t\t\t<div class=\"elementor-element elementor-element-54736a6 elementor-widget elementor-widget-text-editor\" data-id=\"54736a6\" data-element_type=\"widget\" data-e-type=\"widget\" data-widget_type=\"text-editor.default\">\n\t\t\t\t<div class=\"elementor-widget-container\">\n\t\t\t\t\t\t\t\t\t<h6>Escrito por Mar\u00eda Soledad Gasta\u00f1eta &#8211; Asociada Senior<\/h6>\t\t\t\t\t\t\t\t<\/div>\n\t\t\t\t<\/div>\n\t\t\t\t\t<\/div>\n\t\t<\/div>\n\t\t\t\t\t<\/div>\n\t\t<\/section>\n\t\t\t\t<section class=\"elementor-section elementor-top-section elementor-element elementor-element-44eba06 elementor-section-boxed elementor-section-height-default elementor-section-height-default\" data-id=\"44eba06\" data-element_type=\"section\" data-e-type=\"section\">\n\t\t\t\t\t\t<div class=\"elementor-container elementor-column-gap-default\">\n\t\t\t\t\t<div class=\"elementor-column elementor-col-100 elementor-top-column elementor-element elementor-element-4d4f06f\" data-id=\"4d4f06f\" data-element_type=\"column\" data-e-type=\"column\">\n\t\t\t<div class=\"elementor-widget-wrap elementor-element-populated\">\n\t\t\t\t\t\t<div class=\"elementor-element elementor-element-456aab4 elementor-widget elementor-widget-text-editor\" data-id=\"456aab4\" data-element_type=\"widget\" data-e-type=\"widget\" data-widget_type=\"text-editor.default\">\n\t\t\t\t<div class=\"elementor-widget-container\">\n\t\t\t\t\t\t\t\t\t<p>Como todos sabemos desde el 16 de marzo nos encontramos en un Estado de Emergencia Nacional (\u201cEEN\u201d) que obliga a todos los ciudadanos a guardar cuarentena (aislamiento social obligatorio). \u00danicamente pueden ir a trabajar las personas que laboren en actividades relacionadas a los servicios esenciales (abastecimiento de alimentos, medicinas, continuidad de los servicios de agua, saneamiento, energ\u00eda el\u00e9ctrica, gas, combustible, telecomunicaciones, limpieza y recojo de residuos s\u00f3lidos, servicios funerarios y financieros, entre otros) y sus actividades conexas seg\u00fan lo se\u00f1alado en el D.S. No. 044-2020-PCM y sus normas modificatorias y ampliatorias, habi\u00e9ndose agregado a lo anterior el \u201ctoque de queda\u201d.<\/p>\t\t\t\t\t\t\t\t<\/div>\n\t\t\t\t<\/div>\n\t\t\t\t<div class=\"elementor-element elementor-element-04c6d75 elementor-widget elementor-widget-heading\" data-id=\"04c6d75\" data-element_type=\"widget\" data-e-type=\"widget\" data-widget_type=\"heading.default\">\n\t\t\t\t<div class=\"elementor-widget-container\">\n\t\t\t\t\t<h2 class=\"elementor-heading-title elementor-size-default\">Fuerza mayor<\/h2>\t\t\t\t<\/div>\n\t\t\t\t<\/div>\n\t\t\t\t<div class=\"elementor-element elementor-element-cd99b25 elementor-widget elementor-widget-text-editor\" data-id=\"cd99b25\" data-element_type=\"widget\" data-e-type=\"widget\" data-widget_type=\"text-editor.default\">\n\t\t\t\t<div class=\"elementor-widget-container\">\n\t\t\t\t\t\t\t\t\t<p>En la pr\u00e1ctica y al margen del \u201ctrabajo remoto\u201d que tambi\u00e9n ha promovido el Gobierno en el marco del EEN, es evidente que la mayor\u00eda de empresas, o personas naturales con negocio, no pueden cumplir con los contratos que tienen vigentes y que ven\u00edan ejecutando al momento que se dict\u00f3 el EEN. Es decir, no podr\u00e1n continuar prestando sus servicios, ejecutando una obra, o suministrando productos, etc., y en muchos casos percibiendo la contraprestaci\u00f3n.<\/p><p>Sin embargo, esta situaci\u00f3n no constituye un incumplimiento contractual, ya que nos encontramos en una situaci\u00f3n de fuerza mayor, seg\u00fan lo define el art\u00edculo 1315\u00b0 del C\u00f3digo Civil, y seguramente el propio contrato. Debe advertirse que la fuerza mayor se aplica aun cuando el contrato no hiciera referencia a \u00e9sta.<\/p><p>La fuerza mayor es la causa no imputable, consistente en un evento extraordinario, imprevisible e irresistible, que impide la ejecuci\u00f3n de la obligaci\u00f3n o determina su cumplimiento parcial, tard\u00edo o defectuoso.<\/p><p>En este caso, tenemos una situaci\u00f3n de hecho, una pandemia por el coronavirus COVID- 19 declarada por la Organizaci\u00f3n Mundial de la Salud, que ha originado las medidas extraordinarias dictadas por el Gobierno, incluyendo la cuarentena y la prohibici\u00f3n expresa de circular por la v\u00eda p\u00fablica. Ante estos dos hechos que son extraordinarios, imprevisibles e irresistibles no existe responsabilidad de las partes por el incumplimiento de las obligaciones contractuales. Como consecuencia de lo anterior, las obligaciones de ambas partes quedan suspendidas, es decir, el contratista no est\u00e1 obligado a prestar el servicio, y el contratante no est\u00e1 obligado a pagar la contraprestaci\u00f3n. Esto no impide que las partes del contrato puedan negociar f\u00f3rmulas intermedias en la medida en que el trabajo remoto permita prestar parcialmente los servicios y recibir la parte proporcional de la contraprestaci\u00f3n.<\/p><p>Debe quedar claro que la fuerza mayor no exime al contratante de pagar los servicios ya prestados.<\/p><p>Recomendamos por ello revisar cuidadosamente los contratos que cada empresa o persona natural tenga celebrado para determinar qu\u00e9 impacto ha tenido la fuerza mayor, negociar con su contraparte la porci\u00f3n de los servicios que a\u00fan pudieran ser prestados en formas remota y su contraprestaci\u00f3n, y de existir una cl\u00e1usula de fuerza mayor, cumplir el procedimiento establecido en ella. En este sentido, creemos que la naturaleza del evento de fuerza mayor libera a las partes de la necesidad de notificarlo a la contraparte como requisito para que \u00e9sta pueda ser invocada.<\/p>\t\t\t\t\t\t\t\t<\/div>\n\t\t\t\t<\/div>\n\t\t\t\t<div class=\"elementor-element elementor-element-48ae663 elementor-widget elementor-widget-heading\" data-id=\"48ae663\" data-element_type=\"widget\" data-e-type=\"widget\" data-widget_type=\"heading.default\">\n\t\t\t\t<div class=\"elementor-widget-container\">\n\t\t\t\t\t<h2 class=\"elementor-heading-title elementor-size-default\">Servicios conexos<\/h2>\t\t\t\t<\/div>\n\t\t\t\t<\/div>\n\t\t\t\t<div class=\"elementor-element elementor-element-508a9f0 elementor-widget elementor-widget-text-editor\" data-id=\"508a9f0\" data-element_type=\"widget\" data-e-type=\"widget\" data-widget_type=\"text-editor.default\">\n\t\t\t\t<div class=\"elementor-widget-container\">\n\t\t\t\t\t\t\t\t\t<p>El problema surge en aquellos casos en que el contratante es una empresa que presta actividades esenciales, y solicita al contratista que contin\u00fae ejecutando sus servicios porque son una actividad conexa.<\/p><p>En este caso, consideramos que debe hacerse una interpretaci\u00f3n restrictiva del D.S. No. 044-2020-PCM y sus normas modificatorias y ampliatorias, a efectos de respetar el principio del mismo, que es el aislamiento social salvo casos excepcionales que resulten imprescindibles para la prestaci\u00f3n del servicio esencial para la sociedad. Debe ser el contratante quien determine si determinado servicio conexo es indispensable para que pueda continuar prestando su actividad esencial, a fin de que el contratista no pueda invocar la existencia de fuerza mayor. Por ejemplo, si bien los servicios financieros son esenciales, no ser\u00eda un servicio conexo indispensable el que presta el arquitecto que est\u00e1 remodelando una oficina de la entidad financiera.<\/p><p>En consecuencia, es importante que el contratante env\u00ede al contratista una carta formal (mediante correo electr\u00f3nico dada la actual situaci\u00f3n de emergencia), indicando que deben continuar prestando servicios, porque son servicios conexos indispensables para una actividad esencial, y que dicha carta permita al contratista continuar prestando los servicios bajo responsabilidad del contratante.<\/p>\t\t\t\t\t\t\t\t<\/div>\n\t\t\t\t<\/div>\n\t\t\t\t<div class=\"elementor-element elementor-element-05a5863 elementor-widget elementor-widget-heading\" data-id=\"05a5863\" data-element_type=\"widget\" data-e-type=\"widget\" data-widget_type=\"heading.default\">\n\t\t\t\t<div class=\"elementor-widget-container\">\n\t\t\t\t\t<h2 class=\"elementor-heading-title elementor-size-default\">Excepci\u00f3n a la Fuerza Mayor<\/h2>\t\t\t\t<\/div>\n\t\t\t\t<\/div>\n\t\t\t\t<div class=\"elementor-element elementor-element-3a481ed elementor-widget elementor-widget-text-editor\" data-id=\"3a481ed\" data-element_type=\"widget\" data-e-type=\"widget\" data-widget_type=\"text-editor.default\">\n\t\t\t\t<div class=\"elementor-widget-container\">\n\t\t\t\t\t\t\t\t\t<p>Finalmente, queremos se\u00f1alar que en aquellos contratos firmados en los d\u00edas previos y pr\u00f3ximos a la declaraci\u00f3n del EEN, la existencia de fuerza mayor podr\u00eda ser cuestionada alegando que no se trataba de una situaci\u00f3n imprevisible. Ello deber\u00e1 verse caso por caso, y depender\u00e1 de las caracter\u00edsticas de la negociaci\u00f3n y la buena fe de las part<\/p>\t\t\t\t\t\t\t\t<\/div>\n\t\t\t\t<\/div>\n\t\t\t\t\t<\/div>\n\t\t<\/div>\n\t\t\t\t\t<\/div>\n\t\t<\/section>\n\t\t\t\t<section class=\"elementor-section elementor-top-section elementor-element elementor-element-9e6aeb2 elementor-section-boxed elementor-section-height-default elementor-section-height-default\" data-id=\"9e6aeb2\" data-element_type=\"section\" data-e-type=\"section\">\n\t\t\t\t\t\t<div class=\"elementor-container elementor-column-gap-default\">\n\t\t\t\t\t<div class=\"elementor-column elementor-col-100 elementor-top-column elementor-element elementor-element-8898fea\" data-id=\"8898fea\" data-element_type=\"column\" data-e-type=\"column\">\n\t\t\t<div class=\"elementor-widget-wrap elementor-element-populated\">\n\t\t\t\t\t\t<div class=\"elementor-element elementor-element-7cc624d elementor-widget-divider--view-line elementor-widget elementor-widget-divider\" data-id=\"7cc624d\" data-element_type=\"widget\" data-e-type=\"widget\" data-widget_type=\"divider.default\">\n\t\t\t\t<div class=\"elementor-widget-container\">\n\t\t\t\t\t\t\t<div class=\"elementor-divider\">\n\t\t\t<span class=\"elementor-divider-separator\">\n\t\t\t\t\t\t<\/span>\n\t\t<\/div>\n\t\t\t\t\t\t<\/div>\n\t\t\t\t<\/div>\n\t\t\t\t\t<\/div>\n\t\t<\/div>\n\t\t\t\t\t<\/div>\n\t\t<\/section>\n\t\t\t\t<section class=\"elementor-section elementor-top-section elementor-element elementor-element-a7234aa elementor-section-boxed elementor-section-height-default elementor-section-height-default\" data-id=\"a7234aa\" data-element_type=\"section\" data-e-type=\"section\">\n\t\t\t\t\t\t<div class=\"elementor-container elementor-column-gap-default\">\n\t\t\t\t\t<div class=\"elementor-column elementor-col-100 elementor-top-column elementor-element elementor-element-ea12506\" data-id=\"ea12506\" data-element_type=\"column\" data-e-type=\"column\">\n\t\t\t<div class=\"elementor-widget-wrap elementor-element-populated\">\n\t\t\t\t\t\t<div class=\"elementor-element elementor-element-0a3ed68 elementor-widget elementor-widget-text-editor\" data-id=\"0a3ed68\" data-element_type=\"widget\" data-e-type=\"widget\" data-widget_type=\"text-editor.default\">\n\t\t\t\t<div class=\"elementor-widget-container\">\n\t\t\t\t\t\t\t\t\t<p style=\"box-sizing: inherit; margin-right: 0px; margin-bottom: 1rem; margin-left: 0px; padding: 0px; line-height: 1.6; text-rendering: optimizelegibility; color: #0a0a0a; font-family: Lato, sans-serif;\"><em style=\"box-sizing: inherit; line-height: inherit;\">La informaci\u00f3n contenida en este documento no constituye ni pretende constituir asesor\u00eda o asistencia legal directa o indirecta de ninguna especie, ni establece ning\u00fan tipo de relaci\u00f3n profesional.<\/em><\/p><p style=\"box-sizing: inherit; margin-right: 0px; margin-bottom: 1rem; margin-left: 0px; padding: 0px; line-height: 1.6; text-rendering: optimizelegibility; color: #0a0a0a; font-family: Lato, sans-serif;\"><em style=\"box-sizing: inherit; line-height: inherit;\">Asimismo, tampoco pretende hacer publicidad de los servicios prestados por nuestra firma ni por ninguno de sus abogados. El \u00fanico prop\u00f3sito es dar informaci\u00f3n de car\u00e1cter general respecto de temas que pueden ser de inter\u00e9s para los clientes y amigos de nuestra firma. Este informativo, as\u00ed como otros informes generales y art\u00edculos de inter\u00e9s preparados por los abogados del Estudio podr\u00e1n encontrarse en nuestra p\u00e1gina web:\u00a0<a style=\"box-sizing: inherit; line-height: inherit; color: #1779ba; cursor: pointer;\" href=\"http:\/\/localhost\/wordpress.pe\/\" target=\"_blank\" rel=\"noreferrer noopener\">www.garciasayan.com.pe<\/a><\/em><\/p>\t\t\t\t\t\t\t\t<\/div>\n\t\t\t\t<\/div>\n\t\t\t\t\t<\/div>\n\t\t<\/div>\n\t\t\t\t\t<\/div>\n\t\t<\/section>\n\t\t\t\t<\/div>\n\t\t","protected":false},"excerpt":{"rendered":"<p>Escrito por Mar\u00eda Soledad Gasta\u00f1eta &#8211; Asociada Senior Como todos sabemos desde el 16 de marzo nos encontramos en un Estado de Emergencia Nacional (\u201cEEN\u201d) que obliga a todos los ciudadanos a guardar cuarentena (aislamiento social obligatorio). \u00danicamente pueden ir a trabajar las personas que laboren en actividades relacionadas a los servicios esenciales (abastecimiento de [&hellip;]<\/p>\n","protected":false},"author":5,"featured_media":11057,"comment_status":"closed","ping_status":"open","sticky":false,"template":"","format":"standard","meta":{"nf_dc_page":"","content-type":"","footnotes":""},"categories":[76,83],"class_list":["post-12785","post","type-post","status-publish","format-standard","has-post-thumbnail","hentry","category-corporativo","category-covid-19"],"_links":{"self":[{"href":"https:\/\/gsalegal.pe\/en\/wp-json\/wp\/v2\/posts\/12785","targetHints":{"allow":["GET"]}}],"collection":[{"href":"https:\/\/gsalegal.pe\/en\/wp-json\/wp\/v2\/posts"}],"about":[{"href":"https:\/\/gsalegal.pe\/en\/wp-json\/wp\/v2\/types\/post"}],"author":[{"embeddable":true,"href":"https:\/\/gsalegal.pe\/en\/wp-json\/wp\/v2\/users\/5"}],"replies":[{"embeddable":true,"href":"https:\/\/gsalegal.pe\/en\/wp-json\/wp\/v2\/comments?post=12785"}],"version-history":[{"count":0,"href":"https:\/\/gsalegal.pe\/en\/wp-json\/wp\/v2\/posts\/12785\/revisions"}],"wp:featuredmedia":[{"embeddable":true,"href":"https:\/\/gsalegal.pe\/en\/wp-json\/"}],"wp:attachment":[{"href":"https:\/\/gsalegal.pe\/en\/wp-json\/wp\/v2\/media?parent=12785"}],"wp:term":[{"taxonomy":"category","embeddable":true,"href":"https:\/\/gsalegal.pe\/en\/wp-json\/wp\/v2\/categories?post=12785"}],"curies":[{"name":"wp","href":"https:\/\/api.w.org\/{rel}","templated":true}]}}